{"id":9537,"date":"2025-01-23T06:56:56","date_gmt":"2025-01-23T05:56:56","guid":{"rendered":"https:\/\/schultz.de\/ratgeber\/?p=9537"},"modified":"2025-02-26T07:58:52","modified_gmt":"2025-02-26T06:58:52","slug":"buero-wandgestaltung","status":"publish","type":"post","link":"https:\/\/schultz.de\/ratgeber\/buero-wandgestaltung\/","title":{"rendered":"Wandgestaltung im B\u00fcro: Die wichtigsten Tipps und kreative Inspirationen"},"content":{"rendered":"<p><div class=\"fusion-fullwidth fullwidth-box fusion-builder-row-1 fusion-flex-container has-pattern-background has-mask-background nonhundred-percent-fullwidth non-hundred-percent-height-scrolling\" style=\"--awb-border-sizes-top:0px;--awb-border-sizes-bottom:0px;--awb-border-sizes-left:0px;--awb-border-sizes-right:0px;--awb-border-radius-top-left:0px;--awb-border-radius-top-right:0px;--awb-border-radius-bottom-right:0px;--awb-border-radius-bottom-left:0px;--awb-padding-top:40px;--awb-padding-right:40px;--awb-padding-left:40px;--awb-background-color:var(--awb-color1);--awb-flex-wrap:wrap;\" ><div class=\"fusion-builder-row fusion-row fusion-flex-align-items-flex-start fusion-flex-content-wrap\" style=\"max-width:1248px;margin-left: calc(-4% \/ 2 );margin-right: calc(-4% \/ 2 );\"><div class=\"fusion-layout-column fusion_builder_column fusion-builder-column-0 fusion_builder_column_1_2 1_2 fusion-flex-column\" style=\"--awb-bg-color:rgba(255,255,255,0);--awb-bg-color-hover:rgba(255,255,255,0);--awb-bg-size:cover;--awb-border-color:var(--awb-color5);--awb-border-top:0px;--awb-border-style:solid;--awb-width-large:50%;--awb-margin-top-large:0px;--awb-spacing-right-large:3.84%;--awb-margin-bottom-large:20px;--awb-spacing-left-large:3.84%;--awb-width-medium:100%;--awb-order-medium:0;--awb-spacing-right-medium:1.92%;--awb-spacing-left-medium:1.92%;--awb-width-small:100%;--awb-order-small:0;--awb-spacing-right-small:1.92%;--awb-spacing-left-small:1.92%;\"><div class=\"fusion-column-wrapper fusion-column-has-shadow fusion-flex-justify-content-flex-start fusion-content-layout-column\"><div class=\"fusion-text fusion-text-1\" style=\"--awb-font-size:var(--awb-typography2-font-size);--awb-line-height:var(--awb-typography2-line-height);--awb-letter-spacing:var(--awb-typography2-letter-spacing);--awb-text-transform:none;--awb-text-font-family:var(--awb-typography2-font-family);--awb-text-font-weight:var(--awb-typography2-font-weight);--awb-text-font-style:var(--awb-typography2-font-style);\"><p>Stellen Sie sich vor, Ihr B\u00fcro wird nicht nur als Arbeitsplatz wahrgenommen, sondern als Ort, an dem Ideen sprudeln, die Zusammenarbeit floriert und jeder gerne seine Zeit verbringt. Die Umgebung, in der wir arbeiten, pr\u00e4gt unser Wohlbefinden und unsere Leistungsf\u00e4higkeit. Neben durchdachten, funktionalen M\u00f6beln spielt dabei die Wandgestaltung eine oft untersch\u00e4tzte, aber entscheidende Rolle.<\/p>\n<\/div><\/div><\/div><div class=\"fusion-layout-column fusion_builder_column fusion-builder-column-1 fusion_builder_column_1_2 1_2 fusion-flex-column\" style=\"--awb-padding-top:20px;--awb-padding-right:20px;--awb-padding-bottom:20px;--awb-padding-left:20px;--awb-bg-color:var(--awb-color3);--awb-bg-color-hover:var(--awb-color3);--awb-bg-size:cover;--awb-border-color:var(--awb-color5);--awb-border-top:0px;--awb-border-style:solid;--awb-width-large:50%;--awb-margin-top-large:0px;--awb-spacing-right-large:3.84%;--awb-margin-bottom-large:20px;--awb-spacing-left-large:3.84%;--awb-width-medium:100%;--awb-order-medium:0;--awb-spacing-right-medium:1.92%;--awb-spacing-left-medium:1.92%;--awb-width-small:100%;--awb-order-small:0;--awb-spacing-right-small:1.92%;--awb-spacing-left-small:1.92%;\" data-scroll-devices=\"small-visibility,medium-visibility,large-visibility\"><div class=\"fusion-column-wrapper fusion-column-has-shadow fusion-flex-justify-content-flex-start fusion-content-layout-column\"><div class=\"fusion-text fusion-text-2 fusion-text-no-margin\" style=\"--awb-font-size:20px;--awb-text-transform:uppercase;--awb-text-color:var(--awb-color7);--awb-margin-bottom:10px;\"><p><strong>Inhaltsverzeichnis<\/strong><\/p>\n<\/div><div class=\"awb-toc-el awb-toc-el--1\" data-awb-toc-id=\"1\" data-awb-toc-options=\"{&quot;allowed_heading_tags&quot;:{&quot;h2&quot;:0},&quot;ignore_headings&quot;:&quot;.related-posts h2,#reply-title, ul h4&quot;,&quot;ignore_headings_words&quot;:&quot;Produktdesign|10 Euro Gutschein sichern&quot;,&quot;enable_cache&quot;:&quot;yes&quot;,&quot;highlight_current_heading&quot;:&quot;no&quot;,&quot;hide_hidden_titles&quot;:&quot;yes&quot;,&quot;limit_container&quot;:&quot;all&quot;,&quot;select_custom_headings&quot;:&quot;&quot;,&quot;icon&quot;:&quot;fa-flag fas&quot;,&quot;counter_type&quot;:&quot;decimal&quot;}\" style=\"--awb-item-color:var(--awb-color6);--awb-list-indent:1em;--awb-counter-type:counters(awb-toc, &quot;.&quot;, decimal) &quot;. &quot;;--awb-item-overflow:hidden;--awb-item-white-space:nowrap;--awb-item-text-overflow:ellipsis;\"><div class=\"awb-toc-el__content\"><ul class=\"awb-toc-el__list awb-toc-el__list--0\"><li class=\"awb-toc-el__list-item\"><a class=\"awb-toc-el__item-anchor\" href=\"#toc_Warum_ist_die_Wandgestaltung_im_Buro_so_wichtig\">Warum ist die Wandgestaltung im B\u00fcro so wichtig?<\/a><\/li><li class=\"awb-toc-el__list-item\"><a class=\"awb-toc-el__item-anchor\" href=\"#toc_Farbpsychologie_im_Buro_Uber_die_Wirkung_von_Farben\">Farbpsychologie im B\u00fcro: \u00dcber die Wirkung von Farben<\/a><\/li><li class=\"awb-toc-el__list-item\"><a class=\"awb-toc-el__item-anchor\" href=\"#toc_Feng_Shui_im_Buro_Welche_Farben_fordern_Harmonie\">Feng Shui im B\u00fcro: Welche Farben f\u00f6rdern Harmonie und Energiefluss?<\/a><\/li><li class=\"awb-toc-el__list-item\"><a class=\"awb-toc-el__item-anchor\" href=\"#toc_Praktische_Tipps_zur_Auswahl_der_besten_Wandfarben_fur\">Praktische Tipps zur Auswahl der besten Wandfarben f\u00fcr verschiedene B\u00fcrotypen<\/a><\/li><li class=\"awb-toc-el__list-item\"><a class=\"awb-toc-el__item-anchor\" href=\"#toc_Diese_Moglichkeiten_der_Wanddekoration_gibt_es\">Diese M\u00f6glichkeiten der Wanddekoration gibt es<\/a><\/li><li class=\"awb-toc-el__list-item\"><a class=\"awb-toc-el__item-anchor\" href=\"#toc_Fazit_So_setzen_Sie_Farben_gezielt_fur_die\">Fazit: So setzen Sie Farben gezielt f\u00fcr die Wandgestaltung im B\u00fcro ein<\/a><\/li><li class=\"awb-toc-el__list-item\"><a class=\"awb-toc-el__item-anchor\" href=\"#toc_FAQ_Ihre_haufigen_Fragen_zur_Wandgestaltung_im_Buro\">FAQ: Ihre h\u00e4ufigen Fragen zur Wandgestaltung im B\u00fcro<\/a><\/li><li class=\"awb-toc-el__list-item\"><a class=\"awb-toc-el__item-anchor\" href=\"#toc_Quellen\">Quellen<\/a><\/li><\/ul><\/div><\/div><\/div><\/div>\n<div class=\"fusion-layout-column fusion_builder_column fusion-builder-column-2 fusion_builder_column_1_4 1_4 fusion-flex-column fusion-flex-align-self-stretch meta-box fusion-animated\" style=\"--awb-bg-blend:overlay;--awb-bg-size:cover;--awb-box-shadow:5px 0px 8px 0px hsla(var(--awb-color8-h),var(--awb-color8-s),calc( var(--awb-color8-l) - 9% ),calc( var(--awb-color8-a) - 95% ));;--awb-border-color:var(--awb-color5);--awb-border-top:2px;--awb-border-style:solid;--awb-width-large:25%;--awb-margin-top-large:25px;--awb-spacing-right-large:5.76%;--awb-margin-bottom-large:20px;--awb-spacing-left-large:7.68%;--awb-width-medium:50%;--awb-order-medium:0;--awb-spacing-right-medium:2.88%;--awb-spacing-left-medium:3.84%;--awb-width-small:100%;--awb-order-small:0;--awb-spacing-right-small:1.92%;--awb-spacing-left-small:1.92%;\" data-animationType=\"fadeInUp\" data-animationDuration=\"1.0\" data-animationOffset=\"top-into-view\"><div class=\"fusion-column-wrapper fusion-column-has-shadow fusion-flex-justify-content-flex-start fusion-content-layout-column\"><div class=\"fusion-text fusion-text-3 fusion-text-no-margin\" style=\"--awb-content-alignment:center;--awb-font-size:20px;--awb-text-transform:uppercase;--awb-text-color:var(--awb-color7);--awb-margin-top:20px;\"><p><strong>Autor<\/strong><\/p>\n<\/div><div class=\"fusion-text fusion-text-4\" style=\"--awb-content-alignment:center;--awb-margin-top:5px;\"><p>Nicolas Schultz<\/p>\n<\/div><\/div><\/div>\n<div class=\"fusion-layout-column fusion_builder_column fusion-builder-column-3 fusion_builder_column_1_4 1_4 fusion-flex-column fusion-flex-align-self-stretch meta-box fusion-animated\" style=\"--awb-bg-blend:overlay;--awb-bg-size:cover;--awb-box-shadow:5px 0px 8px 0px hsla(var(--awb-color8-h),var(--awb-color8-s),calc( var(--awb-color8-l) - 9% ),calc( var(--awb-color8-a) - 95% ));;--awb-border-color:var(--awb-color5);--awb-border-top:2px;--awb-border-style:solid;--awb-width-large:25%;--awb-margin-top-large:25px;--awb-spacing-right-large:5.76%;--awb-margin-bottom-large:20px;--awb-spacing-left-large:5.76%;--awb-width-medium:50%;--awb-order-medium:0;--awb-spacing-right-medium:2.88%;--awb-spacing-left-medium:2.88%;--awb-width-small:100%;--awb-order-small:0;--awb-margin-top-small:0;--awb-spacing-right-small:1.92%;--awb-spacing-left-small:1.92%;\" data-animationType=\"fadeInUp\" data-animationDuration=\"1.5\" data-animationOffset=\"top-into-view\"><div class=\"fusion-column-wrapper fusion-column-has-shadow fusion-flex-justify-content-flex-start fusion-content-layout-column\"><div class=\"fusion-text fusion-text-5 fusion-text-no-margin\" style=\"--awb-content-alignment:center;--awb-font-size:20px;--awb-text-transform:uppercase;--awb-text-color:var(--awb-color7);--awb-margin-top:20px;\"><p><strong>Kategorie<\/strong><\/p>\n<\/div><div class=\"fusion-text fusion-text-6\" style=\"--awb-content-alignment:center;--awb-margin-top:5px;\"><\/div><\/div><\/div>\n<div class=\"fusion-layout-column fusion_builder_column fusion-builder-column-4 fusion_builder_column_1_4 1_4 fusion-flex-column fusion-flex-align-self-stretch meta-box fusion-animated\" style=\"--awb-bg-blend:overlay;--awb-bg-size:cover;--awb-box-shadow:5px 0px 8px 0px hsla(var(--awb-color8-h),var(--awb-color8-s),calc( var(--awb-color8-l) - 9% ),calc( var(--awb-color8-a) - 95% ));;--awb-border-color:var(--awb-color5);--awb-border-top:2px;--awb-border-style:solid;--awb-width-large:25%;--awb-margin-top-large:25px;--awb-spacing-right-large:5.76%;--awb-margin-bottom-large:20px;--awb-spacing-left-large:5.76%;--awb-width-medium:50%;--awb-order-medium:0;--awb-spacing-right-medium:2.88%;--awb-spacing-left-medium:2.88%;--awb-width-small:100%;--awb-order-small:0;--awb-margin-top-small:0;--awb-spacing-right-small:1.92%;--awb-spacing-left-small:1.92%;\" data-animationType=\"fadeInUp\" data-animationDuration=\"2.0\" data-animationOffset=\"top-into-view\"><div class=\"fusion-column-wrapper fusion-column-has-shadow fusion-flex-justify-content-flex-start fusion-content-layout-column\"><div class=\"fusion-text fusion-text-7 fusion-text-no-margin\" style=\"--awb-content-alignment:center;--awb-font-size:20px;--awb-text-transform:uppercase;--awb-text-color:var(--awb-color7);--awb-margin-top:20px;\"><p><strong>Aktualisiert<\/strong><\/p>\n<\/div><div class=\"fusion-text fusion-text-8\" style=\"--awb-content-alignment:center;--awb-margin-top:5px;\"><p>26. Februar 2025<\/p>\n<\/div><\/div><\/div>\n<div class=\"fusion-layout-column fusion_builder_column fusion-builder-column-5 fusion_builder_column_1_4 1_4 fusion-flex-column fusion-flex-align-self-stretch meta-box fusion-animated\" style=\"--awb-padding-bottom:15px;--awb-bg-blend:overlay;--awb-bg-size:cover;--awb-box-shadow:5px 0px 8px 0px hsla(var(--awb-color8-h),var(--awb-color8-s),calc( var(--awb-color8-l) - 9% ),calc( var(--awb-color8-a) - 95% ));;--awb-border-color:var(--awb-color5);--awb-border-top:2px;--awb-border-style:solid;--awb-width-large:25%;--awb-margin-top-large:25px;--awb-spacing-right-large:7.68%;--awb-margin-bottom-large:20px;--awb-spacing-left-large:5.76%;--awb-width-medium:50%;--awb-order-medium:0;--awb-spacing-right-medium:3.84%;--awb-spacing-left-medium:2.88%;--awb-width-small:100%;--awb-order-small:0;--awb-margin-top-small:0;--awb-spacing-right-small:1.92%;--awb-spacing-left-small:1.92%;\" data-animationType=\"fadeInUp\" data-animationDuration=\"2.5\" data-animationOffset=\"top-into-view\"><div class=\"fusion-column-wrapper fusion-column-has-shadow fusion-flex-justify-content-flex-start fusion-content-layout-column\"><div class=\"fusion-text fusion-text-9 fusion-text-no-margin\" style=\"--awb-content-alignment:center;--awb-font-size:20px;--awb-text-transform:uppercase;--awb-text-color:var(--awb-color7);--awb-margin-top:20px;\"><p><strong>Teilen<br \/>\n<\/strong><\/p>\n<\/div><div class=\"fusion-sharing-box fusion-sharing-box-1 hh-social-sharing\" style=\"background-color:var(--awb-color1);border-color:#cccccc;--awb-margin-top:0px;--awb-margin-right:0px;--awb-margin-bottom:0px;--awb-margin-left:0px;--awb-separator-border-color:#cccccc;--awb-separator-border-sizes:0px;--awb-alignment:center;--awb-layout:row;--awb-alignment-small:space-between;--awb-stacked-align-small:center;\" data-title=\"Wandgestaltung im B\u00fcro: Die wichtigsten Tipps und kreative Inspirationen\" data-description=\"Stellen Sie sich vor, Ihr B\u00fcro wird nicht nur als Arbeitsplatz wahrgenommen, sondern als Ort, an dem Ideen sprudeln, die Zusammenarbeit floriert und jeder gerne seine Zeit verbringt. Die Umgebung, in der wir arbeiten, pr\u00e4gt unser Wohlbefinden und unsere Leistungsf\u00e4higkeit. Neben durchdachten, funktionalen M\u00f6beln spielt dabei die Wandgestaltung eine oft untersch\u00e4tzte, aber entscheidende Rolle.\" data-link=\"https:\/\/schultz.de\/ratgeber\/buero-wandgestaltung\/\"><div class=\"fusion-social-networks sharingbox-shortcode-icon-wrapper sharingbox-shortcode-icon-wrapper-1\"><span><a href=\"https:\/\/www.facebook.com\/sharer.php?u=https%3A%2F%2Fschultz.de%2Fratgeber%2Fbuero-wandgestaltung%2F&amp;t=Wandgestaltung%20im%20B%C3%BCro%3A%20Die%20wichtigsten%20Tipps%20und%20kreative%20Inspirationen\" target=\"_blank\" rel=\"noreferrer\" title=\"Facebook\" aria-label=\"Facebook\" data-placement=\"bottom\" data-toggle=\"tooltip\" data-title=\"Facebook\"><i class=\"fusion-social-network-icon fusion-tooltip fusion-facebook awb-icon-facebook\" style=\"color:var(--awb-color6);\" aria-hidden=\"true\"><\/i><\/a><\/span><span><a href=\"https:\/\/x.com\/intent\/post?text=Wandgestaltung%20im%20B%C3%BCro%3A%20Die%20wichtigsten%20Tipps%20und%20kreative%20Inspirationen&amp;url=https%3A%2F%2Fschultz.de%2Fratgeber%2Fbuero-wandgestaltung%2F\" target=\"_blank\" rel=\"noopener noreferrer\" title=\"X\" aria-label=\"X\" data-placement=\"bottom\" data-toggle=\"tooltip\" data-title=\"X\"><i class=\"fusion-social-network-icon fusion-tooltip fusion-twitter awb-icon-twitter\" style=\"color:var(--awb-color6);\" aria-hidden=\"true\"><\/i><\/a><\/span><span><a href=\"https:\/\/www.linkedin.com\/shareArticle?mini=true&amp;url=https%3A%2F%2Fschultz.de%2Fratgeber%2Fbuero-wandgestaltung%2F&amp;title=Wandgestaltung%20im%20B%C3%BCro%3A%20Die%20wichtigsten%20Tipps%20und%20kreative%20Inspirationen&amp;summary=Stellen%20Sie%20sich%20vor%2C%20Ihr%20B%C3%BCro%20wird%20nicht%20nur%20als%20Arbeitsplatz%20wahrgenommen%2C%20sondern%20als%20Ort%2C%20an%20dem%20Ideen%20sprudeln%2C%20die%20Zusammenarbeit%20floriert%20und%20jeder%20gerne%20seine%20Zeit%20verbringt.%20Die%20Umgebung%2C%20in%20der%20wir%20arbeiten%2C%20pr%C3%A4gt%20unser%20Wohlbefinden%20und%20unsere%20Leistungsf%C3%A4higkeit.%20Neben%20durchdachten%2C%20funktionalen%20M%C3%B6beln%20spielt%20dabei%20die%20Wandgestaltung%20eine%20oft%20untersch%C3%A4tzte%2C%20aber%20entscheidende%20Rolle.\" target=\"_blank\" rel=\"noopener noreferrer\" title=\"LinkedIn\" aria-label=\"LinkedIn\" data-placement=\"bottom\" data-toggle=\"tooltip\" data-title=\"LinkedIn\"><i class=\"fusion-social-network-icon fusion-tooltip fusion-linkedin awb-icon-linkedin\" style=\"color:var(--awb-color6);\" aria-hidden=\"true\"><\/i><\/a><\/span><span><a href=\"https:\/\/www.xing.com\/social_plugins\/share\/new?sc_p=xing-share&amp;h=1&amp;url=https%3A%2F%2Fschultz.de%2Fratgeber%2Fbuero-wandgestaltung%2F\" target=\"_blank\" rel=\"noopener noreferrer\" title=\"Xing\" aria-label=\"Xing\" data-placement=\"bottom\" data-toggle=\"tooltip\" data-title=\"Xing\"><i class=\"fusion-social-network-icon fusion-tooltip fusion-xing awb-icon-xing\" style=\"color:var(--awb-color6);\" aria-hidden=\"true\"><\/i><\/a><\/span><\/div><\/div><\/div><\/div>\n<\/div><\/div><div class=\"fusion-fullwidth fullwidth-box fusion-builder-row-2 fusion-flex-container has-pattern-background has-mask-background nonhundred-percent-fullwidth non-hundred-percent-height-scrolling\" style=\"--awb-border-radius-top-left:0px;--awb-border-radius-top-right:0px;--awb-border-radius-bottom-right:0px;--awb-border-radius-bottom-left:0px;--awb-padding-top:40px;--awb-padding-bottom:40px;--awb-background-color:var(--awb-color1);--awb-flex-wrap:wrap;\" ><div class=\"fusion-builder-row fusion-row fusion-flex-align-items-flex-start fusion-flex-justify-content-center fusion-flex-content-wrap\" style=\"max-width:1248px;margin-left: calc(-4% \/ 2 );margin-right: calc(-4% \/ 2 );\"><div class=\"fusion-layout-column fusion_builder_column fusion-builder-column-6 fusion_builder_column_2_3 2_3 fusion-flex-column\" style=\"--awb-bg-blend:overlay;--awb-bg-size:cover;--awb-width-large:66.666666666667%;--awb-margin-top-large:0px;--awb-spacing-right-large:2.88%;--awb-margin-bottom-large:25px;--awb-spacing-left-large:2.88%;--awb-width-medium:100%;--awb-spacing-right-medium:1.92%;--awb-spacing-left-medium:1.92%;--awb-width-small:100%;--awb-spacing-right-small:1.92%;--awb-spacing-left-small:1.92%;\"><div class=\"fusion-column-wrapper fusion-column-has-shadow fusion-flex-justify-content-flex-start fusion-content-layout-column\"><div class=\"fusion-text fusion-text-10\"><p><span class=\"fusion-dropcap dropcap\">I<\/span><span style=\"font-weight: 400;\">n diesem Beitrag zeigen wir Ihnen, wie Sie Ihre B\u00fcrow\u00e4nde zu einem echten Produktivit\u00e4ts-Booster machen. Entdecken Sie kreative Ideen und Ans\u00e4tze, die Ihre R\u00e4ume verwandeln und Ihr Team nachhaltig inspirieren. <\/span><\/p>\n<\/div><div class=\"fusion-separator fusion-full-width-sep\" style=\"align-self: center;margin-left: auto;margin-right: auto;margin-top:20px;width:100%;\"><\/div><div class=\"fusion-title title fusion-title-1 fusion-sep-none fusion-title-text fusion-title-size-two\"><h2 class=\"fusion-title-heading title-heading-left fusion-responsive-typography-calculated\" style=\"margin:0;--fontSize:53;line-height:1.1;\">Warum ist die Wandgestaltung im B\u00fcro so wichtig?<\/h2><\/div><div class=\"fusion-text fusion-text-11\"><p>Die Gestaltung der Arbeitsumgebung hat einen erheblichen Einfluss auf das Wohlbefinden und die <strong>Produktivit\u00e4t der Mitarbeitenden<\/strong>. Eine <a href=\"https:\/\/publica-rest.fraunhofer.de\/server\/api\/core\/bitstreams\/c75dfe9e-ae31-4cdf-8524-d0c73bd7cc22\/content\" target=\"_blank\" rel=\"noopener\">Studie des Fraunhofer-Instituts f\u00fcr Arbeitswirtschaft und Organisation (IAO)<\/a> zeigt, dass vielf\u00e4ltige Raumoptionen, wie sie in sogenannten &#8222;Multispace&#8220;-B\u00fcros vorhanden sind, positive Effekte auf die Zusammenarbeit und die Zufriedenheit der Mitarbeitenden haben.<\/p>\n<p><strong>Farben und Wandgestaltungen<\/strong> spielen dabei eine zentrale Rolle. Bestimmte <strong>Farbt\u00f6ne <\/strong>k\u00f6nnen die <strong>Kreativit\u00e4t f\u00f6rdern<\/strong>, w\u00e4hrend andere beruhigend wirken und die <strong>Konzentration steigern<\/strong>. Eine durchdachte Wandgestaltung tr\u00e4gt somit nicht nur zur \u00e4sthetischen Aufwertung des B\u00fcros bei, sondern unterst\u00fctzt auch aktiv die Arbeitsprozesse<\/p>\n<\/div><\/div><\/div><div class=\"fusion-layout-column fusion_builder_column fusion-builder-column-7 fusion_builder_column_2_3 2_3 fusion-flex-column\" style=\"--awb-bg-blend:overlay;--awb-bg-size:cover;--awb-width-large:66.666666666667%;--awb-margin-top-large:0px;--awb-spacing-right-large:2.88%;--awb-margin-bottom-large:20px;--awb-spacing-left-large:2.88%;--awb-width-medium:100%;--awb-order-medium:0;--awb-spacing-right-medium:1.92%;--awb-spacing-left-medium:1.92%;--awb-width-small:100%;--awb-order-small:0;--awb-spacing-right-small:1.92%;--awb-spacing-left-small:1.92%;\"><div class=\"fusion-column-wrapper fusion-column-has-shadow fusion-flex-justify-content-flex-start fusion-content-layout-column\"><div class=\"fusion-title title fusion-title-2 fusion-sep-none fusion-title-text fusion-title-size-two\"><h2 class=\"fusion-title-heading title-heading-left fusion-responsive-typography-calculated\" style=\"margin:0;--fontSize:53;line-height:1.1;\">Farbpsychologie im B\u00fcro: \u00dcber die Wirkung von Farben<\/h2><\/div><div class=\"fusion-text fusion-text-12\"><p>Die <strong>Farben in Ihrer Arbeitsumgebung <\/strong>beeinflussen weit mehr als nur die Optik. Sie haben eine direkte Wirkung auf die Stimmung, das Verhalten und die Leistungsf\u00e4higkeit von Mitarbeitenden. Die Psychologie der Farben zeigt, wie stark unsere Wahrnehmung durch visuelle Reize gepr\u00e4gt wird.<\/p>\n<h3>Farben sind tief in unserem instinktiven Verhalten verankert<\/h3>\n<p>Forscher gehen davon aus, dass wir bereits in unserer fr\u00fchen Kindheit ein grundlegendes Verst\u00e4ndnis f\u00fcr Farben und deren Bedeutung entwickeln. Im Laufe des Lebens wird dieses Wissen unbewusst erweitert und perfektioniert. <strong>Farben senden Signale<\/strong>, die unsere Entscheidungen beeinflussen. Sie warnen vor Gefahren, ziehen unsere Aufmerksamkeit auf Wichtiges oder beruhigen in stressigen Situationen. Diese Reaktionen sind tief in unseren Instinkten verankert. Zum Beispiel signalisiert Rot h\u00e4ufig Alarm oder Gefahr, w\u00e4hrend Gr\u00fcn f\u00fcr Sicherheit und Ruhe steht. Solche Farbcodes helfen uns, schnell auf unsere Umwelt zu reagieren und Risiken besser einzusch\u00e4tzen. Dadurch werden Farben zu einer wichtigen Orientierungshilfe in unserem Alltag.<\/p>\n<h3>Der Einfluss der Farben auf unser seelisches Wohlbefinden<\/h3>\n<p><strong>Farben und Lichtgestaltung<\/strong> haben nachweislich einen gro\u00dfen Einfluss auf das seelische Wohlbefinden und die Wahrnehmung der Umgebung. Die <a href=\"https:\/\/www.researchgate.net\/publication\/339900001_Studie_Farbe_und_Gesundheit_Beurteilung_der_psychologischen_und_medizinischen_Wirkungen_der_Umweltfaktoren_Farbe_und_Licht_auf_Patienten_und_Personal_im_Bereich_der_Intensivmedizin\" target=\"_blank\" rel=\"noopener\">Studie \u201cFarbe und Gesundheit&#8220; <\/a>untersuchte die Auswirkungen von Farb- und Lichtgestaltung auf Patienten und Personal in der Intensivmedizin. Die Ergebnisse zeigen signifikante Verbesserungen des Wohlbefindens und der Zufriedenheit <strong>durch gezielte Farb- und Lichtanpassungen<\/strong>. \u00dcbertragen auf die Wandgestaltung im B\u00fcro bedeutet dies: Farben k\u00f6nnen bewusst eingesetzt dazu werden, um eine angenehme, motivierende Arbeitsumgebung zu schaffen.<\/p>\n<h3>Die Wirkung ausgew\u00e4hlter Farben auf einen Blick<\/h3>\n<p>Jede <strong>Farbe <\/strong>hat dabei ihre eigene <strong>psychologische Wirkung<\/strong> und kann gezielt eingesetzt werden, um bestimmte Stimmungen zu erzeugen oder Funktionen zu unterst\u00fctzen. Im Folgenden betrachten wir die Wirkung einzelner Farben n\u00e4her und zeigen, wie Sie diese gezielt in verschiedenen Arbeitsbereichen einsetzen k\u00f6nnen.<\/p>\n<h4>Blau: Vertrauen und Konzentration f\u00f6rdern<\/h4>\n<p><strong>Blau ist die Farbe des Vertrauens<\/strong> und der Ruhe. Sie <strong>f\u00f6rdert klares Denken<\/strong> und <strong>steigert die Konzentration<\/strong>, was sie ideal f\u00fcr Arbeitsbereiche macht, in denen analytische F\u00e4higkeiten gefragt sind. Studien zeigen, dass <strong>Blau eine entspannende Wirkung<\/strong> hat und gleichzeitig produktivit\u00e4tsf\u00f6rdernd ist. F\u00fcr Besprechungsr\u00e4ume oder ruhige Arbeitszonen ist ein heller Blauton eine ausgezeichnete Wahl.<br \/>\nEin weiteres Plus: Blau wird oft mit Professionalit\u00e4t assoziiert, was es auch f\u00fcr Empfangsbereiche oder Kundenkontaktzonen geeignet macht.<\/p>\n<h4>Gr\u00fcn: Balance und Erholung<\/h4>\n<p>Gr\u00fcn steht f\u00fcr <strong>Nat\u00fcrlichkeit und Ausgeglichenheit<\/strong>. Es hat eine beruhigende Wirkung und hilft, Stress zu reduzieren \u2013 eine Eigenschaft, die vor allem in Pausenr\u00e4umen oder Ruhezonen gesch\u00e4tzt wird. Zus\u00e4tzlich ist Gr\u00fcn weniger belastend f\u00fcr die Augen, was es besonders in Bereichen mit hoher Bildschirmnutzung ideal macht.<br \/>\nEin intensives Gr\u00fcn, kombiniert mit nat\u00fcrlichen Elementen wie Pflanzen oder Holz, kann eine einladende und erholsame Umgebung schaffen.<\/p>\n<h4>Gelb: Energie und Kreativit\u00e4t steigern<\/h4>\n<p>Gelb ist die Farbe der Inspiration und steht f\u00fcr <strong>Optimismus<\/strong>. Sie kann die <strong>Kreativit\u00e4t f\u00f6rdern <\/strong>und eignet sich besonders gut f\u00fcr R\u00e4ume, in denen Brainstorming oder kreative Prozesse stattfinden. Studien haben gezeigt, dass Gelb den Energielevel erh\u00f6ht und die Aufmerksamkeit st\u00e4rkt.<br \/>\nZu beachten ist jedoch, dass ein intensives Gelb in gro\u00dfen Mengen \u00fcberw\u00e4ltigend wirken kann. Hier bieten sanfte Gelbt\u00f6ne eine angenehme Alternative, die Energie verleiht, ohne zu aufdringlich zu wirken. Akzentuierungen durch Dekorationen oder M\u00f6bel k\u00f6nnen Gelb perfekt in Szene setzen.<\/p>\n<h4>Rot: Energie und Dynamik verst\u00e4rken<\/h4>\n<p>Rot ist eine kr\u00e4ftige und leidenschaftliche Farbe, die <strong>Energie und Tatendrang<\/strong> steigert. Sie ist ideal f\u00fcr Bereiche, in denen <strong>schnelle Entscheidungen <\/strong>und <strong>hohe Aktivit\u00e4t <\/strong>gefragt sind, wie in Meetingr\u00e4umen oder dynamischen Teamarbeitsbereichen. Rot sollte jedoch sparsam verwendet werden, da es auch Unruhe ausl\u00f6sen kann, wenn es zu dominant eingesetzt wird.<\/p>\n<h4>Violett: Kreativit\u00e4t und Sinnlichkeit inspirieren<\/h4>\n<p>Violett vereint die <strong>Ruhe von Blau <\/strong>mit der <strong>Energie von Rot <\/strong>und wirkt gleichzeitig inspirierend und beruhigend. Diese Farbe eignet sich gut f\u00fcr Bereiche, in denen innovative Ideen gefragt sind, oder f\u00fcr R\u00fcckzugsorte, die Sinnlichkeit und Tiefe vermitteln. Pastellt\u00f6ne wirken dezent und f\u00f6rdern ein Gef\u00fchl von Gelassenheit, w\u00e4hrend kr\u00e4ftige Violettnuancen eine kreative Spannung erzeugen k\u00f6nnen.<\/p>\n<h4>Wei\u00df: Klarheit und Ordnung schaffen<\/h4>\n<p><strong>Wei\u00df <\/strong>symbolisiert <strong>Reinheit und Klarheit<\/strong>. Es schafft eine offene und strukturierte Atmosph\u00e4re und eignet sich hervorragend als <strong>Basisfarbe f\u00fcr B\u00fcros<\/strong>. In Kombination mit Akzentfarben kann Wei\u00df die Wirkung dieser Farben verst\u00e4rken, w\u00e4hrend es selbst eine ruhige und harmonische Grundlage bildet.<\/p>\n<\/div><div class=\"fusion-title title fusion-title-3 fusion-sep-none fusion-title-text fusion-title-size-two\"><h2 class=\"fusion-title-heading title-heading-left fusion-responsive-typography-calculated\" style=\"margin:0;--fontSize:53;line-height:1.1;\">Feng Shui im B\u00fcro: Welche Farben f\u00f6rdern Harmonie und Energiefluss?<\/h2><\/div><div class=\"fusion-text fusion-text-13\"><p>Die <a href=\"https:\/\/schultz.de\/ratgeber\/buero-einrichten\/\">B\u00fcroeinrichtung<\/a> nach Feng Shui gewinnt zunehmend an Bedeutung \u2013 sowohl in privaten Wohnr\u00e4umen als auch in B\u00fcros. Feng Shui ist eine<strong> traditionelle chinesische Lehre<\/strong>, mit deren Erkenntnissen R\u00e4ume so gestaltet werden k\u00f6nnen, dass sie im Einklang mit den nat\u00fcrlichen Energiefl\u00fcssen stehen. Dabei spielen nicht nur <strong>M\u00f6belanordnung <\/strong>und <strong>Dekoration <\/strong>eine Rolle, sondern auch die Farben, die entscheidend zur Harmonie und Funktionalit\u00e4t eines Raumes beitragen.<\/p>\n<h3>Die Grundlagen der Farbenlehre im Feng Shui<\/h3>\n<p><strong>Farben <\/strong>im Feng Shui sind ein <strong>Werkzeug<\/strong>, um <strong>blockierte Energiefl\u00fcsse in Bewegung zu setzen<\/strong> oder die Energie in einem Raum gezielt zu st\u00e4rken. Sie helfen, die Balance zwischen den Elementen herzustellen und den Raum auf seine Funktion abzustimmen. Im B\u00fcro k\u00f6nnen Farben so gew\u00e4hlt werden, dass sie die Kreativit\u00e4t f\u00f6rdern, die Konzentration unterst\u00fctzen oder eine beruhigende Wirkung entfalten \u2013 je nach den jeweiligen Anforderungen des Arbeitsplatzes.<\/p>\n<h3>Farben der f\u00fcnf Elemente im Feng Shui<\/h3>\n<p>Im Feng Shui sind die f\u00fcnf Elemente \u2013 Holz, Feuer, Erde, Metall und Wasser \u2013 eng mit bestimmten Farben verbunden. Diese Farben wirken auf die Energie im Raum ein und k\u00f6nnen je nach Einsatz Harmonie, Dynamik oder Ruhe f\u00f6rdern. Jede Farbe bringt eine eigene Qualit\u00e4t mit, die gezielt genutzt werden kann, um R\u00e4ume funktional und zugleich ausgewogen zu gestalten.<\/p>\n<h4>Holz: Wachstum und Kreativit\u00e4t f\u00f6rdern<\/h4>\n<p>Farben wie Gr\u00fcn und Braun stehen f\u00fcr das Element Holz und symbolisieren Wachstum, Vitalit\u00e4t und Kreativit\u00e4t. Sie bringen frische Energie in den Raum und eignen sich besonders f\u00fcr Projektb\u00fcros oder Bereiche, in denen innovative Ideen gefragt sind.<\/p>\n<h4>Feuer: Energie und Dynamik verst\u00e4rken<\/h4>\n<p>Rot, Orange und intensive Gelbt\u00f6ne repr\u00e4sentieren das Element Feuer und aktivieren die Energie im Raum. Diese Farben f\u00f6rdern Leidenschaft und Dynamik und sind ideal f\u00fcr Teamarbeitsbereiche, in denen Aktivit\u00e4t und Entscheidungsfreude gefragt sind.<\/p>\n<h4>Erde: Stabilit\u00e4t und Ausgeglichenheit schaffen<\/h4>\n<p>Beige, Sandt\u00f6ne und warme Gelbt\u00f6ne stehen f\u00fcr das Element Erde und f\u00f6rdern Ruhe, Best\u00e4ndigkeit und Sicherheit. Sie sind besonders geeignet f\u00fcr B\u00fcror\u00e4ume, in denen fokussiertes Arbeiten und langfristige Planungen im Mittelpunkt stehen.<\/p>\n<h4>Metall: Struktur und Klarheit f\u00f6rdern<\/h4>\n<p>Farben wie Wei\u00df, Grau oder Silber stehen f\u00fcr das Element Metall und bringen Pr\u00e4zision und Effizienz in den Raum. Sie unterst\u00fctzen eine klare, strukturierte Arbeitsweise und eignen sich hervorragend f\u00fcr Planungs- und Verwaltungsbereiche.<\/p>\n<h4>Wasser: Ruhe und Reflexion erm\u00f6glichen<\/h4>\n<p>Farben wie Blau und Schwarz repr\u00e4sentieren das Element Wasser und f\u00f6rdern Ruhe, Tiefe und Reflexion. Sie eignen sich f\u00fcr Besprechungsr\u00e4ume oder R\u00fcckzugsorte, in denen Nachdenken und Konzentration gefragt sind.<\/p>\n<h3>Farben im Einklang mit Himmelsrichtungen<\/h3>\n<p>Im Feng Shui wird die Raumgestaltung auch an den Himmelsrichtungen ausgerichtet, um die Energiefl\u00fcsse weiter zu optimieren:<\/p>\n<ul>\n<li><strong>Norden:<\/strong> Blau und Schwarz f\u00fcr Erfolg und Karriere.<\/li>\n<li><strong>Osten:<\/strong> Gr\u00fcn und Braun f\u00fcr Gesundheit und Wachstum.<\/li>\n<li><strong>S\u00fcden:<\/strong> Rott\u00f6ne f\u00fcr Energie und Leidenschaft.<\/li>\n<li><strong>Westen:<\/strong> Wei\u00df, Grau und metallische T\u00f6ne f\u00fcr Struktur und Kreativit\u00e4t.<\/li>\n<\/ul>\n<p>Die Prinzipien des Feng Shui zeigen, wie Farben gezielt eingesetzt werden k\u00f6nnen, um eine harmonische und produktive Arbeitsumgebung zu schaffen. Die Kombination aus den f\u00fcnf Elementen und einer bewussten Farbgestaltung st\u00e4rkt nicht nur das Wohlbefinden, sondern auch die Motivation und Effizienz der Mitarbeitenden. Ob privater Wohnraum oder modernes B\u00fcro \u2013 Feng Shui bietet wertvolle Ans\u00e4tze, um R\u00e4ume in Einklang mit den individuellen Bed\u00fcrfnissen und Aufgaben zu gestalten.<\/p>\n<\/div><div class=\"fusion-title title fusion-title-4 fusion-sep-none fusion-title-text fusion-title-size-two\"><h2 class=\"fusion-title-heading title-heading-left fusion-responsive-typography-calculated\" style=\"margin:0;--fontSize:53;line-height:1.1;\">Praktische Tipps zur Auswahl der besten Wandfarben f\u00fcr verschiedene B\u00fcrotypen<\/h2><\/div><div class=\"fusion-text fusion-text-14\"><p>Die Wahl der richtigen Wandfarbe h\u00e4ngt stark davon ab, welche Funktionen der Raum erf\u00fcllen soll. Unterschiedliche B\u00fcrotypen stellen unterschiedliche Anforderungen an die Farbgestaltung \u2013 ob Kreativr\u00e4ume, Besprechungszimmer oder Gemeinschaftsbereiche. Mit den folgenden Tipps finden Sie f\u00fcr jeden Raum die passende Farbgestaltung:<\/p>\n<h3>Kreativr\u00e4ume: Inspiration und Energie f\u00f6rdern<\/h3>\n<p>F\u00fcr R\u00e4ume, in denen Brainstorming und kreative Prozesse im Vordergrund stehen, eignen sich aktivierende Farben wie Gelb oder Orange. Diese T\u00f6ne regen das Denken an und schaffen eine lebendige Atmosph\u00e4re. Um ein harmonisches Gesamtbild zu erhalten, k\u00f6nnen kr\u00e4ftige Farben als Akzente verwendet und mit neutraleren Grundfarben kombiniert werden.<\/p>\n<h3>Konzentrationszonen: Ruhe und Fokus schaffen<\/h3>\n<p>In Bereichen, die auf konzentriertes Arbeiten ausgelegt sind, bieten sich beruhigende T\u00f6ne wie Blau oder gedecktes Gr\u00fcn an. Diese Farben f\u00f6rdern eine entspannte, aber dennoch produktive Atmosph\u00e4re. Helle, pastellige Nuancen eignen sich besonders, um den Raum nicht zu dunkel wirken zu lassen.<\/p>\n<h3>Besprechungsr\u00e4ume: Kommunikation und Vertrauen st\u00e4rken<\/h3>\n<p>Blau- und Gr\u00fcnt\u00f6ne sind ideal f\u00fcr Besprechungsr\u00e4ume, da sie eine ruhige und vertrauensvolle Umgebung schaffen. Ein leichtes Grau oder Wei\u00df als Grundfarbe kann zus\u00e4tzlich Struktur und Professionalit\u00e4t vermitteln, w\u00e4hrend farbige Akzente die Dynamik erh\u00f6hen.<\/p>\n<h3>Gemeinschaftsbereiche: Energie und Austausch f\u00f6rdern<\/h3>\n<p>In Aufenthaltsr\u00e4umen oder K\u00fcchen eignen sich warme Farben wie Terrakotta, Sand oder sanftes Orange. Diese Farben schaffen eine einladende Atmosph\u00e4re, die zum Austausch anregt und das Gemeinschaftsgef\u00fchl st\u00e4rkt.<\/p>\n<h3>Empfangsbereiche: Einen positiven ersten Eindruck schaffen<\/h3>\n<p>F\u00fcr Eingangsbereiche und Rezeptionen bieten sich Farben wie Blau, Grau oder Pastellt\u00f6ne an, die Seriosit\u00e4t und Professionalit\u00e4t ausstrahlen. Warme Akzente in Gelb oder Gr\u00fcn k\u00f6nnen zus\u00e4tzlich Freundlichkeit und Offenheit vermitteln.<\/p>\n<\/div><\/div><\/div><\/div><\/div><div class=\"fusion-fullwidth fullwidth-box fusion-builder-row-3 fusion-flex-container has-pattern-background has-mask-background fusion-parallax-none promotion-cta-section nonhundred-percent-fullwidth non-hundred-percent-height-scrolling\" style=\"--awb-background-position:left center;--awb-border-radius-top-left:0px;--awb-border-radius-top-right:0px;--awb-border-radius-bottom-right:0px;--awb-border-radius-bottom-left:0px;--awb-padding-top:70px;--awb-padding-bottom:70px;--awb-padding-top-small:40px;--awb-padding-bottom-small:40px;--awb-margin-top-small:-20px;--awb-background-image:linear-gradient(90deg, var(--awb-color1) 0%,rgba(255,255,255,0) 50%),url(https:\/\/schultz.de\/ratgeber\/wp-content\/uploads\/2023\/12\/CTA-Banner3a.jpg);;--awb-background-size:cover;--awb-flex-wrap:wrap;\" data-preload-img=\"https:\/\/schultz.de\/ratgeber\/wp-content\/uploads\/2023\/12\/CTA-Banner3a.jpg\" ><div class=\"fusion-builder-row fusion-row fusion-flex-align-items-flex-start fusion-flex-content-wrap\" style=\"max-width:1248px;margin-left: calc(-4% \/ 2 );margin-right: calc(-4% \/ 2 );\"><div class=\"fusion-layout-column fusion_builder_column fusion-builder-column-8 fusion_builder_column_1_2 1_2 fusion-flex-column fusion-flex-align-self-stretch fusion-no-small-visibility fusion-animated\" style=\"--awb-padding-left:35px;--awb-bg-size:cover;--awb-width-large:50%;--awb-margin-top-large:0px;--awb-spacing-right-large:3.84%;--awb-margin-bottom-large:20px;--awb-spacing-left-large:3.84%;--awb-width-medium:75%;--awb-order-medium:0;--awb-spacing-right-medium:2.56%;--awb-spacing-left-medium:2.56%;--awb-width-small:100%;--awb-order-small:0;--awb-spacing-right-small:1.92%;--awb-spacing-left-small:1.92%;\" data-animationType=\"fadeInLeft\" data-animationDuration=\"1.5\" data-animationOffset=\"top-into-view\"><div class=\"fusion-column-wrapper fusion-column-has-shadow fusion-flex-justify-content-center fusion-content-layout-column fusion-content-nowrap\"><div class=\"fusion-title title fusion-title-5 fusion-sep-none fusion-title-highlight fusion-animate-once fusion-highlight-underline fusion-title-size-div\" style=\"--awb-text-color:var(--awb-color7);--awb-highlight-top-margin:-5px;--awb-highlight-width:2;--awb-font-size:var(--awb-typography1-font-size);\" data-highlight=\"underline\"><div class=\"fusion-title-heading title-heading-left title-heading-tag fusion-responsive-typography-calculated\" style=\"font-family:var(--awb-typography1-font-family);font-weight:var(--awb-typography1-font-weight);font-style:var(--awb-typography1-font-style);margin:0;letter-spacing:var(--awb-typography1-letter-spacing);text-transform:var(--awb-typography1-text-transform);font-size:1em;--fontSize:53;line-height:1.1;\"><span class=\"fusion-highlighted-text-prefix\"><\/span> <span class=\"fusion-highlighted-text-wrapper\"><span class=\"fusion-highlighted-text\" style=\"color:var(--awb-color5);\">CO2<\/span><svg xmlns=\"http:\/\/www.w3.org\/2000\/svg\" viewBox=\"0 0 500 150\" preserveAspectRatio=\"none\"><path d=\"M8.1,146.2c0,0,240.6-55.6,479-13.8\"><\/path><\/svg><\/span> <span class=\"fusion-highlighted-text-postfix\">Kompensiertes Shoppen mit Schultz<\/span><\/div><\/div><div class=\"fusion-text fusion-text-15\"><p>Wir setzen auf Nachhaltigkeit. Daher kompensieren wir u.a. den CO2-Fu\u00dfabdruck unserer Produkte.<\/p>\n<\/div><div ><a class=\"fusion-button button-flat fusion-button-default-size button-default fusion-button-default button-1 fusion-button-default-span fusion-button-default-type\" target=\"_blank\" rel=\"noopener noreferrer\" href=\"https:\/\/schultz.de\/made-by-schultz\"><i class=\"fa-external-link-alt fas awb-button__icon awb-button__icon--default button-icon-left\" aria-hidden=\"true\"><\/i><span class=\"fusion-button-text awb-button__text awb-button__text--default\">Zum Online Shop<\/span><\/a><\/div><\/div><\/div><div class=\"fusion-layout-column fusion_builder_column fusion-builder-column-9 fusion_builder_column_1_2 1_2 fusion-flex-column fusion-flex-align-self-stretch fusion-no-medium-visibility fusion-no-large-visibility fusion-animated\" style=\"--awb-bg-size:cover;--awb-width-large:50%;--awb-margin-top-large:0px;--awb-spacing-right-large:3.84%;--awb-margin-bottom-large:20px;--awb-spacing-left-large:3.84%;--awb-width-medium:75%;--awb-order-medium:0;--awb-spacing-right-medium:2.56%;--awb-spacing-left-medium:2.56%;--awb-width-small:100%;--awb-order-small:0;--awb-spacing-right-small:1.92%;--awb-spacing-left-small:1.92%;\" data-animationType=\"fadeInLeft\" data-animationDuration=\"1.5\" data-animationOffset=\"top-into-view\"><div class=\"fusion-column-wrapper fusion-column-has-shadow fusion-flex-justify-content-center fusion-content-layout-column fusion-content-nowrap\"><div class=\"fusion-title title fusion-title-6 fusion-sep-none fusion-title-highlight fusion-animate-once fusion-highlight-underline fusion-title-size-div\" style=\"--awb-text-color:var(--awb-color7);--awb-highlight-top-margin:-5px;--awb-highlight-width:2;--awb-font-size:28px;\" data-highlight=\"underline\"><div class=\"fusion-title-heading title-heading-left title-heading-tag fusion-responsive-typography-calculated\" style=\"font-family:var(--awb-typography1-font-family);font-weight:var(--awb-typography1-font-weight);font-style:var(--awb-typography1-font-style);margin:0;letter-spacing:var(--awb-typography1-letter-spacing);text-transform:var(--awb-typography1-text-transform);font-size:1em;--fontSize:28;line-height:1.1;\"><span class=\"fusion-highlighted-text-prefix\"><\/span> <span class=\"fusion-highlighted-text-wrapper\"><span class=\"fusion-highlighted-text\" style=\"color:var(--awb-color5);\">CO2<\/span><svg xmlns=\"http:\/\/www.w3.org\/2000\/svg\" viewBox=\"0 0 500 150\" preserveAspectRatio=\"none\"><path d=\"M8.1,146.2c0,0,240.6-55.6,479-13.8\"><\/path><\/svg><\/span> <span class=\"fusion-highlighted-text-postfix\">Kompensiertes Shoppen mit Schultz<\/span><\/div><\/div><div class=\"fusion-text fusion-text-16\"><p>Wir setzen auf Nachhaltigkeit. Daher kompensieren wir u.a. den CO2-Fu\u00dfabdruck unserer Produkte.<\/p>\n<\/div><div ><a class=\"fusion-button button-flat fusion-button-default-size button-default fusion-button-default button-2 fusion-button-default-span fusion-button-default-type\" target=\"_blank\" rel=\"noopener noreferrer\" href=\"https:\/\/schultz.de\/made-by-schultz\"><i class=\"fa-external-link-alt fas awb-button__icon awb-button__icon--default button-icon-left\" aria-hidden=\"true\"><\/i><span class=\"fusion-button-text awb-button__text awb-button__text--default\">Zum Online Shop<\/span><\/a><\/div><\/div><\/div><\/div><\/div>\n<div class=\"fusion-fullwidth fullwidth-box fusion-builder-row-4 fusion-flex-container has-pattern-background has-mask-background nonhundred-percent-fullwidth non-hundred-percent-height-scrolling\" style=\"--awb-border-radius-top-left:0px;--awb-border-radius-top-right:0px;--awb-border-radius-bottom-right:0px;--awb-border-radius-bottom-left:0px;--awb-padding-top:50px;--awb-background-color:var(--awb-color1);--awb-flex-wrap:wrap;\" ><div class=\"fusion-builder-row fusion-row fusion-flex-align-items-flex-start fusion-flex-justify-content-center fusion-flex-content-wrap\" style=\"max-width:1248px;margin-left: calc(-4% \/ 2 );margin-right: calc(-4% \/ 2 );\"><div class=\"fusion-layout-column fusion_builder_column fusion-builder-column-10 fusion_builder_column_1_6 1_6 fusion-flex-column\" style=\"--awb-bg-size:cover;--awb-width-large:16.666666666667%;--awb-margin-top-large:0px;--awb-spacing-right-large:11.52%;--awb-margin-bottom-large:20px;--awb-spacing-left-large:11.52%;--awb-width-medium:100%;--awb-order-medium:0;--awb-spacing-right-medium:1.92%;--awb-spacing-left-medium:1.92%;--awb-width-small:100%;--awb-order-small:0;--awb-spacing-right-small:1.92%;--awb-spacing-left-small:1.92%;\"><div class=\"fusion-column-wrapper fusion-column-has-shadow fusion-flex-justify-content-flex-start fusion-content-layout-column\"><\/div><\/div><div class=\"fusion-layout-column fusion_builder_column fusion-builder-column-11 fusion_builder_column_2_3 2_3 fusion-flex-column\" style=\"--awb-bg-blend:overlay;--awb-bg-size:cover;--awb-width-large:66.666666666667%;--awb-margin-top-large:0px;--awb-spacing-right-large:2.88%;--awb-margin-bottom-large:20px;--awb-spacing-left-large:2.88%;--awb-width-medium:100%;--awb-spacing-right-medium:1.92%;--awb-spacing-left-medium:1.92%;--awb-width-small:100%;--awb-spacing-right-small:1.92%;--awb-spacing-left-small:1.92%;\"><div class=\"fusion-column-wrapper fusion-column-has-shadow fusion-flex-justify-content-flex-start fusion-content-layout-column\"><div class=\"fusion-title title fusion-title-7 fusion-sep-none fusion-title-text fusion-title-size-two\"><h2 class=\"fusion-title-heading title-heading-left fusion-responsive-typography-calculated\" style=\"margin:0;--fontSize:53;line-height:1.1;\">Diese M\u00f6glichkeiten der Wanddekoration gibt es<\/h2><\/div><div class=\"fusion-text fusion-text-17\"><p>Die Wandgestaltung in B\u00fcros geht weit \u00fcber den blo\u00dfen Anstrich hinaus. Kreative Dekorationen und funktionale Elemente verleihen R\u00e4umen nicht nur einen besonderen Charakter, sondern verbessern auch die Atmosph\u00e4re und die Effizienz. Von dekorativen Akzenten bis hin zu praktischen L\u00f6sungen gibt es zahlreiche M\u00f6glichkeiten, W\u00e4nde zu nutzen und sie optimal zu gestalten.<\/p>\n<h3>Poster und Bilder \/ Wandtattoos, Fototapeten<\/h3>\n<p>Poster, Bilder oder Wandtattoos bieten eine einfache M\u00f6glichkeit, W\u00e4nde individuell und inspirierend zu gestalten. Sie k\u00f6nnen motivierende Zitate, Naturmotive oder abstrakte Kunst integrieren, um den Raum optisch aufzuwerten und die Stimmung zu heben. Fototapeten sind ideal, um gr\u00f6\u00dfere Fl\u00e4chen in Szene zu setzen und eine bestimmte Atmosph\u00e4re zu schaffen \u2013 von beruhigenden Landschaften bis hin zu lebendigen Stadtbildern.<\/p>\n<h3>Gr\u00fcnw\u00e4nde &amp; Moosw\u00e4nde<\/h3>\n<p>Gr\u00fcne W\u00e4nde oder Moosw\u00e4nde bringen die Natur ins B\u00fcro und sorgen f\u00fcr ein angenehmes Raumklima. Sie verbessern nicht nur die Luftqualit\u00e4t, sondern reduzieren auch Stress und f\u00f6rdern das Wohlbefinden. Moosw\u00e4nde bestehen aus konserviertem Moos und sind sehr pflegeleicht. Sie werten B\u00fcror\u00e4ume optisch erheblich auf. Besonders in Empfangsbereichen oder Ruhezonen sind sie ein echter Hingucker, der gleichzeitig die Akustik positiv beeinflusst.<\/p>\n<\/div><\/div><\/div><div class=\"fusion-layout-column fusion_builder_column fusion-builder-column-12 fusion_builder_column_1_6 1_6 fusion-flex-column\" style=\"--awb-bg-size:cover;--awb-width-large:16.666666666667%;--awb-margin-top-large:0px;--awb-spacing-right-large:11.52%;--awb-margin-bottom-large:20px;--awb-spacing-left-large:11.52%;--awb-width-medium:100%;--awb-order-medium:0;--awb-spacing-right-medium:1.92%;--awb-spacing-left-medium:1.92%;--awb-width-small:100%;--awb-order-small:0;--awb-spacing-right-small:1.92%;--awb-spacing-left-small:1.92%;\"><div class=\"fusion-column-wrapper fusion-column-has-shadow fusion-flex-justify-content-flex-start fusion-content-layout-column\"><\/div><\/div><div class=\"fusion-layout-column fusion_builder_column fusion-builder-column-13 fusion_builder_column_1_6 1_6 fusion-flex-column\" style=\"--awb-bg-size:cover;--awb-width-large:16.666666666667%;--awb-margin-top-large:0px;--awb-spacing-right-large:11.52%;--awb-margin-bottom-large:20px;--awb-spacing-left-large:11.52%;--awb-width-medium:100%;--awb-order-medium:0;--awb-spacing-right-medium:1.92%;--awb-spacing-left-medium:1.92%;--awb-width-small:100%;--awb-order-small:0;--awb-spacing-right-small:1.92%;--awb-spacing-left-small:1.92%;\"><div class=\"fusion-column-wrapper fusion-column-has-shadow fusion-flex-justify-content-flex-start fusion-content-layout-column\"><\/div><\/div><div class=\"fusion-layout-column fusion_builder_column fusion-builder-column-14 fusion-flex-column fusion-flex-align-self-stretch fusion-column-inner-bg-wrapper fusion-column-liftup-border\" style=\"--awb-inner-bg-color:var(--awb-color1);--awb-inner-bg-color-hover:var(--awb-color1);--awb-inner-bg-position:center center;--awb-inner-bg-size:cover;--awb-inner-bg-box-shadow:6px 0px 24px 0px hsla(var(--awb-color8-h),var(--awb-color8-s),calc( var(--awb-color8-l) - 9% ),calc( var(--awb-color8-a) - 93% ));;--awb-border-color:var(--awb-color1);--awb-inner-border-color:var(--awb-color1);--awb-border-top:7px;--awb-inner-border-top:7px;--awb-border-right:7px;--awb-inner-border-right:7px;--awb-border-bottom:7px;--awb-inner-border-bottom:7px;--awb-border-left:7px;--awb-inner-border-left:7px;--awb-border-style:solid;--awb-inner-border-style:solid;--awb-width-large:22.22%;--awb-margin-top-large:0px;--awb-spacing-right-large:8.6408640864086%;--awb-margin-bottom-large:20px;--awb-spacing-left-large:8.6408640864086%;--awb-width-medium:50%;--awb-order-medium:0;--awb-spacing-right-medium:3.84%;--awb-spacing-left-medium:3.84%;--awb-width-small:50%;--awb-order-small:0;--awb-spacing-right-small:3.84%;--awb-spacing-left-small:3.84%;\"><span class=\"fusion-column-inner-bg hover-type-liftup\"><a class=\"fusion-column-anchor\" href=\"https:\/\/schultz.de\/produkt\/wald-und-kugelmoosbild-100x60-cm\" rel=\"noopener noreferrer\" target=\"_blank\"><span class=\"fusion-column-inner-bg-image\"><\/span><\/a><\/span><div class=\"fusion-column-wrapper fusion-flex-justify-content-flex-start fusion-content-layout-column\"><div class=\"fusion-image-element \" style=\"text-align:center;--awb-aspect-ratio:1 \/ 1;--awb-object-position:26% 47%;--awb-caption-title-font-family:var(--h2_typography-font-family);--awb-caption-title-font-weight:var(--h2_typography-font-weight);--awb-caption-title-font-style:var(--h2_typography-font-style);--awb-caption-title-size:var(--h2_typography-font-size);--awb-caption-title-transform:var(--h2_typography-text-transform);--awb-caption-title-line-height:var(--h2_typography-line-height);--awb-caption-title-letter-spacing:var(--h2_typography-letter-spacing);\"><span class=\" fusion-imageframe imageframe-none imageframe-1 hover-type-zoomin has-aspect-ratio\"><img decoding=\"async\" width=\"1280\" height=\"1280\" alt=\"StyleGreen Wald- und Kugelmoosbild 100x60 \u2013 nat\u00fcrliche Wanddekoration aus echtem Moos bei Schultz\" title=\"style-green-wald-und-kugelmossbild-100&#215;60-30deg-transparent\" src=\"https:\/\/schultz.de\/ratgeber\/wp-content\/uploads\/2025\/01\/style-green-wald-und-kugelmossbild-100x60-30deg-transparent.webp\" class=\"img-responsive wp-image-9551 img-with-aspect-ratio\" data-parent-fit=\"cover\" data-parent-container=\".fusion-image-element\" srcset=\"https:\/\/schultz.de\/ratgeber\/wp-content\/uploads\/2025\/01\/style-green-wald-und-kugelmossbild-100x60-30deg-transparent-200x200.webp 200w, https:\/\/schultz.de\/ratgeber\/wp-content\/uploads\/2025\/01\/style-green-wald-und-kugelmossbild-100x60-30deg-transparent-400x400.webp 400w, https:\/\/schultz.de\/ratgeber\/wp-content\/uploads\/2025\/01\/style-green-wald-und-kugelmossbild-100x60-30deg-transparent-600x600.webp 600w, https:\/\/schultz.de\/ratgeber\/wp-content\/uploads\/2025\/01\/style-green-wald-und-kugelmossbild-100x60-30deg-transparent-800x800.webp 800w, https:\/\/schultz.de\/ratgeber\/wp-content\/uploads\/2025\/01\/style-green-wald-und-kugelmossbild-100x60-30deg-transparent-1200x1200.webp 1200w, https:\/\/schultz.de\/ratgeber\/wp-content\/uploads\/2025\/01\/style-green-wald-und-kugelmossbild-100x60-30deg-transparent.webp 1280w\" sizes=\"(max-width: 1024px) 100vw, (max-width: 667px) 100vw, 400px\" \/><\/span><\/div><div class=\"fusion-title title fusion-title-8 fusion-sep-none fusion-title-center fusion-title-text fusion-title-size-div\" style=\"--awb-margin-top:5px;--awb-margin-bottom:5px;\"><div class=\"fusion-title-heading title-heading-center title-heading-tag fusion-responsive-typography-calculated\" style=\"margin:0;--fontSize:16;--minFontSize:16;line-height:var(--awb-typography4-line-height);\"><p><b>Wald- und Kugelmoosbild<br \/>\n100&#215;60 cm<\/b><\/p><\/div><\/div><div class=\"fusion-text fusion-text-18\" style=\"--awb-content-alignment:center;--awb-text-color:var(--awb-color5);\"><p>ab 368,91 \u20ac<\/p>\n<\/div><\/div><\/div><div class=\"fusion-layout-column fusion_builder_column fusion-builder-column-15 fusion-flex-column fusion-flex-align-self-stretch fusion-column-inner-bg-wrapper fusion-column-liftup-border\" style=\"--awb-inner-bg-color:var(--awb-color1);--awb-inner-bg-color-hover:var(--awb-color1);--awb-inner-bg-position:center center;--awb-inner-bg-size:cover;--awb-inner-bg-box-shadow:6px 0px 24px 0px hsla(var(--awb-color8-h),var(--awb-color8-s),calc( var(--awb-color8-l) - 9% ),calc( var(--awb-color8-a) - 93% ));;--awb-border-color:var(--awb-color1);--awb-inner-border-color:var(--awb-color1);--awb-border-top:7px;--awb-inner-border-top:7px;--awb-border-right:7px;--awb-inner-border-right:7px;--awb-border-bottom:7px;--awb-inner-border-bottom:7px;--awb-border-left:7px;--awb-inner-border-left:7px;--awb-border-style:solid;--awb-inner-border-style:solid;--awb-width-large:22.22%;--awb-margin-top-large:0px;--awb-spacing-right-large:8.6408640864086%;--awb-margin-bottom-large:20px;--awb-spacing-left-large:8.6408640864086%;--awb-width-medium:50%;--awb-order-medium:0;--awb-spacing-right-medium:3.84%;--awb-spacing-left-medium:3.84%;--awb-width-small:50%;--awb-order-small:0;--awb-spacing-right-small:3.84%;--awb-spacing-left-small:3.84%;\"><span class=\"fusion-column-inner-bg hover-type-liftup\"><a class=\"fusion-column-anchor\" href=\"https:\/\/schultz.de\/produkt\/kugelmoosbild-57x27-cm\" rel=\"noopener noreferrer\" target=\"_blank\"><span class=\"fusion-column-inner-bg-image\"><\/span><\/a><\/span><div class=\"fusion-column-wrapper fusion-flex-justify-content-flex-start fusion-content-layout-column\"><div class=\"fusion-image-element \" style=\"text-align:center;--awb-aspect-ratio:1 \/ 1;--awb-object-position:26% 47%;--awb-caption-title-font-family:var(--h2_typography-font-family);--awb-caption-title-font-weight:var(--h2_typography-font-weight);--awb-caption-title-font-style:var(--h2_typography-font-style);--awb-caption-title-size:var(--h2_typography-font-size);--awb-caption-title-transform:var(--h2_typography-text-transform);--awb-caption-title-line-height:var(--h2_typography-line-height);--awb-caption-title-letter-spacing:var(--h2_typography-letter-spacing);\"><span class=\" fusion-imageframe imageframe-none imageframe-2 hover-type-zoomin has-aspect-ratio\"><img decoding=\"async\" width=\"1280\" height=\"1280\" alt=\"StyleGreen Kugelmoosbild 57x27 \u2013 nachhaltige Wanddekoration aus echtem Moos bei Schultz\" title=\"style-green-kugelmossbild-57&#215;27-30deg-transparent\" src=\"https:\/\/schultz.de\/ratgeber\/wp-content\/uploads\/2025\/01\/style-green-kugelmossbild-57x27-30deg-transparent.webp\" class=\"img-responsive wp-image-9552 img-with-aspect-ratio\" data-parent-fit=\"cover\" data-parent-container=\".fusion-image-element\" srcset=\"https:\/\/schultz.de\/ratgeber\/wp-content\/uploads\/2025\/01\/style-green-kugelmossbild-57x27-30deg-transparent-200x200.webp 200w, https:\/\/schultz.de\/ratgeber\/wp-content\/uploads\/2025\/01\/style-green-kugelmossbild-57x27-30deg-transparent-400x400.webp 400w, https:\/\/schultz.de\/ratgeber\/wp-content\/uploads\/2025\/01\/style-green-kugelmossbild-57x27-30deg-transparent-600x600.webp 600w, https:\/\/schultz.de\/ratgeber\/wp-content\/uploads\/2025\/01\/style-green-kugelmossbild-57x27-30deg-transparent-800x800.webp 800w, https:\/\/schultz.de\/ratgeber\/wp-content\/uploads\/2025\/01\/style-green-kugelmossbild-57x27-30deg-transparent-1200x1200.webp 1200w, https:\/\/schultz.de\/ratgeber\/wp-content\/uploads\/2025\/01\/style-green-kugelmossbild-57x27-30deg-transparent.webp 1280w\" sizes=\"(max-width: 1024px) 100vw, (max-width: 667px) 100vw, 400px\" \/><\/span><\/div><div class=\"fusion-title title fusion-title-9 fusion-sep-none fusion-title-center fusion-title-text fusion-title-size-div\" style=\"--awb-margin-top:5px;--awb-margin-bottom:5px;\"><div class=\"fusion-title-heading title-heading-center title-heading-tag fusion-responsive-typography-calculated\" style=\"margin:0;--fontSize:16;--minFontSize:16;line-height:var(--awb-typography4-line-height);\"><p><b>Kugelmoosbild<br \/>\n57&#215;27 cm<\/b><\/p><\/div><\/div><div class=\"fusion-text fusion-text-19\" style=\"--awb-content-alignment:center;--awb-text-color:var(--awb-color5);\"><p>ab 217,65 \u20ac<\/p>\n<\/div><\/div><\/div><div class=\"fusion-layout-column fusion_builder_column fusion-builder-column-16 fusion-flex-column fusion-flex-align-self-stretch fusion-column-inner-bg-wrapper fusion-column-liftup-border\" style=\"--awb-inner-bg-color:var(--awb-color1);--awb-inner-bg-color-hover:var(--awb-color1);--awb-inner-bg-position:center center;--awb-inner-bg-size:cover;--awb-inner-bg-box-shadow:6px 0px 24px 0px hsla(var(--awb-color8-h),var(--awb-color8-s),calc( var(--awb-color8-l) - 9% ),calc( var(--awb-color8-a) - 93% ));;--awb-border-color:var(--awb-color1);--awb-inner-border-color:var(--awb-color1);--awb-border-top:7px;--awb-inner-border-top:7px;--awb-border-right:7px;--awb-inner-border-right:7px;--awb-border-bottom:7px;--awb-inner-border-bottom:7px;--awb-border-left:7px;--awb-inner-border-left:7px;--awb-border-style:solid;--awb-inner-border-style:solid;--awb-width-large:22.22%;--awb-margin-top-large:0px;--awb-spacing-right-large:8.6408640864086%;--awb-margin-bottom-large:20px;--awb-spacing-left-large:8.6408640864086%;--awb-width-medium:50%;--awb-order-medium:0;--awb-spacing-right-medium:3.84%;--awb-spacing-left-medium:3.84%;--awb-width-small:50%;--awb-order-small:0;--awb-spacing-right-small:3.84%;--awb-spacing-left-small:3.84%;\"><span class=\"fusion-column-inner-bg hover-type-liftup\"><a class=\"fusion-column-anchor\" href=\"https:\/\/schultz.de\/produkt\/begruente-zahlen-0-9\" rel=\"noopener noreferrer\" target=\"_blank\"><span class=\"fusion-column-inner-bg-image\"><\/span><\/a><\/span><div class=\"fusion-column-wrapper fusion-flex-justify-content-flex-start fusion-content-layout-column\"><div class=\"fusion-image-element \" style=\"text-align:center;--awb-aspect-ratio:1 \/ 1;--awb-object-position:26% 47%;--awb-caption-title-font-family:var(--h2_typography-font-family);--awb-caption-title-font-weight:var(--h2_typography-font-weight);--awb-caption-title-font-style:var(--h2_typography-font-style);--awb-caption-title-size:var(--h2_typography-font-size);--awb-caption-title-transform:var(--h2_typography-text-transform);--awb-caption-title-line-height:var(--h2_typography-line-height);--awb-caption-title-letter-spacing:var(--h2_typography-letter-spacing);\"><span class=\" fusion-imageframe imageframe-none imageframe-3 hover-type-zoomin has-aspect-ratio\"><img decoding=\"async\" width=\"1280\" height=\"1280\" alt=\"Zahl 0 aus Moos mit schwarzem Rahmen von StyleGreen, nachhaltige Wanddekoration bei Schultz\" title=\"style-green-begruente-zahlen-0-30deg\" src=\"https:\/\/schultz.de\/ratgeber\/wp-content\/uploads\/2025\/01\/style-green-begruente-zahlen-0-30deg.webp\" class=\"img-responsive wp-image-9555 img-with-aspect-ratio\" data-parent-fit=\"cover\" data-parent-container=\".fusion-image-element\" srcset=\"https:\/\/schultz.de\/ratgeber\/wp-content\/uploads\/2025\/01\/style-green-begruente-zahlen-0-30deg-200x200.webp 200w, https:\/\/schultz.de\/ratgeber\/wp-content\/uploads\/2025\/01\/style-green-begruente-zahlen-0-30deg-400x400.webp 400w, https:\/\/schultz.de\/ratgeber\/wp-content\/uploads\/2025\/01\/style-green-begruente-zahlen-0-30deg-600x600.webp 600w, https:\/\/schultz.de\/ratgeber\/wp-content\/uploads\/2025\/01\/style-green-begruente-zahlen-0-30deg-800x800.webp 800w, https:\/\/schultz.de\/ratgeber\/wp-content\/uploads\/2025\/01\/style-green-begruente-zahlen-0-30deg-1200x1200.webp 1200w, https:\/\/schultz.de\/ratgeber\/wp-content\/uploads\/2025\/01\/style-green-begruente-zahlen-0-30deg.webp 1280w\" sizes=\"(max-width: 1024px) 100vw, (max-width: 667px) 100vw, 400px\" \/><\/span><\/div><div class=\"fusion-title title fusion-title-10 fusion-sep-none fusion-title-center fusion-title-text fusion-title-size-div\" style=\"--awb-margin-top:5px;--awb-margin-bottom:5px;\"><div class=\"fusion-title-heading title-heading-center title-heading-tag fusion-responsive-typography-calculated\" style=\"margin:0;--fontSize:16;--minFontSize:16;line-height:var(--awb-typography4-line-height);\"><p><b>Begr\u00fcnte Zahlen<br \/>\n&#8222;0-9&#8220;<\/b><\/p><\/div><\/div><div class=\"fusion-text fusion-text-20\" style=\"--awb-content-alignment:center;--awb-text-color:var(--awb-color5);\"><p>ab 49,58 \u20ac<\/p>\n<\/div><\/div><\/div><div class=\"fusion-layout-column fusion_builder_column fusion-builder-column-17 fusion_builder_column_1_6 1_6 fusion-flex-column\" style=\"--awb-bg-size:cover;--awb-width-large:16.666666666667%;--awb-margin-top-large:0px;--awb-spacing-right-large:11.52%;--awb-margin-bottom-large:20px;--awb-spacing-left-large:11.52%;--awb-width-medium:100%;--awb-order-medium:0;--awb-spacing-right-medium:1.92%;--awb-spacing-left-medium:1.92%;--awb-width-small:100%;--awb-order-small:0;--awb-spacing-right-small:1.92%;--awb-spacing-left-small:1.92%;\"><div class=\"fusion-column-wrapper fusion-column-has-shadow fusion-flex-justify-content-flex-start fusion-content-layout-column\"><\/div><\/div><div class=\"fusion-layout-column fusion_builder_column fusion-builder-column-18 fusion_builder_column_1_6 1_6 fusion-flex-column\" style=\"--awb-bg-size:cover;--awb-width-large:16.666666666667%;--awb-margin-top-large:0px;--awb-spacing-right-large:11.52%;--awb-margin-bottom-large:20px;--awb-spacing-left-large:11.52%;--awb-width-medium:100%;--awb-order-medium:0;--awb-spacing-right-medium:1.92%;--awb-spacing-left-medium:1.92%;--awb-width-small:100%;--awb-order-small:0;--awb-spacing-right-small:1.92%;--awb-spacing-left-small:1.92%;\"><div class=\"fusion-column-wrapper fusion-column-has-shadow fusion-flex-justify-content-flex-start fusion-content-layout-column\"><\/div><\/div><div class=\"fusion-layout-column fusion_builder_column fusion-builder-column-19 fusion_builder_column_2_3 2_3 fusion-flex-column\" style=\"--awb-bg-blend:overlay;--awb-bg-size:cover;--awb-width-large:66.666666666667%;--awb-margin-top-large:0px;--awb-spacing-right-large:2.88%;--awb-margin-bottom-large:20px;--awb-spacing-left-large:2.88%;--awb-width-medium:100%;--awb-spacing-right-medium:1.92%;--awb-spacing-left-medium:1.92%;--awb-width-small:100%;--awb-spacing-right-small:1.92%;--awb-spacing-left-small:1.92%;\"><div class=\"fusion-column-wrapper fusion-column-has-shadow fusion-flex-justify-content-flex-start fusion-content-layout-column\"><div class=\"fusion-text fusion-text-21\"><h3>Funktionale Elemente (Pinnw\u00e4nde, Whiteboards, Wandregale)<\/h3>\n<p>Die funktionale Wandgestaltung kombiniert die \u00c4sthetik mit dem Nutzen der vorhandenen Fl\u00e4che. Diese Elemente sind nicht nur praktisch, sondern f\u00fcgen sich harmonisch in das Raumdesign ein.<\/p>\n<h4>Akustikw\u00e4nde<\/h4>\n<p>Akustikw\u00e4nde sind eine effektive L\u00f6sung, um den Schallpegel in offenen B\u00fcros zu reduzieren. Sie <a href=\"https:\/\/schultz.de\/ratgeber\/akustik-im-buero-verbessern\/\">verbessern die Raumakustik<\/a> erheblich und tragen dazu bei, eine ruhigere, konzentriertere Arbeitsatmosph\u00e4re zu schaffen. Gleichzeitig bieten sie durch ihre moderne Gestaltung einen optischen Mehrwert.<\/p>\n<\/div><\/div><\/div><div class=\"fusion-layout-column fusion_builder_column fusion-builder-column-20 fusion_builder_column_1_6 1_6 fusion-flex-column\" style=\"--awb-bg-size:cover;--awb-width-large:16.666666666667%;--awb-margin-top-large:0px;--awb-spacing-right-large:11.52%;--awb-margin-bottom-large:20px;--awb-spacing-left-large:11.52%;--awb-width-medium:100%;--awb-order-medium:0;--awb-spacing-right-medium:1.92%;--awb-spacing-left-medium:1.92%;--awb-width-small:100%;--awb-order-small:0;--awb-spacing-right-small:1.92%;--awb-spacing-left-small:1.92%;\"><div class=\"fusion-column-wrapper fusion-column-has-shadow fusion-flex-justify-content-flex-start fusion-content-layout-column\"><\/div><\/div><div class=\"fusion-layout-column fusion_builder_column fusion-builder-column-21 fusion_builder_column_1_6 1_6 fusion-flex-column\" style=\"--awb-bg-size:cover;--awb-width-large:16.666666666667%;--awb-margin-top-large:0px;--awb-spacing-right-large:11.52%;--awb-margin-bottom-large:20px;--awb-spacing-left-large:11.52%;--awb-width-medium:100%;--awb-order-medium:0;--awb-spacing-right-medium:1.92%;--awb-spacing-left-medium:1.92%;--awb-width-small:100%;--awb-order-small:0;--awb-spacing-right-small:1.92%;--awb-spacing-left-small:1.92%;\"><div class=\"fusion-column-wrapper fusion-column-has-shadow fusion-flex-justify-content-flex-start fusion-content-layout-column\"><\/div><\/div><div class=\"fusion-layout-column fusion_builder_column fusion-builder-column-22 fusion-flex-column fusion-flex-align-self-stretch fusion-column-inner-bg-wrapper fusion-column-liftup-border\" style=\"--awb-inner-bg-color:var(--awb-color1);--awb-inner-bg-color-hover:var(--awb-color1);--awb-inner-bg-position:center center;--awb-inner-bg-size:cover;--awb-inner-bg-box-shadow:6px 0px 24px 0px hsla(var(--awb-color8-h),var(--awb-color8-s),calc( var(--awb-color8-l) - 9% ),calc( var(--awb-color8-a) - 93% ));;--awb-border-color:var(--awb-color1);--awb-inner-border-color:var(--awb-color1);--awb-border-top:7px;--awb-inner-border-top:7px;--awb-border-right:7px;--awb-inner-border-right:7px;--awb-border-bottom:7px;--awb-inner-border-bottom:7px;--awb-border-left:7px;--awb-inner-border-left:7px;--awb-border-style:solid;--awb-inner-border-style:solid;--awb-width-large:22.22%;--awb-margin-top-large:0px;--awb-spacing-right-large:8.6408640864086%;--awb-margin-bottom-large:20px;--awb-spacing-left-large:8.6408640864086%;--awb-width-medium:50%;--awb-order-medium:0;--awb-spacing-right-medium:3.84%;--awb-spacing-left-medium:3.84%;--awb-width-small:50%;--awb-order-small:0;--awb-spacing-right-small:3.84%;--awb-spacing-left-small:3.84%;\"><span class=\"fusion-column-inner-bg hover-type-liftup\"><a class=\"fusion-column-anchor\" href=\"https:\/\/schultz.de\/produkt\/akustik-trennwand-bert\" rel=\"noopener noreferrer\" target=\"_blank\"><span class=\"fusion-column-inner-bg-image\"><\/span><\/a><\/span><div class=\"fusion-column-wrapper fusion-flex-justify-content-flex-start fusion-content-layout-column\"><div class=\"fusion-image-element \" style=\"text-align:center;--awb-aspect-ratio:1 \/ 1;--awb-object-position:26% 47%;--awb-caption-title-font-family:var(--h2_typography-font-family);--awb-caption-title-font-weight:var(--h2_typography-font-weight);--awb-caption-title-font-style:var(--h2_typography-font-style);--awb-caption-title-size:var(--h2_typography-font-size);--awb-caption-title-transform:var(--h2_typography-text-transform);--awb-caption-title-line-height:var(--h2_typography-line-height);--awb-caption-title-letter-spacing:var(--h2_typography-letter-spacing);\"><span class=\" fusion-imageframe imageframe-none imageframe-4 hover-type-zoomin has-aspect-ratio\"><img decoding=\"async\" width=\"1280\" height=\"1280\" alt=\"Hammerbacher ARW165 Akustik-Trennwand BERT \u2013 schallabsorbierende Raumtrennung f\u00fcr B\u00fcros bei Schultz\" title=\"hammerbacher-arw165-akustik-trennwand-bert-30deg\" src=\"https:\/\/schultz.de\/ratgeber\/wp-content\/uploads\/2025\/01\/hammerbacher-arw165-akustik-trennwand-bert-30deg.webp\" class=\"img-responsive wp-image-9494 img-with-aspect-ratio\" data-parent-fit=\"cover\" data-parent-container=\".fusion-image-element\" srcset=\"https:\/\/schultz.de\/ratgeber\/wp-content\/uploads\/2025\/01\/hammerbacher-arw165-akustik-trennwand-bert-30deg-200x200.webp 200w, https:\/\/schultz.de\/ratgeber\/wp-content\/uploads\/2025\/01\/hammerbacher-arw165-akustik-trennwand-bert-30deg-400x400.webp 400w, https:\/\/schultz.de\/ratgeber\/wp-content\/uploads\/2025\/01\/hammerbacher-arw165-akustik-trennwand-bert-30deg-600x600.webp 600w, https:\/\/schultz.de\/ratgeber\/wp-content\/uploads\/2025\/01\/hammerbacher-arw165-akustik-trennwand-bert-30deg-800x800.webp 800w, https:\/\/schultz.de\/ratgeber\/wp-content\/uploads\/2025\/01\/hammerbacher-arw165-akustik-trennwand-bert-30deg-1200x1200.webp 1200w, https:\/\/schultz.de\/ratgeber\/wp-content\/uploads\/2025\/01\/hammerbacher-arw165-akustik-trennwand-bert-30deg.webp 1280w\" sizes=\"(max-width: 1024px) 100vw, (max-width: 667px) 100vw, 400px\" \/><\/span><\/div><div class=\"fusion-title title fusion-title-11 fusion-sep-none fusion-title-center fusion-title-text fusion-title-size-div\" style=\"--awb-margin-top:5px;--awb-margin-bottom:5px;\"><div class=\"fusion-title-heading title-heading-center title-heading-tag fusion-responsive-typography-calculated\" style=\"margin:0;--fontSize:16;--minFontSize:16;line-height:var(--awb-typography4-line-height);\"><b>Akustik-Trennwand Bert<\/b><\/div><\/div><div class=\"fusion-text fusion-text-22\" style=\"--awb-content-alignment:center;--awb-text-color:var(--awb-color5);\"><p>ab 293,25 \u20ac<\/p>\n<\/div><\/div><\/div><div class=\"fusion-layout-column fusion_builder_column fusion-builder-column-23 fusion-flex-column fusion-flex-align-self-stretch fusion-column-inner-bg-wrapper fusion-column-liftup-border\" style=\"--awb-inner-bg-color:var(--awb-color1);--awb-inner-bg-color-hover:var(--awb-color1);--awb-inner-bg-position:center center;--awb-inner-bg-size:cover;--awb-inner-bg-box-shadow:6px 0px 24px 0px hsla(var(--awb-color8-h),var(--awb-color8-s),calc( var(--awb-color8-l) - 9% ),calc( var(--awb-color8-a) - 93% ));;--awb-border-color:var(--awb-color1);--awb-inner-border-color:var(--awb-color1);--awb-border-top:7px;--awb-inner-border-top:7px;--awb-border-right:7px;--awb-inner-border-right:7px;--awb-border-bottom:7px;--awb-inner-border-bottom:7px;--awb-border-left:7px;--awb-inner-border-left:7px;--awb-border-style:solid;--awb-inner-border-style:solid;--awb-width-large:22.22%;--awb-margin-top-large:0px;--awb-spacing-right-large:8.6408640864086%;--awb-margin-bottom-large:20px;--awb-spacing-left-large:8.6408640864086%;--awb-width-medium:50%;--awb-order-medium:0;--awb-spacing-right-medium:3.84%;--awb-spacing-left-medium:3.84%;--awb-width-small:50%;--awb-order-small:0;--awb-spacing-right-small:3.84%;--awb-spacing-left-small:3.84%;\"><span class=\"fusion-column-inner-bg hover-type-liftup\"><a class=\"fusion-column-anchor\" href=\"https:\/\/schultz.de\/produkt\/freistehende-akustikwand-cell-ces\" rel=\"noopener noreferrer\" target=\"_blank\"><span class=\"fusion-column-inner-bg-image\"><\/span><\/a><\/span><div class=\"fusion-column-wrapper fusion-flex-justify-content-flex-start fusion-content-layout-column\"><div class=\"fusion-image-element \" style=\"text-align:center;--awb-aspect-ratio:1 \/ 1;--awb-object-position:26% 47%;--awb-caption-title-font-family:var(--h2_typography-font-family);--awb-caption-title-font-weight:var(--h2_typography-font-weight);--awb-caption-title-font-style:var(--h2_typography-font-style);--awb-caption-title-size:var(--h2_typography-font-size);--awb-caption-title-transform:var(--h2_typography-text-transform);--awb-caption-title-line-height:var(--h2_typography-line-height);--awb-caption-title-letter-spacing:var(--h2_typography-letter-spacing);\"><span class=\" fusion-imageframe imageframe-none imageframe-5 hover-type-zoomin has-aspect-ratio\"><img decoding=\"async\" width=\"800\" height=\"800\" alt=\"Freistehende-Akustikwand-CELL-CES unterst\u00fctzt die L\u00e4rmreduktion im B\u00fcro\" title=\"Freistehende-Akustikwand-CELL-CES\" src=\"https:\/\/schultz.de\/ratgeber\/wp-content\/uploads\/2023\/10\/Freistehende-Akustikwand-CELL-CES.webp\" class=\"img-responsive wp-image-6091 img-with-aspect-ratio\" data-parent-fit=\"cover\" data-parent-container=\".fusion-image-element\" srcset=\"https:\/\/schultz.de\/ratgeber\/wp-content\/uploads\/2023\/10\/Freistehende-Akustikwand-CELL-CES-200x200.webp 200w, https:\/\/schultz.de\/ratgeber\/wp-content\/uploads\/2023\/10\/Freistehende-Akustikwand-CELL-CES-400x400.webp 400w, https:\/\/schultz.de\/ratgeber\/wp-content\/uploads\/2023\/10\/Freistehende-Akustikwand-CELL-CES-600x600.webp 600w, https:\/\/schultz.de\/ratgeber\/wp-content\/uploads\/2023\/10\/Freistehende-Akustikwand-CELL-CES.webp 800w\" sizes=\"(max-width: 1024px) 100vw, (max-width: 667px) 100vw, 400px\" \/><\/span><\/div><div class=\"fusion-title title fusion-title-12 fusion-sep-none fusion-title-center fusion-title-text fusion-title-size-div\" style=\"--awb-margin-top:5px;--awb-margin-bottom:5px;\"><div class=\"fusion-title-heading title-heading-center title-heading-tag fusion-responsive-typography-calculated\" style=\"margin:0;--fontSize:16;--minFontSize:16;line-height:var(--awb-typography4-line-height);\"><b>Freistehende Akustikwand CELL CES<\/b><\/div><\/div><div class=\"fusion-text fusion-text-23\" style=\"--awb-content-alignment:center;--awb-text-color:var(--awb-color5);\"><p>ab 304,00 \u20ac<\/p>\n<\/div><\/div><\/div><div class=\"fusion-layout-column fusion_builder_column fusion-builder-column-24 fusion-flex-column fusion-flex-align-self-stretch fusion-column-inner-bg-wrapper fusion-column-liftup-border\" style=\"--awb-inner-bg-color:var(--awb-color1);--awb-inner-bg-color-hover:var(--awb-color1);--awb-inner-bg-position:center center;--awb-inner-bg-size:cover;--awb-inner-bg-box-shadow:6px 0px 24px 0px hsla(var(--awb-color8-h),var(--awb-color8-s),calc( var(--awb-color8-l) - 9% ),calc( var(--awb-color8-a) - 93% ));;--awb-border-color:var(--awb-color1);--awb-inner-border-color:var(--awb-color1);--awb-border-top:7px;--awb-inner-border-top:7px;--awb-border-right:7px;--awb-inner-border-right:7px;--awb-border-bottom:7px;--awb-inner-border-bottom:7px;--awb-border-left:7px;--awb-inner-border-left:7px;--awb-border-style:solid;--awb-inner-border-style:solid;--awb-width-large:22.22%;--awb-margin-top-large:0px;--awb-spacing-right-large:8.6408640864086%;--awb-margin-bottom-large:20px;--awb-spacing-left-large:8.6408640864086%;--awb-width-medium:50%;--awb-order-medium:0;--awb-spacing-right-medium:3.84%;--awb-spacing-left-medium:3.84%;--awb-width-small:50%;--awb-order-small:0;--awb-spacing-right-small:3.84%;--awb-spacing-left-small:3.84%;\"><span class=\"fusion-column-inner-bg hover-type-liftup\"><a class=\"fusion-column-anchor\" href=\"https:\/\/schultz.de\/produkt\/freistehende-tischtrennwand-cell-cen\" rel=\"noopener noreferrer\" target=\"_blank\"><span class=\"fusion-column-inner-bg-image\"><\/span><\/a><\/span><div class=\"fusion-column-wrapper fusion-flex-justify-content-flex-start fusion-content-layout-column\"><div class=\"fusion-image-element \" style=\"text-align:center;--awb-aspect-ratio:1 \/ 1;--awb-object-position:26% 47%;--awb-caption-title-font-family:var(--h2_typography-font-family);--awb-caption-title-font-weight:var(--h2_typography-font-weight);--awb-caption-title-font-style:var(--h2_typography-font-style);--awb-caption-title-size:var(--h2_typography-font-size);--awb-caption-title-transform:var(--h2_typography-text-transform);--awb-caption-title-line-height:var(--h2_typography-line-height);--awb-caption-title-letter-spacing:var(--h2_typography-letter-spacing);\"><span class=\" fusion-imageframe imageframe-none imageframe-6 hover-type-zoomin has-aspect-ratio\"><img decoding=\"async\" width=\"800\" height=\"800\" alt=\"Freistehende Tischtrennwand CELL CEN der Marke Marbet Style, die L\u00e4rm reduziert und ein konzentriertes Arbeiten im Gro\u00dfraumb\u00fcro erm\u00f6glicht\" title=\"Freistehende-Tischtrennwand-CELL-CEN\" src=\"https:\/\/schultz.de\/ratgeber\/wp-content\/uploads\/2023\/10\/Freistehende-Tischtrennwand-CELL-CEN.webp\" class=\"img-responsive wp-image-5936 img-with-aspect-ratio\" data-parent-fit=\"cover\" data-parent-container=\".fusion-image-element\" srcset=\"https:\/\/schultz.de\/ratgeber\/wp-content\/uploads\/2023\/10\/Freistehende-Tischtrennwand-CELL-CEN-200x200.webp 200w, https:\/\/schultz.de\/ratgeber\/wp-content\/uploads\/2023\/10\/Freistehende-Tischtrennwand-CELL-CEN-400x400.webp 400w, https:\/\/schultz.de\/ratgeber\/wp-content\/uploads\/2023\/10\/Freistehende-Tischtrennwand-CELL-CEN-600x600.webp 600w, https:\/\/schultz.de\/ratgeber\/wp-content\/uploads\/2023\/10\/Freistehende-Tischtrennwand-CELL-CEN.webp 800w\" sizes=\"(max-width: 1024px) 100vw, (max-width: 667px) 100vw, 400px\" \/><\/span><\/div><div class=\"fusion-title title fusion-title-13 fusion-sep-none fusion-title-center fusion-title-text fusion-title-size-div\" style=\"--awb-margin-top:5px;--awb-margin-bottom:5px;\"><div class=\"fusion-title-heading title-heading-center title-heading-tag fusion-responsive-typography-calculated\" style=\"margin:0;--fontSize:16;--minFontSize:16;line-height:var(--awb-typography4-line-height);\"><b>Freistehende Tischtrennwand CELL CEN<\/b><\/div><\/div><div class=\"fusion-text fusion-text-24\" style=\"--awb-content-alignment:center;--awb-text-color:var(--awb-color5);\"><p>ab 160,00 \u20ac<\/p>\n<\/div><\/div><\/div><div class=\"fusion-layout-column fusion_builder_column fusion-builder-column-25 fusion_builder_column_1_6 1_6 fusion-flex-column\" style=\"--awb-bg-size:cover;--awb-width-large:16.666666666667%;--awb-margin-top-large:0px;--awb-spacing-right-large:11.52%;--awb-margin-bottom-large:20px;--awb-spacing-left-large:11.52%;--awb-width-medium:100%;--awb-order-medium:0;--awb-spacing-right-medium:1.92%;--awb-spacing-left-medium:1.92%;--awb-width-small:100%;--awb-order-small:0;--awb-spacing-right-small:1.92%;--awb-spacing-left-small:1.92%;\"><div class=\"fusion-column-wrapper fusion-column-has-shadow fusion-flex-justify-content-flex-start fusion-content-layout-column\"><\/div><\/div><div class=\"fusion-layout-column fusion_builder_column fusion-builder-column-26 fusion_builder_column_1_6 1_6 fusion-flex-column\" style=\"--awb-bg-size:cover;--awb-width-large:16.666666666667%;--awb-margin-top-large:0px;--awb-spacing-right-large:11.52%;--awb-margin-bottom-large:20px;--awb-spacing-left-large:11.52%;--awb-width-medium:100%;--awb-order-medium:0;--awb-spacing-right-medium:1.92%;--awb-spacing-left-medium:1.92%;--awb-width-small:100%;--awb-order-small:0;--awb-spacing-right-small:1.92%;--awb-spacing-left-small:1.92%;\"><div class=\"fusion-column-wrapper fusion-column-has-shadow fusion-flex-justify-content-flex-start fusion-content-layout-column\"><\/div><\/div><div class=\"fusion-layout-column fusion_builder_column fusion-builder-column-27 fusion_builder_column_2_3 2_3 fusion-flex-column\" style=\"--awb-bg-blend:overlay;--awb-bg-size:cover;--awb-width-large:66.666666666667%;--awb-margin-top-large:0px;--awb-spacing-right-large:2.88%;--awb-margin-bottom-large:20px;--awb-spacing-left-large:2.88%;--awb-width-medium:100%;--awb-spacing-right-medium:1.92%;--awb-spacing-left-medium:1.92%;--awb-width-small:100%;--awb-spacing-right-small:1.92%;--awb-spacing-left-small:1.92%;\"><div class=\"fusion-column-wrapper fusion-column-has-shadow fusion-flex-justify-content-flex-start fusion-content-layout-column\"><div class=\"fusion-text fusion-text-25\"><h4>Pinnw\u00e4nde<\/h4>\n<p>Pinnw\u00e4nde sind unverzichtbar f\u00fcr die Organisation und Visualisierung von Aufgaben, Projekten oder Ideen. Sie lassen sich flexibel gestalten und bieten ausreichend Platz f\u00fcr Notizen, Kalender oder kreative Moodboards. Mit einer farblich abgestimmten Rahmen- und Stoffauswahl k\u00f6nnen Pinnw\u00e4nde zudem stilvoll in das Raumdesign integriert werden.<\/p>\n<h4>Whiteboards<\/h4>\n<p>Whiteboards sind ein Klassiker in B\u00fcros und eignen sich perfekt f\u00fcr Meetings, Brainstormings oder Planungen. Dank moderner Designs und magnetischer Oberfl\u00e4chen lassen sie sich auch als multifunktionales Tool f\u00fcr Pr\u00e4sentationen und Notizen nutzen. Ihre schlichte \u00c4sthetik passt in nahezu jedes B\u00fcrokonzept.<\/p>\n<h4>Wandregale<\/h4>\n<p>Wandregale verbinden Funktionalit\u00e4t mit Stil. Sie bieten Stauraum f\u00fcr Akten, B\u00fccher oder Dekorationen und tragen gleichzeitig zur Ordnung im B\u00fcro bei. Mit minimalistischen oder industriellen Designs k\u00f6nnen Wandregale die Raumwirkung zus\u00e4tzlich aufwerten.<\/p>\n<h4>Wandabsorber<\/h4>\n<p>Wandabsorber kombinieren Funktion und Design. Sie reduzieren st\u00f6rende Ger\u00e4usche, verbessern die Akustik und tragen zu einem angenehmen Arbeitsumfeld bei. Dank vielf\u00e4ltiger Farben und Formen k\u00f6nnen sie gezielt eingesetzt werden, um Akustik und Optik gleicherma\u00dfen zu optimieren.<\/p>\n<\/div><\/div><\/div><div class=\"fusion-layout-column fusion_builder_column fusion-builder-column-28 fusion_builder_column_1_6 1_6 fusion-flex-column\" style=\"--awb-bg-size:cover;--awb-width-large:16.666666666667%;--awb-margin-top-large:0px;--awb-spacing-right-large:11.52%;--awb-margin-bottom-large:20px;--awb-spacing-left-large:11.52%;--awb-width-medium:100%;--awb-order-medium:0;--awb-spacing-right-medium:1.92%;--awb-spacing-left-medium:1.92%;--awb-width-small:100%;--awb-order-small:0;--awb-spacing-right-small:1.92%;--awb-spacing-left-small:1.92%;\"><div class=\"fusion-column-wrapper fusion-column-has-shadow fusion-flex-justify-content-flex-start fusion-content-layout-column\"><\/div><\/div><div class=\"fusion-layout-column fusion_builder_column fusion-builder-column-29 fusion_builder_column_1_6 1_6 fusion-flex-column\" style=\"--awb-bg-size:cover;--awb-width-large:16.666666666667%;--awb-margin-top-large:0px;--awb-spacing-right-large:11.52%;--awb-margin-bottom-large:20px;--awb-spacing-left-large:11.52%;--awb-width-medium:100%;--awb-order-medium:0;--awb-spacing-right-medium:1.92%;--awb-spacing-left-medium:1.92%;--awb-width-small:100%;--awb-order-small:0;--awb-spacing-right-small:1.92%;--awb-spacing-left-small:1.92%;\"><div class=\"fusion-column-wrapper fusion-column-has-shadow fusion-flex-justify-content-flex-start fusion-content-layout-column\"><\/div><\/div><div class=\"fusion-layout-column fusion_builder_column fusion-builder-column-30 fusion-flex-column fusion-flex-align-self-stretch fusion-column-inner-bg-wrapper fusion-column-liftup-border\" style=\"--awb-inner-bg-color:var(--awb-color1);--awb-inner-bg-color-hover:var(--awb-color1);--awb-inner-bg-position:center center;--awb-inner-bg-size:cover;--awb-inner-bg-box-shadow:6px 0px 24px 0px hsla(var(--awb-color8-h),var(--awb-color8-s),calc( var(--awb-color8-l) - 9% ),calc( var(--awb-color8-a) - 93% ));;--awb-border-color:var(--awb-color1);--awb-inner-border-color:var(--awb-color1);--awb-border-top:7px;--awb-inner-border-top:7px;--awb-border-right:7px;--awb-inner-border-right:7px;--awb-border-bottom:7px;--awb-inner-border-bottom:7px;--awb-border-left:7px;--awb-inner-border-left:7px;--awb-border-style:solid;--awb-inner-border-style:solid;--awb-width-large:22.22%;--awb-margin-top-large:0px;--awb-spacing-right-large:8.6408640864086%;--awb-margin-bottom-large:20px;--awb-spacing-left-large:8.6408640864086%;--awb-width-medium:50%;--awb-order-medium:0;--awb-spacing-right-medium:3.84%;--awb-spacing-left-medium:3.84%;--awb-width-small:50%;--awb-order-small:0;--awb-spacing-right-small:3.84%;--awb-spacing-left-small:3.84%;\"><span class=\"fusion-column-inner-bg hover-type-liftup\"><a class=\"fusion-column-anchor\" href=\"https:\/\/schultz.de\/produkt\/wandpanel-bert-100\" rel=\"noopener noreferrer\" target=\"_blank\"><span class=\"fusion-column-inner-bg-image\"><\/span><\/a><\/span><div class=\"fusion-column-wrapper fusion-flex-justify-content-flex-start fusion-content-layout-column\"><div class=\"fusion-image-element \" style=\"text-align:center;--awb-aspect-ratio:1 \/ 1;--awb-object-position:26% 47%;--awb-caption-title-font-family:var(--h2_typography-font-family);--awb-caption-title-font-weight:var(--h2_typography-font-weight);--awb-caption-title-font-style:var(--h2_typography-font-style);--awb-caption-title-size:var(--h2_typography-font-size);--awb-caption-title-transform:var(--h2_typography-text-transform);--awb-caption-title-line-height:var(--h2_typography-line-height);--awb-caption-title-letter-spacing:var(--h2_typography-letter-spacing);\"><span class=\" fusion-imageframe imageframe-none imageframe-7 hover-type-zoomin has-aspect-ratio\"><img decoding=\"async\" width=\"800\" height=\"800\" alt=\"Das Akustik Wandpanel Bert 100 von Hammerbacher reduziert den L\u00e4rmpegel\" title=\"Wandpanel-Bert-100\" src=\"https:\/\/schultz.de\/ratgeber\/wp-content\/uploads\/2023\/10\/Wandpanel-Bert-100.webp\" class=\"img-responsive wp-image-6093 img-with-aspect-ratio\" data-parent-fit=\"cover\" data-parent-container=\".fusion-image-element\" srcset=\"https:\/\/schultz.de\/ratgeber\/wp-content\/uploads\/2023\/10\/Wandpanel-Bert-100-200x200.webp 200w, https:\/\/schultz.de\/ratgeber\/wp-content\/uploads\/2023\/10\/Wandpanel-Bert-100-400x400.webp 400w, https:\/\/schultz.de\/ratgeber\/wp-content\/uploads\/2023\/10\/Wandpanel-Bert-100-600x600.webp 600w, https:\/\/schultz.de\/ratgeber\/wp-content\/uploads\/2023\/10\/Wandpanel-Bert-100.webp 800w\" sizes=\"(max-width: 1024px) 100vw, (max-width: 667px) 100vw, 400px\" \/><\/span><\/div><div class=\"fusion-title title fusion-title-14 fusion-sep-none fusion-title-center fusion-title-text fusion-title-size-div\" style=\"--awb-margin-top:5px;--awb-margin-bottom:5px;\"><div class=\"fusion-title-heading title-heading-center title-heading-tag fusion-responsive-typography-calculated\" style=\"margin:0;--fontSize:16;--minFontSize:16;line-height:var(--awb-typography4-line-height);\"><b>Wandpanel Bert 100<\/b><\/div><\/div><div class=\"fusion-text fusion-text-26\" style=\"--awb-content-alignment:center;--awb-text-color:var(--awb-color5);\"><p>ab 351,75 \u20ac<\/p>\n<\/div><\/div><\/div><div class=\"fusion-layout-column fusion_builder_column fusion-builder-column-31 fusion-flex-column fusion-flex-align-self-stretch fusion-column-inner-bg-wrapper fusion-column-liftup-border\" style=\"--awb-inner-bg-color:var(--awb-color1);--awb-inner-bg-color-hover:var(--awb-color1);--awb-inner-bg-position:center center;--awb-inner-bg-size:cover;--awb-inner-bg-box-shadow:6px 0px 24px 0px hsla(var(--awb-color8-h),var(--awb-color8-s),calc( var(--awb-color8-l) - 9% ),calc( var(--awb-color8-a) - 93% ));;--awb-border-color:var(--awb-color1);--awb-inner-border-color:var(--awb-color1);--awb-border-top:7px;--awb-inner-border-top:7px;--awb-border-right:7px;--awb-inner-border-right:7px;--awb-border-bottom:7px;--awb-inner-border-bottom:7px;--awb-border-left:7px;--awb-inner-border-left:7px;--awb-border-style:solid;--awb-inner-border-style:solid;--awb-width-large:22.22%;--awb-margin-top-large:0px;--awb-spacing-right-large:8.6408640864086%;--awb-margin-bottom-large:20px;--awb-spacing-left-large:8.6408640864086%;--awb-width-medium:50%;--awb-order-medium:0;--awb-spacing-right-medium:3.84%;--awb-spacing-left-medium:3.84%;--awb-width-small:50%;--awb-order-small:0;--awb-spacing-right-small:3.84%;--awb-spacing-left-small:3.84%;\"><span class=\"fusion-column-inner-bg hover-type-liftup\"><a class=\"fusion-column-anchor\" href=\"https:\/\/schultz.de\/produkt\/akustikwaben-bert-6-eckig\" rel=\"noopener noreferrer\" target=\"_blank\"><span class=\"fusion-column-inner-bg-image\"><\/span><\/a><\/span><div class=\"fusion-column-wrapper fusion-flex-justify-content-flex-start fusion-content-layout-column\"><div class=\"fusion-image-element \" style=\"text-align:center;--awb-aspect-ratio:1 \/ 1;--awb-object-position:26% 47%;--awb-caption-title-font-family:var(--h2_typography-font-family);--awb-caption-title-font-weight:var(--h2_typography-font-weight);--awb-caption-title-font-style:var(--h2_typography-font-style);--awb-caption-title-size:var(--h2_typography-font-size);--awb-caption-title-transform:var(--h2_typography-text-transform);--awb-caption-title-line-height:var(--h2_typography-line-height);--awb-caption-title-letter-spacing:var(--h2_typography-letter-spacing);\"><span class=\" fusion-imageframe imageframe-none imageframe-8 hover-type-zoomin has-aspect-ratio\"><img decoding=\"async\" width=\"800\" height=\"800\" alt=\"Die sechseckigen Akustikwaben Bert von Hammerbacher aus thermoplastischer Synthetik (PES) reduziert den L\u00e4rmpegel\" title=\"Akustikwaben Bert 6-eckig\" src=\"https:\/\/schultz.de\/ratgeber\/wp-content\/uploads\/2023\/10\/Akustikwaben-Bert-6-eckig.webp\" class=\"img-responsive wp-image-6092 img-with-aspect-ratio\" data-parent-fit=\"cover\" data-parent-container=\".fusion-image-element\" srcset=\"https:\/\/schultz.de\/ratgeber\/wp-content\/uploads\/2023\/10\/Akustikwaben-Bert-6-eckig-200x200.webp 200w, https:\/\/schultz.de\/ratgeber\/wp-content\/uploads\/2023\/10\/Akustikwaben-Bert-6-eckig-400x400.webp 400w, https:\/\/schultz.de\/ratgeber\/wp-content\/uploads\/2023\/10\/Akustikwaben-Bert-6-eckig-600x600.webp 600w, https:\/\/schultz.de\/ratgeber\/wp-content\/uploads\/2023\/10\/Akustikwaben-Bert-6-eckig.webp 800w\" sizes=\"(max-width: 1024px) 100vw, (max-width: 667px) 100vw, 400px\" \/><\/span><\/div><div class=\"fusion-title title fusion-title-15 fusion-sep-none fusion-title-center fusion-title-text fusion-title-size-div\" style=\"--awb-margin-top:5px;--awb-margin-bottom:5px;\"><div class=\"fusion-title-heading title-heading-center title-heading-tag fusion-responsive-typography-calculated\" style=\"margin:0;--fontSize:16;--minFontSize:16;line-height:var(--awb-typography4-line-height);\"><p><b>Akustikwaben Bert<br \/>\n6-eckig<\/b><\/p><\/div><\/div><div class=\"fusion-text fusion-text-27\" style=\"--awb-content-alignment:center;--awb-text-color:var(--awb-color5);\"><p>ab 96,75 \u20ac<\/p>\n<\/div><\/div><\/div><div class=\"fusion-layout-column fusion_builder_column fusion-builder-column-32 fusion-flex-column fusion-flex-align-self-stretch fusion-column-inner-bg-wrapper fusion-column-liftup-border\" style=\"--awb-inner-bg-color:var(--awb-color1);--awb-inner-bg-color-hover:var(--awb-color1);--awb-inner-bg-position:center center;--awb-inner-bg-size:cover;--awb-inner-bg-box-shadow:6px 0px 24px 0px hsla(var(--awb-color8-h),var(--awb-color8-s),calc( var(--awb-color8-l) - 9% ),calc( var(--awb-color8-a) - 93% ));;--awb-border-color:var(--awb-color1);--awb-inner-border-color:var(--awb-color1);--awb-border-top:7px;--awb-inner-border-top:7px;--awb-border-right:7px;--awb-inner-border-right:7px;--awb-border-bottom:7px;--awb-inner-border-bottom:7px;--awb-border-left:7px;--awb-inner-border-left:7px;--awb-border-style:solid;--awb-inner-border-style:solid;--awb-width-large:22.22%;--awb-margin-top-large:0px;--awb-spacing-right-large:8.6408640864086%;--awb-margin-bottom-large:20px;--awb-spacing-left-large:8.6408640864086%;--awb-width-medium:50%;--awb-order-medium:0;--awb-spacing-right-medium:3.84%;--awb-spacing-left-medium:3.84%;--awb-width-small:50%;--awb-order-small:0;--awb-spacing-right-small:3.84%;--awb-spacing-left-small:3.84%;\"><span class=\"fusion-column-inner-bg hover-type-liftup\"><a class=\"fusion-column-anchor\" href=\"https:\/\/schultz.de\/produkt\/wandpanel-bert-200\" rel=\"noopener noreferrer\" target=\"_blank\"><span class=\"fusion-column-inner-bg-image\"><\/span><\/a><\/span><div class=\"fusion-column-wrapper fusion-flex-justify-content-flex-start fusion-content-layout-column\"><div class=\"fusion-image-element \" style=\"text-align:center;--awb-aspect-ratio:1 \/ 1;--awb-object-position:26% 47%;--awb-caption-title-font-family:var(--h2_typography-font-family);--awb-caption-title-font-weight:var(--h2_typography-font-weight);--awb-caption-title-font-style:var(--h2_typography-font-style);--awb-caption-title-size:var(--h2_typography-font-size);--awb-caption-title-transform:var(--h2_typography-text-transform);--awb-caption-title-line-height:var(--h2_typography-line-height);--awb-caption-title-letter-spacing:var(--h2_typography-letter-spacing);\"><span class=\" fusion-imageframe imageframe-none imageframe-9 hover-type-zoomin has-aspect-ratio\"><img decoding=\"async\" width=\"800\" height=\"800\" alt=\"Die Akustik-Stellwand Bert von Hammerbacher im Filzoptik unterst\u00fctzt fokussiertes Arbeiten in Gro\u00dfraumb\u00fcros, Bibliotheken, Schulen und Universit\u00e4ten\" title=\"Wandpanel-Bert-200\" src=\"https:\/\/schultz.de\/ratgeber\/wp-content\/uploads\/2023\/10\/Wandpanel-Bert-200.webp\" class=\"img-responsive wp-image-5935 img-with-aspect-ratio\" data-parent-fit=\"cover\" data-parent-container=\".fusion-image-element\" srcset=\"https:\/\/schultz.de\/ratgeber\/wp-content\/uploads\/2023\/10\/Wandpanel-Bert-200-200x200.webp 200w, https:\/\/schultz.de\/ratgeber\/wp-content\/uploads\/2023\/10\/Wandpanel-Bert-200-400x400.webp 400w, https:\/\/schultz.de\/ratgeber\/wp-content\/uploads\/2023\/10\/Wandpanel-Bert-200-600x600.webp 600w, https:\/\/schultz.de\/ratgeber\/wp-content\/uploads\/2023\/10\/Wandpanel-Bert-200.webp 800w\" sizes=\"(max-width: 1024px) 100vw, (max-width: 667px) 100vw, 400px\" \/><\/span><\/div><div class=\"fusion-title title fusion-title-16 fusion-sep-none fusion-title-center fusion-title-text fusion-title-size-div\" style=\"--awb-margin-top:5px;--awb-margin-bottom:5px;\"><div class=\"fusion-title-heading title-heading-center title-heading-tag fusion-responsive-typography-calculated\" style=\"margin:0;--fontSize:16;--minFontSize:16;line-height:var(--awb-typography4-line-height);\"><b>Wandpanel Bert 200<\/b><\/div><\/div><div class=\"fusion-text fusion-text-28\" style=\"--awb-content-alignment:center;--awb-text-color:var(--awb-color5);\"><p>ab 567,00 \u20ac<\/p>\n<\/div><\/div><\/div><div class=\"fusion-layout-column fusion_builder_column fusion-builder-column-33 fusion_builder_column_1_6 1_6 fusion-flex-column\" style=\"--awb-bg-size:cover;--awb-width-large:16.666666666667%;--awb-margin-top-large:0px;--awb-spacing-right-large:11.52%;--awb-margin-bottom-large:20px;--awb-spacing-left-large:11.52%;--awb-width-medium:100%;--awb-order-medium:0;--awb-spacing-right-medium:1.92%;--awb-spacing-left-medium:1.92%;--awb-width-small:100%;--awb-order-small:0;--awb-spacing-right-small:1.92%;--awb-spacing-left-small:1.92%;\"><div class=\"fusion-column-wrapper fusion-column-has-shadow fusion-flex-justify-content-flex-start fusion-content-layout-column\"><\/div><\/div><div class=\"fusion-layout-column fusion_builder_column fusion-builder-column-34 fusion_builder_column_2_3 2_3 fusion-flex-column\" style=\"--awb-bg-blend:overlay;--awb-bg-size:cover;--awb-width-large:66.666666666667%;--awb-margin-top-large:0px;--awb-spacing-right-large:2.88%;--awb-margin-bottom-large:20px;--awb-spacing-left-large:2.88%;--awb-width-medium:100%;--awb-spacing-right-medium:1.92%;--awb-spacing-left-medium:1.92%;--awb-width-small:100%;--awb-spacing-right-small:1.92%;--awb-spacing-left-small:1.92%;\"><div class=\"fusion-column-wrapper fusion-column-has-shadow fusion-flex-justify-content-flex-start fusion-content-layout-column\"><div class=\"fusion-title title fusion-title-17 fusion-sep-none fusion-title-text fusion-title-size-two\"><h2 class=\"fusion-title-heading title-heading-left fusion-responsive-typography-calculated\" style=\"margin:0;--fontSize:53;line-height:1.1;\">Fazit: So setzen Sie Farben gezielt f\u00fcr die Wandgestaltung im B\u00fcro ein<\/h2><\/div><div class=\"fusion-text fusion-text-29\"><p>Die Gestaltung der W\u00e4nde in B\u00fcros ist weit mehr als nur eine \u00e4sthetische Entscheidung \u2013 sie beeinflusst ma\u00dfgeblich das Wohlbefinden, die Produktivit\u00e4t und die Zusammenarbeit im Arbeitsalltag. Farben, Formen und Dekorationen k\u00f6nnen gezielt eingesetzt werden, um verschiedene Atmosph\u00e4ren zu schaffen, von kreativen und inspirierenden R\u00e4umen bis hin zu ruhigen und konzentrierten Arbeitsbereichen.<\/p>\n<p>Die psychologische Wirkung von Farben, die Prinzipien des Feng Shui und die vielf\u00e4ltigen M\u00f6glichkeiten funktionaler Wandgestaltung bieten eine ideale Grundlage, um B\u00fcros individuell und zielgerichtet aufzuwerten. Egal ob beruhigende Blaut\u00f6ne, motivierende Gelbakzente oder nat\u00fcrliche Elemente wie Moosw\u00e4nde \u2013 die richtige Wandgestaltung verwandelt Arbeitsr\u00e4ume in Orte, an denen Menschen gerne zusammenkommen und ihr Bestes geben.<\/p>\n<\/div><\/div><\/div><div class=\"fusion-layout-column fusion_builder_column fusion-builder-column-35 fusion_builder_column_2_3 2_3 fusion-flex-column\" style=\"--awb-bg-blend:overlay;--awb-bg-size:cover;--awb-width-large:66.666666666667%;--awb-margin-top-large:0px;--awb-spacing-right-large:2.88%;--awb-margin-bottom-large:20px;--awb-spacing-left-large:2.88%;--awb-width-medium:100%;--awb-spacing-right-medium:1.92%;--awb-spacing-left-medium:1.92%;--awb-width-small:100%;--awb-spacing-right-small:1.92%;--awb-spacing-left-small:1.92%;\"><div class=\"fusion-column-wrapper fusion-column-has-shadow fusion-flex-justify-content-flex-start fusion-content-layout-column\"><div class=\"fusion-title title fusion-title-18 fusion-sep-none fusion-title-text fusion-title-size-two\"><h2 class=\"fusion-title-heading title-heading-left fusion-responsive-typography-calculated\" style=\"margin:0;--fontSize:53;line-height:1.1;\">FAQ: Ihre h\u00e4ufigen Fragen zur Wandgestaltung im B\u00fcro<\/h2><\/div><style type=\"text\/css\">#accordian-1 .fusion-panel:hover,#accordian-1 .fusion-panel.hover{ background-color: var(--awb-color2) } #accordian-1 .fusion-panel { border-color:var(--awb-color2); border-width:0px; background-color:var(--awb-color2); }.fusion-accordian #accordian-1 .panel-title a .fa-fusion-box:before{ font-size: 16px;width: 16px;}.fusion-accordian #accordian-1 .panel-title a .fa-fusion-box{ color: var(--awb-color1);}.fusion-accordian  #accordian-1 .panel-title a{font-family:var(--awb-typography1-font-family);font-weight:var(--awb-typography1-font-weight);font-style:var(--awb-typography1-font-style);}.fusion-accordian  #accordian-1 .panel-title a:not(:hover){color:var(--awb-color7);}.fusion-accordian  #accordian-1 .toggle-content{font-family:var(--awb-typography4-font-family);font-weight:var(--awb-typography4-font-weight);font-style:var(--awb-typography4-font-style);}.fusion-accordian #accordian-1 .fa-fusion-box { background-color: var(--awb-color4) !important;border-color: var(--awb-color4) !important;}.fusion-accordian #accordian-1 .panel-title a:hover,.fusion-accordian #accordian-1 .panel-title a.hover { color: var(--awb-color4);}.fusion-faq-shortcode .fusion-accordian #accordian-1 .fusion-toggle-boxed-mode:hover .panel-title a { color: var(--awb-color4);}.fusion-accordian #accordian-1 .panel-title .active .fa-fusion-box,.fusion-accordian #accordian-1 .panel-title a:hover .fa-fusion-box,.fusion-accordian #accordian-1 .panel-title a.hover .fa-fusion-box { background-color: var(--awb-color4)!important;border-color: var(--awb-color4)!important;}<\/style><div class=\"fusion-faq-shortcode\" style=\"margin-bottom:60px;\"><div class=\"fusion-faqs-wrapper\"><div class=\"accordian fusion-accordian\"><div class=\"panel-group \" id=\"accordian-1\"><div class=\"fusion-panel fusion-toggle-no-divider fusion-toggle-boxed-mode panel-default fusion-faq-post fusion-faq-post-9448 buero-wandgestaltung \"><span class=\"entry-title rich-snippet-hidden\">Wie kann ich mit wenig Aufwand die W\u00e4nde in meinem B\u00fcro aufwerten?<\/span><span class=\"vcard rich-snippet-hidden\"><span class=\"fn\"><a href=\"https:\/\/schultz.de\/ratgeber\/author\/schultz-blog_admin\/\" title=\"Beitr\u00e4ge von Nicolas Schultz\" rel=\"author\">Nicolas Schultz<\/a><\/span><\/span><span class=\"updated rich-snippet-hidden\">2025-01-21T03:47:06+01:00<\/span><div class=\"panel-heading\"><h3 id=\"faq_1-9448\" class=\"panel-title toggle\"><a data-toggle=\"collapse\" class=\"collapsed\" data-parent=\"#accordian-1\" data-target=\"#collapse-1-9448\" href=\"#collapse-1-9448\" aria-expanded=\"false\"><div class=\"fusion-toggle-icon-wrapper\"><div class=\"fusion-toggle-icon-wrapper-main\"><div class=\"fusion-toggle-icon-wrapper-sub\"><i class=\"fa-fusion-box active-icon awb-icon-minus\" aria-hidden=\"true\"><\/i><i class=\"fa-fusion-box inactive-icon awb-icon-plus\" aria-hidden=\"true\"><\/i><\/div><\/div><\/div><div class=\"fusion-toggle-heading\">Wie kann ich mit wenig Aufwand die W\u00e4nde in meinem B\u00fcro aufwerten?<\/div><\/a><\/h3><\/div><div id=\"collapse-1-9448\" aria-labelledby=\"faq_1-9448\" class=\"panel-collapse collapse\"><div class=\"panel-body toggle-content post-content\"><p><span style=\"font-weight: 400;\">Auch kleine Ver\u00e4nderungen k\u00f6nnen eine gro\u00dfe Wirkung haben. Wanddekorationen wie Poster, Bilder oder Wandtattoos sind einfach anzubringen und schaffen eine pers\u00f6nliche Note. Magnettafeln oder Pinnw\u00e4nde bieten nicht nur einen dekorativen, sondern auch einen funktionalen Mehrwert. F\u00fcr einen modernen Look k\u00f6nnen Sie Akzentfarben oder Wandabsorber nutzen, die gleichzeitig die Akustik verbessern.<\/span><\/p>\n<\/div><\/div><\/div><div class=\"fusion-panel fusion-toggle-no-divider fusion-toggle-boxed-mode panel-default fusion-faq-post fusion-faq-post-9450 buero-wandgestaltung \"><span class=\"entry-title rich-snippet-hidden\">Welche Wandfarben eignen sich f\u00fcr B\u00fcros mit wenig Tageslicht?<\/span><span class=\"vcard rich-snippet-hidden\"><span class=\"fn\"><a href=\"https:\/\/schultz.de\/ratgeber\/author\/schultz-blog_admin\/\" title=\"Beitr\u00e4ge von Nicolas Schultz\" rel=\"author\">Nicolas Schultz<\/a><\/span><\/span><span class=\"updated rich-snippet-hidden\">2025-01-21T03:47:46+01:00<\/span><div class=\"panel-heading\"><h3 id=\"faq_1-9450\" class=\"panel-title toggle\"><a data-toggle=\"collapse\" class=\"collapsed\" data-parent=\"#accordian-1\" data-target=\"#collapse-1-9450\" href=\"#collapse-1-9450\" aria-expanded=\"false\"><div class=\"fusion-toggle-icon-wrapper\"><div class=\"fusion-toggle-icon-wrapper-main\"><div class=\"fusion-toggle-icon-wrapper-sub\"><i class=\"fa-fusion-box active-icon awb-icon-minus\" aria-hidden=\"true\"><\/i><i class=\"fa-fusion-box inactive-icon awb-icon-plus\" aria-hidden=\"true\"><\/i><\/div><\/div><\/div><div class=\"fusion-toggle-heading\">Welche Wandfarben eignen sich f\u00fcr B\u00fcros mit wenig Tageslicht?<\/div><\/a><\/h3><\/div><div id=\"collapse-1-9450\" aria-labelledby=\"faq_1-9450\" class=\"panel-collapse collapse\"><div class=\"panel-body toggle-content post-content\"><p><span style=\"font-weight: 400;\">In R\u00e4umen mit wenig nat\u00fcrlichem Licht sind helle Farben wie Wei\u00df, Pastellt\u00f6ne oder ein zartes Gelb ideal. Sie reflektieren das vorhandene Licht und lassen den Raum freundlicher wirken. Akzente in warmen Farben wie Beige oder sanftem Orange k\u00f6nnen zus\u00e4tzlich Gem\u00fctlichkeit schaffen.<\/span><\/p>\n<\/div><\/div><\/div><div class=\"fusion-panel fusion-toggle-no-divider fusion-toggle-boxed-mode panel-default fusion-faq-post fusion-faq-post-9452 buero-wandgestaltung \"><span class=\"entry-title rich-snippet-hidden\">Kann ich Wandgestaltung und Akustikl\u00f6sungen kombinieren?<\/span><span class=\"vcard rich-snippet-hidden\"><span class=\"fn\"><a href=\"https:\/\/schultz.de\/ratgeber\/author\/schultz-blog_admin\/\" title=\"Beitr\u00e4ge von Nicolas Schultz\" rel=\"author\">Nicolas Schultz<\/a><\/span><\/span><span class=\"updated rich-snippet-hidden\">2025-01-21T03:48:46+01:00<\/span><div class=\"panel-heading\"><h3 id=\"faq_1-9452\" class=\"panel-title toggle\"><a data-toggle=\"collapse\" class=\"collapsed\" data-parent=\"#accordian-1\" data-target=\"#collapse-1-9452\" href=\"#collapse-1-9452\" aria-expanded=\"false\"><div class=\"fusion-toggle-icon-wrapper\"><div class=\"fusion-toggle-icon-wrapper-main\"><div class=\"fusion-toggle-icon-wrapper-sub\"><i class=\"fa-fusion-box active-icon awb-icon-minus\" aria-hidden=\"true\"><\/i><i class=\"fa-fusion-box inactive-icon awb-icon-plus\" aria-hidden=\"true\"><\/i><\/div><\/div><\/div><div class=\"fusion-toggle-heading\">Kann ich Wandgestaltung und Akustikl\u00f6sungen kombinieren?<\/div><\/a><\/h3><\/div><div id=\"collapse-1-9452\" aria-labelledby=\"faq_1-9452\" class=\"panel-collapse collapse\"><div class=\"panel-body toggle-content post-content\"><p><span style=\"font-weight: 400;\">Ja, viele moderne Akustikelemente sind nicht nur funktional, sondern auch \u00e4sthetisch gestaltet. Wandabsorber oder Akustikpaneele gibt es in verschiedenen Farben und Designs, sodass sie sich harmonisch in die Wandgestaltung einf\u00fcgen. Dadurch verbessern Sie die Raumakustik und setzen gleichzeitig gestalterische Akzente.<\/span><\/p>\n<\/div><\/div><\/div><div class=\"fusion-panel fusion-toggle-no-divider fusion-toggle-boxed-mode panel-default fusion-faq-post fusion-faq-post-9454 buero-wandgestaltung \"><span class=\"entry-title rich-snippet-hidden\">Welche Farben helfen, Stress im B\u00fcro zu reduzieren?<\/span><span class=\"vcard rich-snippet-hidden\"><span class=\"fn\"><a href=\"https:\/\/schultz.de\/ratgeber\/author\/schultz-blog_admin\/\" title=\"Beitr\u00e4ge von Nicolas Schultz\" rel=\"author\">Nicolas Schultz<\/a><\/span><\/span><span class=\"updated rich-snippet-hidden\">2025-01-21T03:49:40+01:00<\/span><div class=\"panel-heading\"><h3 id=\"faq_1-9454\" class=\"panel-title toggle\"><a data-toggle=\"collapse\" class=\"collapsed\" data-parent=\"#accordian-1\" data-target=\"#collapse-1-9454\" href=\"#collapse-1-9454\" aria-expanded=\"false\"><div class=\"fusion-toggle-icon-wrapper\"><div class=\"fusion-toggle-icon-wrapper-main\"><div class=\"fusion-toggle-icon-wrapper-sub\"><i class=\"fa-fusion-box active-icon awb-icon-minus\" aria-hidden=\"true\"><\/i><i class=\"fa-fusion-box inactive-icon awb-icon-plus\" aria-hidden=\"true\"><\/i><\/div><\/div><\/div><div class=\"fusion-toggle-heading\">Welche Farben helfen, Stress im B\u00fcro zu reduzieren?<\/div><\/a><\/h3><\/div><div id=\"collapse-1-9454\" aria-labelledby=\"faq_1-9454\" class=\"panel-collapse collapse\"><div class=\"panel-body toggle-content post-content\"><p><span style=\"font-weight: 400;\">Beruhigende Farben wie Gr\u00fcn oder Blau sind ideal, um Stress abzubauen und eine entspannte Atmosph\u00e4re zu schaffen. Pastellfarben oder neutrale T\u00f6ne wie Sand oder Grau k\u00f6nnen ebenfalls dazu beitragen, eine harmonische Umgebung zu f\u00f6rdern.<\/span><\/p>\n<\/div><\/div><\/div><div class=\"fusion-panel fusion-toggle-no-divider fusion-toggle-boxed-mode panel-default fusion-faq-post fusion-faq-post-9456 buero-wandgestaltung \"><span class=\"entry-title rich-snippet-hidden\">Wie kann ich ein kleines B\u00fcro gr\u00f6\u00dfer wirken lassen?<\/span><span class=\"vcard rich-snippet-hidden\"><span class=\"fn\"><a href=\"https:\/\/schultz.de\/ratgeber\/author\/schultz-blog_admin\/\" title=\"Beitr\u00e4ge von Nicolas Schultz\" rel=\"author\">Nicolas Schultz<\/a><\/span><\/span><span class=\"updated rich-snippet-hidden\">2025-01-21T03:50:15+01:00<\/span><div class=\"panel-heading\"><h3 id=\"faq_1-9456\" class=\"panel-title toggle\"><a data-toggle=\"collapse\" class=\"collapsed\" data-parent=\"#accordian-1\" data-target=\"#collapse-1-9456\" href=\"#collapse-1-9456\" aria-expanded=\"false\"><div class=\"fusion-toggle-icon-wrapper\"><div class=\"fusion-toggle-icon-wrapper-main\"><div class=\"fusion-toggle-icon-wrapper-sub\"><i class=\"fa-fusion-box active-icon awb-icon-minus\" aria-hidden=\"true\"><\/i><i class=\"fa-fusion-box inactive-icon awb-icon-plus\" aria-hidden=\"true\"><\/i><\/div><\/div><\/div><div class=\"fusion-toggle-heading\">Wie kann ich ein kleines B\u00fcro gr\u00f6\u00dfer wirken lassen?<\/div><\/a><\/h3><\/div><div id=\"collapse-1-9456\" aria-labelledby=\"faq_1-9456\" class=\"panel-collapse collapse\"><div class=\"panel-body toggle-content post-content\"><p><span style=\"font-weight: 400;\">Helle Farben wie Wei\u00df oder Pastellt\u00f6ne lassen kleine R\u00e4ume optisch gr\u00f6\u00dfer und offener wirken. Vertikale Streifen oder Wanddekorationen, die den Blick nach oben lenken, k\u00f6nnen die Deckenh\u00f6he betonen. Spiegel oder gl\u00e4nzende Oberfl\u00e4chen verst\u00e4rken den Effekt zus\u00e4tzlich.<\/span><\/p>\n<\/div><\/div><\/div><div class=\"fusion-panel fusion-toggle-no-divider fusion-toggle-boxed-mode panel-default fusion-faq-post fusion-faq-post-9458 buero-wandgestaltung \"><span class=\"entry-title rich-snippet-hidden\">Welche Trends gibt es aktuell bei der Wandgestaltung f\u00fcr B\u00fcros?<\/span><span class=\"vcard rich-snippet-hidden\"><span class=\"fn\"><a href=\"https:\/\/schultz.de\/ratgeber\/author\/schultz-blog_admin\/\" title=\"Beitr\u00e4ge von Nicolas Schultz\" rel=\"author\">Nicolas Schultz<\/a><\/span><\/span><span class=\"updated rich-snippet-hidden\">2025-01-21T03:50:58+01:00<\/span><div class=\"panel-heading\"><h3 id=\"faq_1-9458\" class=\"panel-title toggle\"><a data-toggle=\"collapse\" class=\"collapsed\" data-parent=\"#accordian-1\" data-target=\"#collapse-1-9458\" href=\"#collapse-1-9458\" aria-expanded=\"false\"><div class=\"fusion-toggle-icon-wrapper\"><div class=\"fusion-toggle-icon-wrapper-main\"><div class=\"fusion-toggle-icon-wrapper-sub\"><i class=\"fa-fusion-box active-icon awb-icon-minus\" aria-hidden=\"true\"><\/i><i class=\"fa-fusion-box inactive-icon awb-icon-plus\" aria-hidden=\"true\"><\/i><\/div><\/div><\/div><div class=\"fusion-toggle-heading\">Welche Trends gibt es aktuell bei der Wandgestaltung f\u00fcr B\u00fcros?<\/div><\/a><\/h3><\/div><div id=\"collapse-1-9458\" aria-labelledby=\"faq_1-9458\" class=\"panel-collapse collapse\"><div class=\"panel-body toggle-content post-content\"><p><span style=\"font-weight: 400;\">Derzeit sind nat\u00fcrliche Elemente wie Moosw\u00e4nde oder gr\u00fcne Akzente besonders gefragt. Auch minimalistische Designs mit klaren Linien und Akzentfarben liegen im Trend. Funktionale Wandgestaltung, beispielsweise mit magnetischen Tafeln oder multifunktionalen Regalsystemen, wird ebenfalls immer beliebter.<\/span><\/p>\n<\/div><\/div><\/div><\/div><\/div><\/div><\/div><div class=\"fusion-builder-row fusion-builder-row-inner fusion-row fusion-flex-align-items-flex-start fusion-flex-justify-content-center fusion-flex-content-wrap\" style=\"width:104% !important;max-width:104% !important;margin-left: calc(-4% \/ 2 );margin-right: calc(-4% \/ 2 );\"><div class=\"fusion-layout-column fusion_builder_column_inner fusion-builder-nested-column-0 fusion_builder_column_inner_1_1 1_1 fusion-flex-column quellenangaben\" style=\"--awb-bg-size:cover;--awb-width-large:100%;--awb-margin-top-large:0px;--awb-spacing-right-large:1.92%;--awb-margin-bottom-large:20px;--awb-spacing-left-large:1.92%;--awb-width-medium:100%;--awb-order-medium:0;--awb-spacing-right-medium:1.92%;--awb-spacing-left-medium:1.92%;--awb-width-small:100%;--awb-order-small:0;--awb-spacing-right-small:1.92%;--awb-spacing-left-small:1.92%;\"><div class=\"fusion-column-wrapper fusion-column-has-shadow fusion-flex-justify-content-flex-start fusion-content-layout-column\"><div class=\"fusion-title title fusion-title-19 fusion-sep-none fusion-title-text fusion-title-size-two\" style=\"--awb-margin-bottom:0px;\"><h2 class=\"fusion-title-heading title-heading-left fusion-responsive-typography-calculated\" style=\"margin:0;--fontSize:53;line-height:1.1;\">Quellen<\/h2><\/div><div class=\"fusion-text fusion-text-30\"><ol>\n<li>https:\/\/publica-rest.fraunhofer.de\/server\/api\/core\/bitstreams\/c75dfe9e-ae31-4cdf-8524-d0c73bd7cc22\/content<\/li>\n<li>https:\/\/www.researchgate.net\/publication\/339900001_Studie_Farbe_und_Gesundheit_<br \/>\nBeurteilung_der_psychologischen_und_medizinischen_Wirkungen_der_Umweltfaktoren_<br \/>\nFarbe_und_Licht_auf_Patienten_und_Personal_im_Bereich_der_Intensivmedizin<\/li>\n<\/ol>\n<\/div><\/div><\/div><\/div><\/div><\/div><\/div><\/div><div class=\"fusion-fullwidth fullwidth-box fusion-builder-row-5 fusion-flex-container has-pattern-background has-mask-background nonhundred-percent-fullwidth non-hundred-percent-height-scrolling\" style=\"--link_hover_color: var(--awb-color5);--link_color: var(--awb-color6);--awb-border-sizes-top:0px;--awb-border-sizes-bottom:0px;--awb-border-sizes-left:0px;--awb-border-sizes-right:0px;--awb-border-radius-top-left:0px;--awb-border-radius-top-right:0px;--awb-border-radius-bottom-right:0px;--awb-border-radius-bottom-left:0px;--awb-padding-top:40px;--awb-padding-right:40px;--awb-padding-bottom:40px;--awb-padding-left:40px;--awb-padding-top-small:20px;--awb-padding-right-small:20px;--awb-padding-bottom-small:20px;--awb-padding-left-small:20px;--awb-background-color:var(--awb-color1);--awb-flex-wrap:wrap;\" ><div class=\"fusion-builder-row fusion-row fusion-flex-align-items-stretch fusion-flex-content-wrap\" style=\"max-width:1248px;margin-left: calc(-4% \/ 2 );margin-right: calc(-4% \/ 2 );\"><div class=\"fusion-layout-column fusion_builder_column fusion-builder-column-36 fusion_builder_column_1_1 1_1 fusion-flex-column autor fusion-animated\" style=\"--awb-padding-right:20px;--awb-padding-left:20px;--awb-padding-left-small:0px;--awb-bg-blend:overlay;--awb-bg-size:cover;--awb-box-shadow:5px 0px 8px 0px hsla(var(--awb-color8-h),var(--awb-color8-s),calc( var(--awb-color8-l) - 9% ),calc( var(--awb-color8-a) - 95% ));;--awb-border-color:var(--awb-color5);--awb-border-top:2px;--awb-border-style:solid;--awb-width-large:100%;--awb-margin-top-large:25px;--awb-spacing-right-large:1.44%;--awb-margin-bottom-large:20px;--awb-spacing-left-large:1.44%;--awb-width-medium:100%;--awb-order-medium:0;--awb-spacing-right-medium:1.44%;--awb-spacing-left-medium:1.44%;--awb-width-small:100%;--awb-order-small:0;--awb-margin-top-small:0;--awb-spacing-right-small:0px;--awb-margin-bottom-small:0;--awb-spacing-left-small:1.92%;\" data-animationType=\"fadeInUp\" data-animationDuration=\"1.5\" data-animationOffset=\"top-into-view\"><div class=\"fusion-column-wrapper fusion-column-has-shadow fusion-flex-justify-content-flex-start fusion-content-layout-column\"><div class=\"fusion-text fusion-text-31\" style=\"--awb-font-size:20px;--awb-text-transform:uppercase;--awb-text-color:var(--awb-color7);--awb-margin-top:20px;\"><p><strong>\u00dcber den Autor<\/strong><\/p>\n<\/div><div class=\"fusion-builder-row fusion-builder-row-inner fusion-row fusion-flex-align-items-stretch fusion-flex-content-wrap\" style=\"width:104% !important;max-width:104% !important;margin-left: calc(-4% \/ 2 );margin-right: calc(-4% \/ 2 );\"><div class=\"fusion-layout-column fusion_builder_column_inner fusion-builder-nested-column-1 fusion-flex-column fusion-flex-align-self-stretch\" style=\"--awb-bg-position:center center;--awb-bg-size:cover;--awb-width-large:11%;--awb-margin-top-large:0px;--awb-spacing-right-large:17.454545454545%;--awb-margin-bottom-large:0px;--awb-spacing-left-large:17.454545454545%;--awb-width-medium:20%;--awb-order-medium:0;--awb-spacing-right-medium:9.6%;--awb-spacing-left-medium:9.6%;--awb-width-small:100%;--awb-order-small:0;--awb-spacing-right-small:1.92%;--awb-spacing-left-small:1.92%;\"><div class=\"fusion-column-wrapper fusion-column-has-shadow fusion-flex-justify-content-flex-start fusion-content-layout-column\"><div class=\"fusion-image-element \" style=\"--awb-caption-title-font-family:var(--h2_typography-font-family);--awb-caption-title-font-weight:var(--h2_typography-font-weight);--awb-caption-title-font-style:var(--h2_typography-font-style);--awb-caption-title-size:var(--h2_typography-font-size);--awb-caption-title-transform:var(--h2_typography-text-transform);--awb-caption-title-line-height:var(--h2_typography-line-height);--awb-caption-title-letter-spacing:var(--h2_typography-letter-spacing);\"><span class=\" fusion-imageframe imageframe-none imageframe-10 hover-type-none\"><img decoding=\"async\" src=\"https:\/\/schultz.de\/ratgeber\/wp-content\/uploads\/2023\/03\/cropped-team5-white-square-96x96.png\" alt class=\"img-responsive\"\/><\/span><\/div><\/div><\/div><div class=\"fusion-layout-column fusion_builder_column_inner fusion-builder-nested-column-2 fusion-flex-column fusion-flex-align-self-stretch\" style=\"--awb-bg-size:cover;--awb-width-large:89%;--awb-margin-top-large:0px;--awb-spacing-right-large:2.1573033707865%;--awb-margin-bottom-large:0px;--awb-spacing-left-large:2.1573033707865%;--awb-width-medium:80%;--awb-order-medium:0;--awb-spacing-right-medium:2.4%;--awb-spacing-left-medium:2.4%;--awb-width-small:100%;--awb-order-small:0;--awb-spacing-right-small:1.92%;--awb-spacing-left-small:1.92%;\"><div class=\"fusion-column-wrapper fusion-column-has-shadow fusion-flex-justify-content-flex-start fusion-content-layout-column\"><div class=\"fusion-title title fusion-title-20 fusion-sep-none fusion-title-text fusion-title-size-paragraph\" style=\"--awb-margin-bottom:0px;--awb-margin-bottom-small:0px;--awb-font-size:var(--awb-typography4-font-size);\"><p class=\"fusion-title-heading title-heading-left title-heading-tag fusion-responsive-typography-calculated\" style=\"font-family:&quot;Sofia Pro Regular&quot;;font-style:normal;font-weight:400;margin:0;letter-spacing:var(--awb-typography4-letter-spacing);text-transform:var(--awb-typography4-text-transform);font-size:1em;--fontSize:16;--minFontSize:16;line-height:var(--awb-typography4-line-height);\">Nicolas Schultz<\/p><\/div><div class=\"fusion-text fusion-text-32 autor-description\"><p>Gesch\u00e4ftsf\u00fchrer<\/p>\n<p>Durch seine Erfahrung und sein Fachwissen in der M\u00f6belbranche wei\u00df Nicolas, wie wichtig die richtige Ergonomie f\u00fcr die Gesundheit und Fitness der Menschen ist. Sein Ziel ist es, dass jeder Kunde gesund und fit bleibt und seine Arbeit oder sein Leben ohne Schmerzen und Beschwerden genie\u00dfen kann.\nNeben seiner Leidenschaft f\u00fcr die Arbeit als Gesch\u00e4ftsf\u00fchrer f\u00e4hrt er gerne mit dem Fahrrad durch den Wald und liebt es, neue Orte zu entdecken. Sein Interesse f\u00fcr das Reisen hat ihm wertvolle Einblicke in verschiedene Kulturen und Lebensweisen gegeben.<\/p>\n<\/div><\/div><\/div><\/div><\/div><\/div>\n<\/div><\/div><div class=\"fusion-fullwidth fullwidth-box fusion-builder-row-6 fusion-flex-container has-pattern-background has-mask-background post-newsletter nonhundred-percent-fullwidth non-hundred-percent-height-scrolling fusion-animated\" style=\"--awb-border-radius-top-left:0px;--awb-border-radius-top-right:0px;--awb-border-radius-bottom-right:0px;--awb-border-radius-bottom-left:0px;--awb-padding-top:30px;--awb-padding-bottom-small:20px;--awb-flex-wrap:wrap;\" data-animationType=\"fadeInUp\" data-animationDuration=\"1.5\" data-animationOffset=\"top-into-view\" ><div class=\"fusion-builder-row fusion-row fusion-flex-align-items-stretch fusion-flex-justify-content-center fusion-flex-content-wrap\" style=\"max-width:1248px;margin-left: calc(-4% \/ 2 );margin-right: calc(-4% \/ 2 );\"><div class=\"fusion-layout-column fusion_builder_column fusion-builder-column-37 fusion_builder_column_1_1 1_1 fusion-flex-column\" style=\"--awb-bg-color:var(--awb-color2);--awb-bg-color-hover:var(--awb-color2);--awb-bg-size:cover;--awb-width-large:100%;--awb-margin-top-large:40px;--awb-spacing-right-large:1.92%;--awb-margin-bottom-large:20px;--awb-spacing-left-large:1.92%;--awb-width-medium:100%;--awb-order-medium:0;--awb-spacing-right-medium:1.92%;--awb-spacing-left-medium:1.92%;--awb-width-small:100%;--awb-order-small:0;--awb-spacing-right-small:1.92%;--awb-spacing-left-small:1.92%;\"><div class=\"fusion-column-wrapper fusion-column-has-shadow fusion-flex-justify-content-flex-start fusion-content-layout-column\"><div class=\"fusion-builder-row fusion-builder-row-inner fusion-row fusion-flex-align-items-stretch fusion-flex-justify-content-center fusion-flex-content-wrap\" style=\"width:104% !important;max-width:104% !important;margin-left: calc(-4% \/ 2 );margin-right: calc(-4% \/ 2 );\"><div class=\"fusion-layout-column fusion_builder_column_inner fusion-builder-nested-column-3 fusion_builder_column_inner_1_4 1_4 fusion-flex-column\" style=\"--awb-bg-image:url(&#039;https:\/\/schultz.de\/ratgeber\/wp-content\/uploads\/2023\/03\/popup-bg.jpg&#039;);--awb-bg-position:center center;--awb-bg-size:cover;--awb-width-large:25%;--awb-margin-top-large:0px;--awb-spacing-right-large:7.68%;--awb-margin-bottom-large:0px;--awb-spacing-left-large:7.68%;--awb-width-medium:25%;--awb-order-medium:0;--awb-spacing-right-medium:7.68%;--awb-spacing-left-medium:7.68%;--awb-width-small:100%;--awb-order-small:0;--awb-spacing-right-small:1.92%;--awb-spacing-left-small:1.92%;\"><div class=\"fusion-column-wrapper fusion-column-has-shadow fusion-flex-justify-content-flex-start fusion-content-layout-column fusion-empty-column-bg-image fusion-column-has-bg-image\" data-bg-url=\"https:\/\/schultz.de\/ratgeber\/wp-content\/uploads\/2023\/03\/popup-bg.jpg\"><img decoding=\"async\" class=\"fusion-empty-dims-img-placeholder fusion-no-large-visibility fusion-no-medium-visibility\" src=\"data:image\/gif;base64,R0lGODlhAQABAAAAACH5BAEKAAEALAAAAAABAAEAAAICTAEAOw==\"><\/div><\/div><div class=\"fusion-layout-column fusion_builder_column_inner fusion-builder-nested-column-4 fusion_builder_column_inner_3_4 3_4 fusion-flex-column\" style=\"--awb-padding-top:40px;--awb-padding-top-small:40px;--awb-padding-right-small:20px;--awb-padding-left-small:20px;--awb-bg-size:cover;--awb-width-large:75%;--awb-margin-top-large:0px;--awb-spacing-right-large:2.56%;--awb-margin-bottom-large:20px;--awb-spacing-left-large:2.56%;--awb-width-medium:75%;--awb-order-medium:0;--awb-spacing-right-medium:2.56%;--awb-spacing-left-medium:2.56%;--awb-width-small:100%;--awb-order-small:0;--awb-spacing-right-small:1.92%;--awb-spacing-left-small:1.92%;\" data-scroll-devices=\"small-visibility,medium-visibility,large-visibility\"><div class=\"fusion-column-wrapper fusion-column-has-shadow fusion-flex-justify-content-flex-start fusion-content-layout-column\"><div class=\"fusion-title title fusion-title-21 fusion-sep-none fusion-title-text fusion-title-size-div\" style=\"--awb-text-color:var(--awb-color7);--awb-margin-top:0px;--awb-margin-bottom:0px;--awb-margin-bottom-small:0px;--awb-font-size:30px;\"><div class=\"fusion-title-heading title-heading-left title-heading-tag fusion-responsive-typography-calculated\" style=\"font-family:var(--awb-typography1-font-family);font-weight:var(--awb-typography1-font-weight);font-style:var(--awb-typography1-font-style);margin:0;letter-spacing:var(--awb-typography1-letter-spacing);text-transform:var(--awb-typography1-text-transform);font-size:1em;--fontSize:30;line-height:1.1;\">Erhalten Sie 5 % Rabatt auf Ihre erste Bestellung<\/div><\/div><div class=\"fusion-separator\" style=\"align-self: flex-start;margin-right:auto;margin-top:15px;margin-bottom:15px;width:100%;max-width:100px;\"><div class=\"fusion-separator-border sep-single sep-solid\" style=\"--awb-height:20px;--awb-amount:20px;--awb-sep-color:var(--awb-color4);border-color:var(--awb-color4);border-top-width:1px;\"><\/div><\/div><ul style=\"--awb-item-padding-top:0px;--awb-line-height:27.2px;--awb-icon-width:27.2px;--awb-icon-height:27.2px;--awb-icon-margin:11.2px;--awb-content-margin:38.4px;\" class=\"fusion-checklist fusion-checklist-1 type-icons newsletter-checklist\"><li class=\"fusion-li-item\" style=\"\"><span class=\"icon-wrapper circle-no\"><i class=\"fusion-li-icon fa-check fas\" aria-hidden=\"true\"><\/i><\/span><div class=\"fusion-li-item-content\">\n<p>Newsletter abonnieren \u2013 Rabatt erhalten<\/p>\n<\/div><\/li><li class=\"fusion-li-item\" style=\"\"><span class=\"icon-wrapper circle-no\"><i class=\"fusion-li-icon fa-check fas\" aria-hidden=\"true\"><\/i><\/span><div class=\"fusion-li-item-content\">\n<p>Sonderangebote und Neuheiten per E-Mail<\/p>\n<\/div><\/li><li class=\"fusion-li-item\" style=\"\"><span class=\"icon-wrapper circle-no\"><i class=\"fusion-li-icon fa-check fas\" aria-hidden=\"true\"><\/i><\/span><div class=\"fusion-li-item-content\">\n<p>Kostenlos &amp; jederzeit abbestellbar<\/p>\n<\/div><\/li><\/ul><div ><a class=\"fusion-button button-flat fusion-button-default-size button-default fusion-button-default button-3 fusion-button-default-span fusion-button-default-type\" style=\"--button_margin-top:20px;\" target=\"_blank\" rel=\"noopener noreferrer\" href=\"https:\/\/schultz.de\/newsletter\"><span class=\"fusion-button-text awb-button__text awb-button__text--default\">Newsletter abonnieren<\/span><\/a><\/div><\/div><\/div><\/div><\/div><\/div><div class=\"fusion-layout-column fusion_builder_column fusion-builder-column-38 fusion_builder_column_1_1 1_1 fusion-flex-column\" style=\"--awb-bg-size:cover;--awb-width-large:100%;--awb-margin-top-large:40px;--awb-spacing-right-large:1.92%;--awb-margin-bottom-large:20px;--awb-spacing-left-large:1.92%;--awb-width-medium:100%;--awb-order-medium:0;--awb-spacing-right-medium:1.92%;--awb-spacing-left-medium:1.92%;--awb-width-small:100%;--awb-order-small:0;--awb-spacing-right-small:1.92%;--awb-margin-bottom-small:0;--awb-spacing-left-small:1.92%;\"><div class=\"fusion-column-wrapper fusion-column-has-shadow fusion-flex-justify-content-flex-start fusion-content-layout-column\"> <div class=\"brlbs-cmpnt-container brlbs-cmpnt-content-blocker brlbs-cmpnt-with-individual-styles\" data-borlabs-cookie-content-blocker-id=\"elfsight\" data-borlabs-cookie-content=\"CjxzY3JpcHQgc3JjPSJodHRwczovL2FwcHMuZWxmc2lnaHQuY29tL3AvcGxhdGZvcm0uanMiIGRlZmVyPjwvc2NyaXB0Pgo8ZGl2IGNsYXNzPSJlbGZzaWdodC1hcHAtZTY4YmJlMzYtYjk0My00YzNhLTg0NjEtNmI2NmI1NDQxOWNlIj48L2Rpdj4K\"><div class=\"brlbs-cmpnt-cb-preset-a\"> <p class=\"brlbs-cmpnt-cb-description\">Sie sehen gerade einen Platzhalterinhalt von <strong>Elfsight<\/strong>. Um auf den eigentlichen Inhalt zuzugreifen, klicken Sie auf die Schaltfl\u00e4che unten. Bitte beachten Sie, dass dabei Daten an Drittanbieter weitergegeben werden.<\/p> <div class=\"brlbs-cmpnt-cb-buttons\"> <a class=\"brlbs-cmpnt-cb-btn\" href=\"#\" data-borlabs-cookie-unblock role=\"button\">Inhalt entsperren<\/a> <a class=\"brlbs-cmpnt-cb-btn\" href=\"#\" data-borlabs-cookie-accept-service role=\"button\" style=\"display: inherit\">Erforderlichen Service akzeptieren und Inhalte entsperren<\/a> <\/div> <a class=\"brlbs-cmpnt-cb-provider-toggle\" href=\"#\" data-borlabs-cookie-show-provider-information role=\"button\">Mehr Informationen<\/a> <\/div><\/div><\/div><\/div><\/div><\/div>\n<\/p>\n","protected":false},"excerpt":{"rendered":"","protected":false},"author":2,"featured_media":9538,"comment_status":"open","ping_status":"open","sticky":false,"template":"","format":"standard","meta":{"_acf_changed":false,"footnotes":""},"categories":[85],"tags":[],"class_list":["post-9537","post","type-post","status-publish","format-standard","has-post-thumbnail","hentry","category-gestaltung-und-einrichtung"],"acf":[],"yoast_head":"<!-- This site is optimized with the Yoast SEO plugin v26.5 - https:\/\/yoast.com\/wordpress\/plugins\/seo\/ -->\n<title>B\u00fcro Wandgestaltung \u27a4 Professionelle Tipps &amp; kreative Ideen<\/title>\n<meta name=\"description\" content=\"Sie m\u00f6chten Ihr B\u00fcro durch clevere Wandgestaltung produktiver und einladender gestalten? \u27a4 Entdecken Sie Farbtipps &amp; praktische Gestaltungsideen!\" \/>\n<meta name=\"robots\" content=\"index, follow, max-snippet:-1, max-image-preview:large, max-video-preview:-1\" \/>\n<link rel=\"canonical\" href=\"https:\/\/schultz.de\/ratgeber\/buero-wandgestaltung\/\" \/>\n<meta property=\"og:locale\" content=\"de_DE\" \/>\n<meta property=\"og:type\" content=\"article\" \/>\n<meta property=\"og:title\" content=\"B\u00fcro Wandgestaltung \u27a4 Professionelle Tipps &amp; kreative Ideen\" \/>\n<meta property=\"og:description\" content=\"Sie m\u00f6chten Ihr B\u00fcro durch clevere Wandgestaltung produktiver und einladender gestalten? \u27a4 Entdecken Sie Farbtipps &amp; praktische Gestaltungsideen!\" \/>\n<meta property=\"og:url\" content=\"https:\/\/schultz.de\/ratgeber\/buero-wandgestaltung\/\" \/>\n<meta property=\"og:site_name\" content=\"Schultz Ratgeber\" \/>\n<meta property=\"article:publisher\" content=\"https:\/\/www.facebook.com\/schultz.de\/\" \/>\n<meta property=\"article:published_time\" content=\"2025-01-23T05:56:56+00:00\" \/>\n<meta property=\"article:modified_time\" content=\"2025-02-26T06:58:52+00:00\" \/>\n<meta property=\"og:image\" content=\"https:\/\/schultz.de\/ratgeber\/wp-content\/uploads\/2025\/01\/Wandgestaltung-im-Buro.jpg\" \/>\n\t<meta property=\"og:image:width\" content=\"1920\" \/>\n\t<meta property=\"og:image:height\" content=\"518\" \/>\n\t<meta property=\"og:image:type\" content=\"image\/jpeg\" \/>\n<meta name=\"author\" content=\"Nicolas Schultz\" \/>\n<script type=\"application\/ld+json\" class=\"yoast-schema-graph\">{\"@context\":\"https:\/\/schema.org\",\"@graph\":[{\"@type\":\"Article\",\"@id\":\"https:\/\/schultz.de\/ratgeber\/buero-wandgestaltung\/#article\",\"isPartOf\":{\"@id\":\"https:\/\/schultz.de\/ratgeber\/buero-wandgestaltung\/\"},\"author\":{\"name\":\"Nicolas Schultz\",\"@id\":\"https:\/\/schultz.de\/ratgeber\/#\/schema\/person\/fd10318afcbad7472f446bdd3d2a0af4\"},\"headline\":\"Wandgestaltung im B\u00fcro: Die wichtigsten Tipps und kreative Inspirationen\",\"datePublished\":\"2025-01-23T05:56:56+00:00\",\"dateModified\":\"2025-02-26T06:58:52+00:00\",\"mainEntityOfPage\":{\"@id\":\"https:\/\/schultz.de\/ratgeber\/buero-wandgestaltung\/\"},\"wordCount\":13738,\"commentCount\":0,\"publisher\":{\"@id\":\"https:\/\/schultz.de\/ratgeber\/#organization\"},\"image\":{\"@id\":\"https:\/\/schultz.de\/ratgeber\/buero-wandgestaltung\/#primaryimage\"},\"thumbnailUrl\":\"https:\/\/schultz.de\/ratgeber\/wp-content\/uploads\/2025\/01\/Wandgestaltung-im-Buro.webp\",\"articleSection\":[\"Gestaltung und Einrichtung\"],\"inLanguage\":\"de\",\"potentialAction\":[{\"@type\":\"CommentAction\",\"name\":\"Comment\",\"target\":[\"https:\/\/schultz.de\/ratgeber\/buero-wandgestaltung\/#respond\"]}]},{\"@type\":\"WebPage\",\"@id\":\"https:\/\/schultz.de\/ratgeber\/buero-wandgestaltung\/\",\"url\":\"https:\/\/schultz.de\/ratgeber\/buero-wandgestaltung\/\",\"name\":\"B\u00fcro Wandgestaltung \u27a4 Professionelle Tipps & kreative Ideen\",\"isPartOf\":{\"@id\":\"https:\/\/schultz.de\/ratgeber\/#website\"},\"primaryImageOfPage\":{\"@id\":\"https:\/\/schultz.de\/ratgeber\/buero-wandgestaltung\/#primaryimage\"},\"image\":{\"@id\":\"https:\/\/schultz.de\/ratgeber\/buero-wandgestaltung\/#primaryimage\"},\"thumbnailUrl\":\"https:\/\/schultz.de\/ratgeber\/wp-content\/uploads\/2025\/01\/Wandgestaltung-im-Buro.webp\",\"datePublished\":\"2025-01-23T05:56:56+00:00\",\"dateModified\":\"2025-02-26T06:58:52+00:00\",\"description\":\"Sie m\u00f6chten Ihr B\u00fcro durch clevere Wandgestaltung produktiver und einladender gestalten? \u27a4 Entdecken Sie Farbtipps & praktische Gestaltungsideen!\",\"breadcrumb\":{\"@id\":\"https:\/\/schultz.de\/ratgeber\/buero-wandgestaltung\/#breadcrumb\"},\"inLanguage\":\"de\",\"potentialAction\":[{\"@type\":\"ReadAction\",\"target\":[\"https:\/\/schultz.de\/ratgeber\/buero-wandgestaltung\/\"]}]},{\"@type\":\"ImageObject\",\"inLanguage\":\"de\",\"@id\":\"https:\/\/schultz.de\/ratgeber\/buero-wandgestaltung\/#primaryimage\",\"url\":\"https:\/\/schultz.de\/ratgeber\/wp-content\/uploads\/2025\/01\/Wandgestaltung-im-Buro.webp\",\"contentUrl\":\"https:\/\/schultz.de\/ratgeber\/wp-content\/uploads\/2025\/01\/Wandgestaltung-im-Buro.webp\",\"width\":1920,\"height\":518,\"caption\":\"Modernes B\u00fcro mit Pflanzen und nat\u00fcrlichem Licht \u2013 optimales Raumklima f\u00fcr Produktivit\u00e4t\"},{\"@type\":\"BreadcrumbList\",\"@id\":\"https:\/\/schultz.de\/ratgeber\/buero-wandgestaltung\/#breadcrumb\",\"itemListElement\":[{\"@type\":\"ListItem\",\"position\":1,\"name\":\"Home\",\"item\":\"https:\/\/schultz.de\/ratgeber\/\"},{\"@type\":\"ListItem\",\"position\":2,\"name\":\"Wandgestaltung im B\u00fcro: Die wichtigsten Tipps und kreative Inspirationen\"}]},{\"@type\":\"WebSite\",\"@id\":\"https:\/\/schultz.de\/ratgeber\/#website\",\"url\":\"https:\/\/schultz.de\/ratgeber\/\",\"name\":\"SCHULTZ Ratgeber\",\"description\":\"\",\"publisher\":{\"@id\":\"https:\/\/schultz.de\/ratgeber\/#organization\"},\"potentialAction\":[{\"@type\":\"SearchAction\",\"target\":{\"@type\":\"EntryPoint\",\"urlTemplate\":\"https:\/\/schultz.de\/ratgeber\/?s={search_term_string}\"},\"query-input\":{\"@type\":\"PropertyValueSpecification\",\"valueRequired\":true,\"valueName\":\"search_term_string\"}}],\"inLanguage\":\"de\"},{\"@type\":\"Organization\",\"@id\":\"https:\/\/schultz.de\/ratgeber\/#organization\",\"name\":\"SCHULTZ\",\"url\":\"https:\/\/schultz.de\/ratgeber\/\",\"logo\":{\"@type\":\"ImageObject\",\"inLanguage\":\"de\",\"@id\":\"https:\/\/schultz.de\/ratgeber\/#\/schema\/logo\/image\/\",\"url\":\"\",\"contentUrl\":\"\",\"caption\":\"SCHULTZ\"},\"image\":{\"@id\":\"https:\/\/schultz.de\/ratgeber\/#\/schema\/logo\/image\/\"},\"sameAs\":[\"https:\/\/www.facebook.com\/schultz.de\/\",\"https:\/\/www.linkedin.com\/company\/schultz-moebel\/\",\"https:\/\/www.instagram.com\/schultz_bueromoebel\/\",\"https:\/\/www.youtube.com\/user\/SchultzEinrichtungen\"]},{\"@type\":\"Person\",\"@id\":\"https:\/\/schultz.de\/ratgeber\/#\/schema\/person\/fd10318afcbad7472f446bdd3d2a0af4\",\"name\":\"Nicolas Schultz\",\"image\":{\"@type\":\"ImageObject\",\"inLanguage\":\"de\",\"@id\":\"https:\/\/schultz.de\/ratgeber\/#\/schema\/person\/image\/\",\"url\":\"https:\/\/schultz.de\/ratgeber\/wp-content\/uploads\/2023\/03\/cropped-team5-white-square-96x96.png\",\"contentUrl\":\"https:\/\/schultz.de\/ratgeber\/wp-content\/uploads\/2023\/03\/cropped-team5-white-square-96x96.png\",\"caption\":\"Nicolas Schultz\"},\"description\":\"Gesch\u00e4ftsf\u00fchrer Durch seine Erfahrung und sein Fachwissen in der M\u00f6belbranche wei\u00df Nicolas, wie wichtig die richtige Ergonomie f\u00fcr die Gesundheit und Fitness der Menschen ist. Sein Ziel ist es, dass jeder Kunde gesund und fit bleibt und seine Arbeit oder sein Leben ohne Schmerzen und Beschwerden genie\u00dfen kann. Neben seiner Leidenschaft f\u00fcr die Arbeit als Gesch\u00e4ftsf\u00fchrer f\u00e4hrt er gerne mit dem Fahrrad durch den Wald und liebt es, neue Orte zu entdecken. Sein Interesse f\u00fcr das Reisen hat ihm wertvolle Einblicke in verschiedene Kulturen und Lebensweisen gegeben.\",\"url\":\"https:\/\/schultz.de\/ratgeber\/author\/schultz-blog_admin\/\"}]}<\/script>\n<!-- \/ Yoast SEO plugin. -->","yoast_head_json":{"title":"B\u00fcro Wandgestaltung \u27a4 Professionelle Tipps & kreative Ideen","description":"Sie m\u00f6chten Ihr B\u00fcro durch clevere Wandgestaltung produktiver und einladender gestalten? \u27a4 Entdecken Sie Farbtipps & praktische Gestaltungsideen!","robots":{"index":"index","follow":"follow","max-snippet":"max-snippet:-1","max-image-preview":"max-image-preview:large","max-video-preview":"max-video-preview:-1"},"canonical":"https:\/\/schultz.de\/ratgeber\/buero-wandgestaltung\/","og_locale":"de_DE","og_type":"article","og_title":"B\u00fcro Wandgestaltung \u27a4 Professionelle Tipps & kreative Ideen","og_description":"Sie m\u00f6chten Ihr B\u00fcro durch clevere Wandgestaltung produktiver und einladender gestalten? \u27a4 Entdecken Sie Farbtipps & praktische Gestaltungsideen!","og_url":"https:\/\/schultz.de\/ratgeber\/buero-wandgestaltung\/","og_site_name":"Schultz Ratgeber","article_publisher":"https:\/\/www.facebook.com\/schultz.de\/","article_published_time":"2025-01-23T05:56:56+00:00","article_modified_time":"2025-02-26T06:58:52+00:00","og_image":[{"width":1920,"height":518,"url":"https:\/\/schultz.de\/ratgeber\/wp-content\/uploads\/2025\/01\/Wandgestaltung-im-Buro.jpg","type":"image\/jpeg"}],"author":"Nicolas Schultz","schema":{"@context":"https:\/\/schema.org","@graph":[{"@type":"Article","@id":"https:\/\/schultz.de\/ratgeber\/buero-wandgestaltung\/#article","isPartOf":{"@id":"https:\/\/schultz.de\/ratgeber\/buero-wandgestaltung\/"},"author":{"name":"Nicolas Schultz","@id":"https:\/\/schultz.de\/ratgeber\/#\/schema\/person\/fd10318afcbad7472f446bdd3d2a0af4"},"headline":"Wandgestaltung im B\u00fcro: Die wichtigsten Tipps und kreative Inspirationen","datePublished":"2025-01-23T05:56:56+00:00","dateModified":"2025-02-26T06:58:52+00:00","mainEntityOfPage":{"@id":"https:\/\/schultz.de\/ratgeber\/buero-wandgestaltung\/"},"wordCount":13738,"commentCount":0,"publisher":{"@id":"https:\/\/schultz.de\/ratgeber\/#organization"},"image":{"@id":"https:\/\/schultz.de\/ratgeber\/buero-wandgestaltung\/#primaryimage"},"thumbnailUrl":"https:\/\/schultz.de\/ratgeber\/wp-content\/uploads\/2025\/01\/Wandgestaltung-im-Buro.webp","articleSection":["Gestaltung und Einrichtung"],"inLanguage":"de","potentialAction":[{"@type":"CommentAction","name":"Comment","target":["https:\/\/schultz.de\/ratgeber\/buero-wandgestaltung\/#respond"]}]},{"@type":"WebPage","@id":"https:\/\/schultz.de\/ratgeber\/buero-wandgestaltung\/","url":"https:\/\/schultz.de\/ratgeber\/buero-wandgestaltung\/","name":"B\u00fcro Wandgestaltung \u27a4 Professionelle Tipps & kreative Ideen","isPartOf":{"@id":"https:\/\/schultz.de\/ratgeber\/#website"},"primaryImageOfPage":{"@id":"https:\/\/schultz.de\/ratgeber\/buero-wandgestaltung\/#primaryimage"},"image":{"@id":"https:\/\/schultz.de\/ratgeber\/buero-wandgestaltung\/#primaryimage"},"thumbnailUrl":"https:\/\/schultz.de\/ratgeber\/wp-content\/uploads\/2025\/01\/Wandgestaltung-im-Buro.webp","datePublished":"2025-01-23T05:56:56+00:00","dateModified":"2025-02-26T06:58:52+00:00","description":"Sie m\u00f6chten Ihr B\u00fcro durch clevere Wandgestaltung produktiver und einladender gestalten? \u27a4 Entdecken Sie Farbtipps & praktische Gestaltungsideen!","breadcrumb":{"@id":"https:\/\/schultz.de\/ratgeber\/buero-wandgestaltung\/#breadcrumb"},"inLanguage":"de","potentialAction":[{"@type":"ReadAction","target":["https:\/\/schultz.de\/ratgeber\/buero-wandgestaltung\/"]}]},{"@type":"ImageObject","inLanguage":"de","@id":"https:\/\/schultz.de\/ratgeber\/buero-wandgestaltung\/#primaryimage","url":"https:\/\/schultz.de\/ratgeber\/wp-content\/uploads\/2025\/01\/Wandgestaltung-im-Buro.webp","contentUrl":"https:\/\/schultz.de\/ratgeber\/wp-content\/uploads\/2025\/01\/Wandgestaltung-im-Buro.webp","width":1920,"height":518,"caption":"Modernes B\u00fcro mit Pflanzen und nat\u00fcrlichem Licht \u2013 optimales Raumklima f\u00fcr Produktivit\u00e4t"},{"@type":"BreadcrumbList","@id":"https:\/\/schultz.de\/ratgeber\/buero-wandgestaltung\/#breadcrumb","itemListElement":[{"@type":"ListItem","position":1,"name":"Home","item":"https:\/\/schultz.de\/ratgeber\/"},{"@type":"ListItem","position":2,"name":"Wandgestaltung im B\u00fcro: Die wichtigsten Tipps und kreative Inspirationen"}]},{"@type":"WebSite","@id":"https:\/\/schultz.de\/ratgeber\/#website","url":"https:\/\/schultz.de\/ratgeber\/","name":"SCHULTZ Ratgeber","description":"","publisher":{"@id":"https:\/\/schultz.de\/ratgeber\/#organization"},"potentialAction":[{"@type":"SearchAction","target":{"@type":"EntryPoint","urlTemplate":"https:\/\/schultz.de\/ratgeber\/?s={search_term_string}"},"query-input":{"@type":"PropertyValueSpecification","valueRequired":true,"valueName":"search_term_string"}}],"inLanguage":"de"},{"@type":"Organization","@id":"https:\/\/schultz.de\/ratgeber\/#organization","name":"SCHULTZ","url":"https:\/\/schultz.de\/ratgeber\/","logo":{"@type":"ImageObject","inLanguage":"de","@id":"https:\/\/schultz.de\/ratgeber\/#\/schema\/logo\/image\/","url":"","contentUrl":"","caption":"SCHULTZ"},"image":{"@id":"https:\/\/schultz.de\/ratgeber\/#\/schema\/logo\/image\/"},"sameAs":["https:\/\/www.facebook.com\/schultz.de\/","https:\/\/www.linkedin.com\/company\/schultz-moebel\/","https:\/\/www.instagram.com\/schultz_bueromoebel\/","https:\/\/www.youtube.com\/user\/SchultzEinrichtungen"]},{"@type":"Person","@id":"https:\/\/schultz.de\/ratgeber\/#\/schema\/person\/fd10318afcbad7472f446bdd3d2a0af4","name":"Nicolas Schultz","image":{"@type":"ImageObject","inLanguage":"de","@id":"https:\/\/schultz.de\/ratgeber\/#\/schema\/person\/image\/","url":"https:\/\/schultz.de\/ratgeber\/wp-content\/uploads\/2023\/03\/cropped-team5-white-square-96x96.png","contentUrl":"https:\/\/schultz.de\/ratgeber\/wp-content\/uploads\/2023\/03\/cropped-team5-white-square-96x96.png","caption":"Nicolas Schultz"},"description":"Gesch\u00e4ftsf\u00fchrer Durch seine Erfahrung und sein Fachwissen in der M\u00f6belbranche wei\u00df Nicolas, wie wichtig die richtige Ergonomie f\u00fcr die Gesundheit und Fitness der Menschen ist. Sein Ziel ist es, dass jeder Kunde gesund und fit bleibt und seine Arbeit oder sein Leben ohne Schmerzen und Beschwerden genie\u00dfen kann. Neben seiner Leidenschaft f\u00fcr die Arbeit als Gesch\u00e4ftsf\u00fchrer f\u00e4hrt er gerne mit dem Fahrrad durch den Wald und liebt es, neue Orte zu entdecken. Sein Interesse f\u00fcr das Reisen hat ihm wertvolle Einblicke in verschiedene Kulturen und Lebensweisen gegeben.","url":"https:\/\/schultz.de\/ratgeber\/author\/schultz-blog_admin\/"}]}},"_links":{"self":[{"href":"https:\/\/schultz.de\/ratgeber\/wp-json\/wp\/v2\/posts\/9537","targetHints":{"allow":["GET"]}}],"collection":[{"href":"https:\/\/schultz.de\/ratgeber\/wp-json\/wp\/v2\/posts"}],"about":[{"href":"https:\/\/schultz.de\/ratgeber\/wp-json\/wp\/v2\/types\/post"}],"author":[{"embeddable":true,"href":"https:\/\/schultz.de\/ratgeber\/wp-json\/wp\/v2\/users\/2"}],"replies":[{"embeddable":true,"href":"https:\/\/schultz.de\/ratgeber\/wp-json\/wp\/v2\/comments?post=9537"}],"version-history":[{"count":5,"href":"https:\/\/schultz.de\/ratgeber\/wp-json\/wp\/v2\/posts\/9537\/revisions"}],"predecessor-version":[{"id":9583,"href":"https:\/\/schultz.de\/ratgeber\/wp-json\/wp\/v2\/posts\/9537\/revisions\/9583"}],"wp:featuredmedia":[{"embeddable":true,"href":"https:\/\/schultz.de\/ratgeber\/wp-json\/wp\/v2\/media\/9538"}],"wp:attachment":[{"href":"https:\/\/schultz.de\/ratgeber\/wp-json\/wp\/v2\/media?parent=9537"}],"wp:term":[{"taxonomy":"category","embeddable":true,"href":"https:\/\/schultz.de\/ratgeber\/wp-json\/wp\/v2\/categories?post=9537"},{"taxonomy":"post_tag","embeddable":true,"href":"https:\/\/schultz.de\/ratgeber\/wp-json\/wp\/v2\/tags?post=9537"}],"curies":[{"name":"wp","href":"https:\/\/api.w.org\/{rel}","templated":true}]}}