{"id":8838,"date":"2024-11-19T16:26:11","date_gmt":"2024-11-19T15:26:11","guid":{"rendered":"https:\/\/schultz.de\/ratgeber\/?p=8838"},"modified":"2025-02-07T17:12:52","modified_gmt":"2025-02-07T16:12:52","slug":"buerogestaltung","status":"publish","type":"post","link":"https:\/\/schultz.de\/ratgeber\/buerogestaltung\/","title":{"rendered":"Moderne B\u00fcrogestaltung: Trends und kreative Ideen"},"content":{"rendered":"<p><div class=\"fusion-fullwidth fullwidth-box fusion-builder-row-1 fusion-flex-container has-pattern-background has-mask-background nonhundred-percent-fullwidth non-hundred-percent-height-scrolling\" style=\"--awb-border-sizes-top:0px;--awb-border-sizes-bottom:0px;--awb-border-sizes-left:0px;--awb-border-sizes-right:0px;--awb-border-radius-top-left:0px;--awb-border-radius-top-right:0px;--awb-border-radius-bottom-right:0px;--awb-border-radius-bottom-left:0px;--awb-padding-top:40px;--awb-padding-right:40px;--awb-padding-left:40px;--awb-background-color:var(--awb-color1);--awb-flex-wrap:wrap;\" ><div class=\"fusion-builder-row fusion-row fusion-flex-align-items-flex-start fusion-flex-content-wrap\" style=\"max-width:1248px;margin-left: calc(-4% \/ 2 );margin-right: calc(-4% \/ 2 );\"><div class=\"fusion-layout-column fusion_builder_column fusion-builder-column-0 fusion_builder_column_1_2 1_2 fusion-flex-column\" style=\"--awb-bg-color:rgba(255,255,255,0);--awb-bg-color-hover:rgba(255,255,255,0);--awb-bg-size:cover;--awb-border-color:var(--awb-color5);--awb-border-top:0px;--awb-border-style:solid;--awb-width-large:50%;--awb-margin-top-large:0px;--awb-spacing-right-large:3.84%;--awb-margin-bottom-large:20px;--awb-spacing-left-large:3.84%;--awb-width-medium:100%;--awb-order-medium:0;--awb-spacing-right-medium:1.92%;--awb-spacing-left-medium:1.92%;--awb-width-small:100%;--awb-order-small:0;--awb-spacing-right-small:1.92%;--awb-spacing-left-small:1.92%;\"><div class=\"fusion-column-wrapper fusion-column-has-shadow fusion-flex-justify-content-flex-start fusion-content-layout-column\"><div class=\"fusion-text fusion-text-1\" style=\"--awb-font-size:var(--awb-typography2-font-size);--awb-line-height:var(--awb-typography2-line-height);--awb-letter-spacing:var(--awb-typography2-letter-spacing);--awb-text-transform:none;--awb-text-font-family:var(--awb-typography2-font-family);--awb-text-font-weight:var(--awb-typography2-font-weight);--awb-text-font-style:var(--awb-typography2-font-style);\"><p>\u201eW\u00e4hle einen Beruf, den du liebst, und du brauchst keinen Tag in deinem Leben mehr zu arbeiten.\u201c Schon Konfuzius hatte eine Idee davon, wie wichtig es ist, Themen wie Arbeit und das pers\u00f6nliche Wohlgef\u00fchl nicht zu trennen. Doch wie oft betreten Sie in Ihrem Alltag ein B\u00fcro, das trist und einfallslos gestaltet ist und eher den Fluchtimpuls weckt, als den Wunsch, zu bleiben? Eine durchdachte B\u00fcrogestaltung kann genau das \u00e4ndern.<\/p>\n<\/div><\/div><\/div><div class=\"fusion-layout-column fusion_builder_column fusion-builder-column-1 fusion_builder_column_1_2 1_2 fusion-flex-column\" style=\"--awb-padding-top:20px;--awb-padding-right:20px;--awb-padding-bottom:20px;--awb-padding-left:20px;--awb-bg-color:var(--awb-color3);--awb-bg-color-hover:var(--awb-color3);--awb-bg-size:cover;--awb-border-color:var(--awb-color5);--awb-border-top:0px;--awb-border-style:solid;--awb-width-large:50%;--awb-margin-top-large:0px;--awb-spacing-right-large:3.84%;--awb-margin-bottom-large:20px;--awb-spacing-left-large:3.84%;--awb-width-medium:100%;--awb-order-medium:0;--awb-spacing-right-medium:1.92%;--awb-spacing-left-medium:1.92%;--awb-width-small:100%;--awb-order-small:0;--awb-spacing-right-small:1.92%;--awb-spacing-left-small:1.92%;\" data-scroll-devices=\"small-visibility,medium-visibility,large-visibility\"><div class=\"fusion-column-wrapper fusion-column-has-shadow fusion-flex-justify-content-flex-start fusion-content-layout-column\"><div class=\"fusion-text fusion-text-2 fusion-text-no-margin\" style=\"--awb-font-size:20px;--awb-text-transform:uppercase;--awb-text-color:var(--awb-color7);--awb-margin-bottom:10px;\"><p><strong>Inhaltsverzeichnis<\/strong><\/p>\n<\/div><div class=\"awb-toc-el awb-toc-el--1\" data-awb-toc-id=\"1\" data-awb-toc-options=\"{&quot;allowed_heading_tags&quot;:{&quot;h2&quot;:0},&quot;ignore_headings&quot;:&quot;.related-posts h2,#reply-title, ul h4&quot;,&quot;ignore_headings_words&quot;:&quot;Produktdesign|10 Euro Gutschein sichern&quot;,&quot;enable_cache&quot;:&quot;yes&quot;,&quot;highlight_current_heading&quot;:&quot;no&quot;,&quot;hide_hidden_titles&quot;:&quot;yes&quot;,&quot;limit_container&quot;:&quot;all&quot;,&quot;select_custom_headings&quot;:&quot;&quot;,&quot;icon&quot;:&quot;fa-flag fas&quot;,&quot;counter_type&quot;:&quot;decimal&quot;}\" style=\"--awb-item-color:var(--awb-color6);--awb-list-indent:1em;--awb-counter-type:counters(awb-toc, &quot;.&quot;, decimal) &quot;. &quot;;--awb-item-overflow:hidden;--awb-item-white-space:nowrap;--awb-item-text-overflow:ellipsis;\"><div class=\"awb-toc-el__content\"><ul class=\"awb-toc-el__list awb-toc-el__list--0\"><li class=\"awb-toc-el__list-item\"><a class=\"awb-toc-el__item-anchor\" href=\"#toc_Warum_ist_die_Burogestaltung_so_wichtig\">Warum ist die B\u00fcrogestaltung so wichtig?<\/a><\/li><li class=\"awb-toc-el__list-item\"><a class=\"awb-toc-el__item-anchor\" href=\"#toc_Wichtige_Trends_in_der_modernen_Burogestaltung\">Wichtige Trends in der modernen B\u00fcrogestaltung<\/a><\/li><li class=\"awb-toc-el__list-item\"><a class=\"awb-toc-el__item-anchor\" href=\"#toc_Verschiedene_Burokonzepte_im_Uberblick\">Verschiedene B\u00fcrokonzepte im \u00dcberblick<\/a><\/li><li class=\"awb-toc-el__list-item\"><a class=\"awb-toc-el__item-anchor\" href=\"#toc_Ergonomie_am_Arbeitsplatz\">Ergonomie am Arbeitsplatz<\/a><\/li><li class=\"awb-toc-el__list-item\"><a class=\"awb-toc-el__item-anchor\" href=\"#toc_Farbgestaltung_und_Beleuchtung\">Farbgestaltung und Beleuchtung<\/a><\/li><li class=\"awb-toc-el__list-item\"><a class=\"awb-toc-el__item-anchor\" href=\"#toc_Dekoration_und_personliche_Gestaltungselemente\">Dekoration und pers\u00f6nliche Gestaltungselemente<\/a><\/li><li class=\"awb-toc-el__list-item\"><a class=\"awb-toc-el__item-anchor\" href=\"#toc_Technologie_und_Smart_Office\">Technologie und Smart Office<\/a><\/li><li class=\"awb-toc-el__list-item\"><a class=\"awb-toc-el__item-anchor\" href=\"#toc_Sicherheits_und_Brandschutzaspekte_in_der_Burogestaltung\">Sicherheits- und Brandschutzaspekte in der B\u00fcrogestaltung<\/a><\/li><li class=\"awb-toc-el__list-item\"><a class=\"awb-toc-el__item-anchor\" href=\"#toc_Nachhaltige_Burogestaltung_Eine_strategische_Notwendigkeit_fur_Unternehmen\">Nachhaltige B\u00fcrogestaltung: Eine strategische Notwendigkeit f\u00fcr Unternehmen<\/a><\/li><li class=\"awb-toc-el__list-item\"><a class=\"awb-toc-el__item-anchor\" href=\"#toc_Die_Zukunft_der_Burogestaltung_Trends_und_Perspektiven\">Die Zukunft der B\u00fcrogestaltung: Trends und Perspektiven<\/a><\/li><li class=\"awb-toc-el__list-item\"><a class=\"awb-toc-el__item-anchor\" href=\"#toc_Schultz_Buromobel_unterstutzt_Sie_bei_der_Buroeinrichtung\">Schultz B\u00fcrom\u00f6bel unterst\u00fctzt Sie bei der B\u00fcroeinrichtung<\/a><\/li><li class=\"awb-toc-el__list-item\"><a class=\"awb-toc-el__item-anchor\" href=\"#toc_Fazit_Das_macht_moderne_Burogestaltung_aus\">Fazit: Das macht moderne B\u00fcrogestaltung aus<\/a><\/li><li class=\"awb-toc-el__list-item\"><a class=\"awb-toc-el__item-anchor\" href=\"#toc_FAQ_Ihre_Fragen_zur_optimalen_Burogestaltung\">FAQ: Ihre Fragen zur optimalen B\u00fcrogestaltung<\/a><\/li><li class=\"awb-toc-el__list-item\"><a class=\"awb-toc-el__item-anchor\" href=\"#toc_Quellen\">Quellen<\/a><\/li><\/ul><\/div><\/div><\/div><\/div>\n<div class=\"fusion-layout-column fusion_builder_column fusion-builder-column-2 fusion_builder_column_1_4 1_4 fusion-flex-column fusion-flex-align-self-stretch meta-box fusion-animated\" style=\"--awb-bg-blend:overlay;--awb-bg-size:cover;--awb-box-shadow:5px 0px 8px 0px hsla(var(--awb-color8-h),var(--awb-color8-s),calc( var(--awb-color8-l) - 9% ),calc( var(--awb-color8-a) - 95% ));;--awb-border-color:var(--awb-color5);--awb-border-top:2px;--awb-border-style:solid;--awb-width-large:25%;--awb-margin-top-large:25px;--awb-spacing-right-large:5.76%;--awb-margin-bottom-large:20px;--awb-spacing-left-large:7.68%;--awb-width-medium:50%;--awb-order-medium:0;--awb-spacing-right-medium:2.88%;--awb-spacing-left-medium:3.84%;--awb-width-small:100%;--awb-order-small:0;--awb-spacing-right-small:1.92%;--awb-spacing-left-small:1.92%;\" data-animationType=\"fadeInUp\" data-animationDuration=\"1.0\" data-animationOffset=\"top-into-view\"><div class=\"fusion-column-wrapper fusion-column-has-shadow fusion-flex-justify-content-flex-start fusion-content-layout-column\"><div class=\"fusion-text fusion-text-3 fusion-text-no-margin\" style=\"--awb-content-alignment:center;--awb-font-size:20px;--awb-text-transform:uppercase;--awb-text-color:var(--awb-color7);--awb-margin-top:20px;\"><p><strong>Autor<\/strong><\/p>\n<\/div><div class=\"fusion-text fusion-text-4\" style=\"--awb-content-alignment:center;--awb-margin-top:5px;\"><p>Nicolas Schultz<\/p>\n<\/div><\/div><\/div>\n<div class=\"fusion-layout-column fusion_builder_column fusion-builder-column-3 fusion_builder_column_1_4 1_4 fusion-flex-column fusion-flex-align-self-stretch meta-box fusion-animated\" style=\"--awb-bg-blend:overlay;--awb-bg-size:cover;--awb-box-shadow:5px 0px 8px 0px hsla(var(--awb-color8-h),var(--awb-color8-s),calc( var(--awb-color8-l) - 9% ),calc( var(--awb-color8-a) - 95% ));;--awb-border-color:var(--awb-color5);--awb-border-top:2px;--awb-border-style:solid;--awb-width-large:25%;--awb-margin-top-large:25px;--awb-spacing-right-large:5.76%;--awb-margin-bottom-large:20px;--awb-spacing-left-large:5.76%;--awb-width-medium:50%;--awb-order-medium:0;--awb-spacing-right-medium:2.88%;--awb-spacing-left-medium:2.88%;--awb-width-small:100%;--awb-order-small:0;--awb-margin-top-small:0;--awb-spacing-right-small:1.92%;--awb-spacing-left-small:1.92%;\" data-animationType=\"fadeInUp\" data-animationDuration=\"1.5\" data-animationOffset=\"top-into-view\"><div class=\"fusion-column-wrapper fusion-column-has-shadow fusion-flex-justify-content-flex-start fusion-content-layout-column\"><div class=\"fusion-text fusion-text-5 fusion-text-no-margin\" style=\"--awb-content-alignment:center;--awb-font-size:20px;--awb-text-transform:uppercase;--awb-text-color:var(--awb-color7);--awb-margin-top:20px;\"><p><strong>Kategorie<\/strong><\/p>\n<\/div><div class=\"fusion-text fusion-text-6\" style=\"--awb-content-alignment:center;--awb-margin-top:5px;\"><\/div><\/div><\/div>\n<div class=\"fusion-layout-column fusion_builder_column fusion-builder-column-4 fusion_builder_column_1_4 1_4 fusion-flex-column fusion-flex-align-self-stretch meta-box fusion-animated\" style=\"--awb-bg-blend:overlay;--awb-bg-size:cover;--awb-box-shadow:5px 0px 8px 0px hsla(var(--awb-color8-h),var(--awb-color8-s),calc( var(--awb-color8-l) - 9% ),calc( var(--awb-color8-a) - 95% ));;--awb-border-color:var(--awb-color5);--awb-border-top:2px;--awb-border-style:solid;--awb-width-large:25%;--awb-margin-top-large:25px;--awb-spacing-right-large:5.76%;--awb-margin-bottom-large:20px;--awb-spacing-left-large:5.76%;--awb-width-medium:50%;--awb-order-medium:0;--awb-spacing-right-medium:2.88%;--awb-spacing-left-medium:2.88%;--awb-width-small:100%;--awb-order-small:0;--awb-margin-top-small:0;--awb-spacing-right-small:1.92%;--awb-spacing-left-small:1.92%;\" data-animationType=\"fadeInUp\" data-animationDuration=\"2.0\" data-animationOffset=\"top-into-view\"><div class=\"fusion-column-wrapper fusion-column-has-shadow fusion-flex-justify-content-flex-start fusion-content-layout-column\"><div class=\"fusion-text fusion-text-7 fusion-text-no-margin\" style=\"--awb-content-alignment:center;--awb-font-size:20px;--awb-text-transform:uppercase;--awb-text-color:var(--awb-color7);--awb-margin-top:20px;\"><p><strong>Aktualisiert<\/strong><\/p>\n<\/div><div class=\"fusion-text fusion-text-8\" style=\"--awb-content-alignment:center;--awb-margin-top:5px;\"><p>7. Februar 2025<\/p>\n<\/div><\/div><\/div>\n<div class=\"fusion-layout-column fusion_builder_column fusion-builder-column-5 fusion_builder_column_1_4 1_4 fusion-flex-column fusion-flex-align-self-stretch meta-box fusion-animated\" style=\"--awb-padding-bottom:15px;--awb-bg-blend:overlay;--awb-bg-size:cover;--awb-box-shadow:5px 0px 8px 0px hsla(var(--awb-color8-h),var(--awb-color8-s),calc( var(--awb-color8-l) - 9% ),calc( var(--awb-color8-a) - 95% ));;--awb-border-color:var(--awb-color5);--awb-border-top:2px;--awb-border-style:solid;--awb-width-large:25%;--awb-margin-top-large:25px;--awb-spacing-right-large:7.68%;--awb-margin-bottom-large:20px;--awb-spacing-left-large:5.76%;--awb-width-medium:50%;--awb-order-medium:0;--awb-spacing-right-medium:3.84%;--awb-spacing-left-medium:2.88%;--awb-width-small:100%;--awb-order-small:0;--awb-margin-top-small:0;--awb-spacing-right-small:1.92%;--awb-spacing-left-small:1.92%;\" data-animationType=\"fadeInUp\" data-animationDuration=\"2.5\" data-animationOffset=\"top-into-view\"><div class=\"fusion-column-wrapper fusion-column-has-shadow fusion-flex-justify-content-flex-start fusion-content-layout-column\"><div class=\"fusion-text fusion-text-9 fusion-text-no-margin\" style=\"--awb-content-alignment:center;--awb-font-size:20px;--awb-text-transform:uppercase;--awb-text-color:var(--awb-color7);--awb-margin-top:20px;\"><p><strong>Teilen<br \/>\n<\/strong><\/p>\n<\/div><div class=\"fusion-sharing-box fusion-sharing-box-1 hh-social-sharing\" style=\"background-color:var(--awb-color1);border-color:#cccccc;--awb-margin-top:0px;--awb-margin-right:0px;--awb-margin-bottom:0px;--awb-margin-left:0px;--awb-separator-border-color:#cccccc;--awb-separator-border-sizes:0px;--awb-alignment:center;--awb-layout:row;--awb-alignment-small:space-between;--awb-stacked-align-small:center;\" data-title=\"Moderne B\u00fcrogestaltung: Trends und kreative Ideen\" data-description=\"\u201eW\u00e4hle einen Beruf, den du liebst, und du brauchst keinen Tag in deinem Leben mehr zu arbeiten.\u201c Schon Konfuzius hatte eine Idee davon, wie wichtig es ist, Themen wie Arbeit und das pers\u00f6nliche Wohlgef\u00fchl nicht zu trennen. Doch wie oft betreten Sie in Ihrem Alltag ein B\u00fcro, das trist und einfallslos gestaltet ist und eher\" data-link=\"https:\/\/schultz.de\/ratgeber\/buerogestaltung\/\"><div class=\"fusion-social-networks sharingbox-shortcode-icon-wrapper sharingbox-shortcode-icon-wrapper-1\"><span><a href=\"https:\/\/www.facebook.com\/sharer.php?u=https%3A%2F%2Fschultz.de%2Fratgeber%2Fbuerogestaltung%2F&amp;t=Moderne%20B%C3%BCrogestaltung%3A%20Trends%20und%20kreative%20Ideen\" target=\"_blank\" rel=\"noreferrer\" title=\"Facebook\" aria-label=\"Facebook\" data-placement=\"bottom\" data-toggle=\"tooltip\" data-title=\"Facebook\"><i class=\"fusion-social-network-icon fusion-tooltip fusion-facebook awb-icon-facebook\" style=\"color:var(--awb-color6);\" aria-hidden=\"true\"><\/i><\/a><\/span><span><a href=\"https:\/\/x.com\/intent\/post?text=Moderne%20B%C3%BCrogestaltung%3A%20Trends%20und%20kreative%20Ideen&amp;url=https%3A%2F%2Fschultz.de%2Fratgeber%2Fbuerogestaltung%2F\" target=\"_blank\" rel=\"noopener noreferrer\" title=\"X\" aria-label=\"X\" data-placement=\"bottom\" data-toggle=\"tooltip\" data-title=\"X\"><i class=\"fusion-social-network-icon fusion-tooltip fusion-twitter awb-icon-twitter\" style=\"color:var(--awb-color6);\" aria-hidden=\"true\"><\/i><\/a><\/span><span><a href=\"https:\/\/www.linkedin.com\/shareArticle?mini=true&amp;url=https%3A%2F%2Fschultz.de%2Fratgeber%2Fbuerogestaltung%2F&amp;title=Moderne%20B%C3%BCrogestaltung%3A%20Trends%20und%20kreative%20Ideen&amp;summary=%E2%80%9EW%C3%A4hle%20einen%20Beruf%2C%20den%20du%20liebst%2C%20und%20du%20brauchst%20keinen%20Tag%20in%20deinem%20Leben%20mehr%20zu%20arbeiten.%E2%80%9C%20Schon%20Konfuzius%20hatte%20eine%20Idee%20davon%2C%20wie%20wichtig%20es%20ist%2C%20Themen%20wie%20Arbeit%20und%20das%20pers%C3%B6nliche%20Wohlgef%C3%BChl%20nicht%20zu%20trennen.%20Doch%20wie%20oft%20betreten%20Sie%20in%20Ihrem%20Alltag%20ein%20B%C3%BCro%2C%20das%20trist%20und%20einfallslos%20gestaltet%20ist%20und%20eher\" target=\"_blank\" rel=\"noopener noreferrer\" title=\"LinkedIn\" aria-label=\"LinkedIn\" data-placement=\"bottom\" data-toggle=\"tooltip\" data-title=\"LinkedIn\"><i class=\"fusion-social-network-icon fusion-tooltip fusion-linkedin awb-icon-linkedin\" style=\"color:var(--awb-color6);\" aria-hidden=\"true\"><\/i><\/a><\/span><span><a href=\"https:\/\/www.xing.com\/social_plugins\/share\/new?sc_p=xing-share&amp;h=1&amp;url=https%3A%2F%2Fschultz.de%2Fratgeber%2Fbuerogestaltung%2F\" target=\"_blank\" rel=\"noopener noreferrer\" title=\"Xing\" aria-label=\"Xing\" data-placement=\"bottom\" data-toggle=\"tooltip\" data-title=\"Xing\"><i class=\"fusion-social-network-icon fusion-tooltip fusion-xing awb-icon-xing\" style=\"color:var(--awb-color6);\" aria-hidden=\"true\"><\/i><\/a><\/span><\/div><\/div><\/div><\/div>\n<\/div><\/div><div class=\"fusion-fullwidth fullwidth-box fusion-builder-row-2 fusion-flex-container has-pattern-background has-mask-background nonhundred-percent-fullwidth non-hundred-percent-height-scrolling\" style=\"--awb-border-radius-top-left:0px;--awb-border-radius-top-right:0px;--awb-border-radius-bottom-right:0px;--awb-border-radius-bottom-left:0px;--awb-padding-top:40px;--awb-padding-bottom:40px;--awb-background-color:var(--awb-color1);--awb-flex-wrap:wrap;\" ><div class=\"fusion-builder-row fusion-row fusion-flex-align-items-flex-start fusion-flex-justify-content-center fusion-flex-content-wrap\" style=\"max-width:1248px;margin-left: calc(-4% \/ 2 );margin-right: calc(-4% \/ 2 );\"><div class=\"fusion-layout-column fusion_builder_column fusion-builder-column-6 fusion_builder_column_1_6 1_6 fusion-flex-column\" style=\"--awb-bg-size:cover;--awb-width-large:16.666666666667%;--awb-margin-top-large:0px;--awb-spacing-right-large:11.52%;--awb-margin-bottom-large:20px;--awb-spacing-left-large:11.52%;--awb-width-medium:100%;--awb-order-medium:0;--awb-spacing-right-medium:1.92%;--awb-spacing-left-medium:1.92%;--awb-width-small:100%;--awb-order-small:0;--awb-spacing-right-small:1.92%;--awb-spacing-left-small:1.92%;\"><div class=\"fusion-column-wrapper fusion-column-has-shadow fusion-flex-justify-content-flex-start fusion-content-layout-column\"><\/div><\/div><div class=\"fusion-layout-column fusion_builder_column fusion-builder-column-7 fusion_builder_column_2_3 2_3 fusion-flex-column\" style=\"--awb-bg-blend:overlay;--awb-bg-size:cover;--awb-width-large:66.666666666667%;--awb-margin-top-large:0px;--awb-spacing-right-large:2.88%;--awb-margin-bottom-large:25px;--awb-spacing-left-large:2.88%;--awb-width-medium:100%;--awb-spacing-right-medium:1.92%;--awb-spacing-left-medium:1.92%;--awb-width-small:100%;--awb-spacing-right-small:1.92%;--awb-spacing-left-small:1.92%;\"><div class=\"fusion-column-wrapper fusion-column-has-shadow fusion-flex-justify-content-flex-start fusion-content-layout-column\"><div class=\"fusion-text fusion-text-10\"><p><span class=\"fusion-dropcap dropcap\">S<\/span><span style=\"font-weight: 400;\">ie verwandelt den Arbeitsplatz in einen Raum, der inspiriert, eine Wohlf\u00fchlatmosph\u00e4re schafft und die Produktivit\u00e4t f\u00f6rdert. In diesem Beitrag zeigen wir Ihnen, wie Sie mit modernen Gestaltungsideen ein motivierendes Arbeitsumfeld schaffen k\u00f6nnen. <\/span><\/p>\n<\/div><div class=\"fusion-separator fusion-full-width-sep\" style=\"align-self: center;margin-left: auto;margin-right: auto;margin-top:20px;width:100%;\"><\/div><div class=\"fusion-title title fusion-title-1 fusion-sep-none fusion-title-text fusion-title-size-two\"><h2 class=\"fusion-title-heading title-heading-left fusion-responsive-typography-calculated\" style=\"margin:0;--fontSize:53;line-height:1.1;\">Warum ist die B\u00fcrogestaltung so wichtig?<\/h2><\/div><div class=\"fusion-text fusion-text-11\"><p>In modernen Arbeitswelten geht es l\u00e4ngst nicht mehr nur darum, funktionale Arbeitspl\u00e4tze einzurichten \u2013 die Gestaltung und <a href=\"https:\/\/schultz.de\/ratgeber\/buero-organisieren\/\">Organisation des B\u00fcros<\/a> haben einen erheblichen Einfluss auf das Wohlbefinden und die Leistungsf\u00e4higkeit der Mitarbeiter. Verschiedene Studien des Fraunhofer-Instituts (<a href=\"https:\/\/www.iao.fraunhofer.de\/de\/presse-und-medien\/aktuelles\/back-to-the-office-der-wandel-der-arbeitswelt.html\" target=\"_blank\" rel=\"noopener\">Studie 1<\/a>, <a href=\"https:\/\/www.iao.fraunhofer.de\/de\/presse-und-medien\/aktuelles\/beyond-multispace-arbeits-und-bueroumgebung-im-wandel.html\" target=\"_blank\" rel=\"noopener\">Studie 2<\/a>) zeigen, dass eine durchdachte B\u00fcrogestaltung die Produktivit\u00e4t steigern und die Zufriedenheit der Mitarbeiter f\u00f6rdern kann.<\/p>\n<h3>Einfluss der B\u00fcrogestaltung auf Produktivit\u00e4t und Wohlbefinden<\/h3>\n<p>Laut der <a href=\"https:\/\/iba.online\/studynet\/iba-studie-2017\/\" target=\"_blank\" rel=\"noopener\">IBA-Studie <\/a>waren schon im Jahr 2017 rund 78 % der Besch\u00e4ftigten davon \u00fcberzeugt, dass ihr Wohlbefinden am Arbeitsplatz ihre Produktivit\u00e4t direkt beeinflusst.<\/p>\n<p><a href=\"https:\/\/schultz.de\/bueromoebel\" target=\"_blank\" rel=\"noopener\">Ergonomische B\u00fcrom\u00f6bel<\/a> wie bequeme B\u00fcrost\u00fchle sind wichtig f\u00fcr ein gesundes Sitzen. Dennoch fehlt fast jedem f\u00fcnften Arbeitnehmer (18 %) eine entsprechende Sitzgelegenheit. Auch die Raumgestaltung spielt eine entscheidende Rolle. R\u00fcckzugsbereiche f\u00fcr konzentriertes Arbeiten standen zum Zeitpunkt der Studie nur 43 % der Besch\u00e4ftigten zur Verf\u00fcgung, obwohl 38 % sie ben\u00f6tigen. Zudem geben nur 59 % der Befragten an, dass in ihren B\u00fcros gute akustische Bedingungen herrschen. Mitarbeiter haben zunehmend ein Bewusstsein daf\u00fcr, wie sie sich ihre Arbeitsumgebung vorstellen und was sie in ihrer produktiven Arbeitshaltung unterst\u00fctzen kann.<\/p>\n<h3>F\u00f6rderung der Unternehmensidentit\u00e4t und Mitarbeitermotivation<\/h3>\n<p>Die Studie &#8222;<a href=\"https:\/\/publica-rest.fraunhofer.de\/server\/api\/core\/bitstreams\/a80af0af-f0d6-4101-acde-6c145599b913\/content\" target=\"_blank\" rel=\"noopener\">Wirksame B\u00fcro- und Arbeitswelten<\/a>&#8220; des Fraunhofer-Instituts f\u00fcr Arbeitswirtschaft und Organisation (IAO) untersucht beispielsweise, wie B\u00fcro- und Arbeitsumgebungen Unternehmen bei der Erreichung ihrer Ziele unterst\u00fctzen k\u00f6nnen. Basierend auf der Befragung von \u00fcber 1.000 Fachleuten f\u00fcr &#8222;Neue Arbeitswelten&#8220; identifiziert die Studie folgende zentrale Erkenntnisse:<\/p>\n<ul>\n<li><strong>Multispace-B\u00fcrokonzepte<\/strong>: Arbeitsumgebungen mit einer Vielfalt an Raumoptionen, die flexibel genutzt werden k\u00f6nnen, f\u00f6rdern die Arbeitgeberattraktivit\u00e4t, die Zusammenarbeit und die Selbstbestimmung der Mitarbeitenden.<\/li>\n<li><strong>Unterst\u00fctzung von Unternehmenszielen<\/strong>: Die Gestaltung von B\u00fcro- und Arbeitswelten sollte gezielt Arbeitsprozesse, Wohlbefinden, Innovationsf\u00e4higkeit und die Nutzung moderner Technologien f\u00f6rdern. Die Studie zeigt, dass diese Aspekte in Zukunft an Bedeutung gewinnen werden.<\/li>\n<\/ul>\n<h3>Anpassung an flexible Arbeitsmodelle<\/h3>\n<p>Die modernen Arbeitsanforderungen setzen Flexibilit\u00e4t voraus, weshalb sich die moderne B\u00fcrogestaltung immer mehr an agilen und hybriden Arbeitsmodellen orientiert. Das Raumdesign muss darauf ausgelegt sein, wechselnden Teams und flexiblen Arbeitspl\u00e4tzen gerecht zu werden.<\/p>\n<ul>\n<li><strong>New Work<\/strong>: Stellen Sie sich vor, Ihre Arbeitswelt ist nicht nur funktional, sondern passt sich flexibel an Ihre Bed\u00fcrfnisse und Projekte an. New Work bedeutet genau das: Mehr Flexibilit\u00e4t, Autonomie und die M\u00f6glichkeit, sich selbst zu verwirklichen. R\u00e4ume werden so gestaltet, dass sie Kreativit\u00e4t und Eigenverantwortung f\u00f6rdern \u2013 mit Zonen f\u00fcr gemeinschaftliches Arbeiten und R\u00fcckzugsorte f\u00fcr konzentrierte Einzelarbeit.<\/li>\n<li><strong>Agiles Arbeiten<\/strong>: Agiles Arbeiten erfordert eine schnelle Anpassung an Ver\u00e4nderungen, sodass Effizienz und Flexibilit\u00e4t stets im Vordergrund stehen. Diese Arbeitsweise setzt auf dynamische, projektbezogene Teams, die in kurzen Entwicklungszyklen arbeiten. Durch flexible Arbeitsbereiche, die leicht umgestaltet werden k\u00f6nnen, schaffen Sie ideale Bedingungen f\u00fcr schnelle Teamwechsel und produktive Zusammenarbeit.<\/li>\n<\/ul>\n<p>An diesen Entwicklungen muss sich am Ende auch die B\u00fcrogestaltung orientieren.<\/p>\n<\/div><\/div><\/div><div class=\"fusion-layout-column fusion_builder_column fusion-builder-column-8 fusion_builder_column_1_6 1_6 fusion-flex-column\" style=\"--awb-bg-size:cover;--awb-width-large:16.666666666667%;--awb-margin-top-large:0px;--awb-spacing-right-large:11.52%;--awb-margin-bottom-large:20px;--awb-spacing-left-large:11.52%;--awb-width-medium:100%;--awb-order-medium:0;--awb-spacing-right-medium:1.92%;--awb-spacing-left-medium:1.92%;--awb-width-small:100%;--awb-order-small:0;--awb-spacing-right-small:1.92%;--awb-spacing-left-small:1.92%;\"><div class=\"fusion-column-wrapper fusion-column-has-shadow fusion-flex-justify-content-flex-start fusion-content-layout-column\"><\/div><\/div><div class=\"fusion-layout-column fusion_builder_column fusion-builder-column-9 fusion_builder_column_1_6 1_6 fusion-flex-column\" style=\"--awb-bg-size:cover;--awb-width-large:16.666666666667%;--awb-margin-top-large:0px;--awb-spacing-right-large:11.52%;--awb-margin-bottom-large:20px;--awb-spacing-left-large:11.52%;--awb-width-medium:100%;--awb-order-medium:0;--awb-spacing-right-medium:1.92%;--awb-spacing-left-medium:1.92%;--awb-width-small:100%;--awb-order-small:0;--awb-spacing-right-small:1.92%;--awb-spacing-left-small:1.92%;\"><div class=\"fusion-column-wrapper fusion-column-has-shadow fusion-flex-justify-content-flex-start fusion-content-layout-column\"><\/div><\/div><div class=\"fusion-layout-column fusion_builder_column fusion-builder-column-10 fusion_builder_column_2_3 2_3 fusion-flex-column\" style=\"--awb-bg-blend:overlay;--awb-bg-size:cover;--awb-width-large:66.666666666667%;--awb-margin-top-large:0px;--awb-spacing-right-large:2.88%;--awb-margin-bottom-large:20px;--awb-spacing-left-large:2.88%;--awb-width-medium:100%;--awb-order-medium:0;--awb-spacing-right-medium:1.92%;--awb-spacing-left-medium:1.92%;--awb-width-small:100%;--awb-order-small:0;--awb-spacing-right-small:1.92%;--awb-spacing-left-small:1.92%;\"><div class=\"fusion-column-wrapper fusion-column-has-shadow fusion-flex-justify-content-flex-start fusion-content-layout-column\"><div class=\"fusion-title title fusion-title-2 fusion-sep-none fusion-title-text fusion-title-size-two\"><h2 class=\"fusion-title-heading title-heading-left fusion-responsive-typography-calculated\" style=\"margin:0;--fontSize:53;line-height:1.1;\">Wichtige Trends in der modernen B\u00fcrogestaltung<\/h2><\/div><div class=\"fusion-text fusion-text-12\"><p>Wenn es um die Gestaltung von B\u00fcros geht, steht das Wohlgef\u00fchl heute weit vor reiner Funktionalit\u00e4t. Doch welche Trends pr\u00e4gen aktuell die Gestaltung von Arbeitsumgebungen und machen sie zu Orten, an denen Mitarbeitende gerne verweilen?<\/p>\n<h3>Multispace-B\u00fcros: Flexibilit\u00e4t f\u00fcr moderne Arbeitswelten<\/h3>\n<p>Das Konzept des Multispace-B\u00fcros revolutioniert die Art und Weise, wie wir \u00fcber Arbeitsumgebungen denken. Es handelt sich um eine flexible Raumgestaltung, die verschiedene Arbeitszonen in einem einzigen B\u00fcro vereint. Hier treffen stille R\u00fcckzugsorte auf kreative Kollaborationsfl\u00e4chen, sodass Mitarbeitende je nach Bedarf zwischen unterschiedlichen Umgebungen wechseln k\u00f6nnen.<\/p>\n<p><strong>Die Vorteile von Multispace-B\u00fcros sind vielf\u00e4ltig:<\/strong><\/p>\n<ul>\n<li><strong>F\u00f6rderung der Zusammenarbeit<\/strong>: Durch offene Fl\u00e4chen und kreative R\u00e4ume wird die Teamarbeit erleichtert, und Mitarbeitende k\u00f6nnen sich bei Projekten besser austauschen.<\/li>\n<li><strong>Erh\u00f6hung der Produktivit\u00e4t<\/strong>: Die M\u00f6glichkeit, den Arbeitsort je nach Aufgabe zu wechseln \u2013 f\u00fcr konzentriertes Arbeiten oder f\u00fcr Brainstorming-Sessions \u2013 steigert die Effizienz und hilft, Ablenkungen zu vermeiden.<\/li>\n<li><strong>Individuelle Bed\u00fcrfnisse<\/strong>: Multispace-B\u00fcros bieten Raum f\u00fcr verschiedene Arbeitsstile. Ob ruhige R\u00fcckzugsorte f\u00fcr fokussierte T\u00e4tigkeiten oder inspirierende Bereiche f\u00fcr kreative Denkprozesse \u2013 Mitarbeitende finden den passenden Raum f\u00fcr ihre aktuelle Aufgabe.<\/li>\n<li><strong>Anpassungsf\u00e4higkeit<\/strong>: Mit modularen M\u00f6beln und flexiblen Raumkonzepten kann das B\u00fcro leicht umgestaltet werden, um sich ver\u00e4ndernden Anforderungen und Projekten anzupassen.<\/li>\n<\/ul>\n<h3>Home-Office-Integration und hybride B\u00fcrokonzepte<\/h3>\n<p>Hybridarbeit bedeutet, dass Sie je nach Aufgabe und Situation zwischen verschiedenen Arbeitspl\u00e4tzen wechseln k\u00f6nnen. Ob am Schreibtisch im B\u00fcro, im Home-Office oder in einem Caf\u00e9 \u2013 die technische Infrastruktur unterst\u00fctzt Sie dabei, nahtlos von \u00fcberall zu arbeiten. Mit leistungsf\u00e4higen Kommunikations- und Kollaborationstools sind Sie immer verbunden, egal wo Sie sich befinden.<\/p>\n<p>Laut der oben genannten Studien des <a href=\"https:\/\/publica-rest.fraunhofer.de\/server\/api\/core\/bitstreams\/a80af0af-f0d6-4101-acde-6c145599b913\/content\" target=\"_blank\" rel=\"noopener\">Fraunhofer IAO<\/a> zeigen solche Anpassungen, dass Mitarbeitende zufriedener und produktiver sind. Wenn Ihr Arbeitsplatz flexibel gestaltet ist und die Technik Ihnen erm\u00f6glicht, Privates und Berufliches gut zu vereinbaren, steigert das nicht nur Ihre Motivation, sondern auch die Teamdynamik und den kreativen Austausch.<\/p>\n<h3>Nachhaltigkeit und \u00f6kologische Materialien<\/h3>\n<p>Der Einsatz von umweltfreundlichen und nachhaltigen Materialien gewinnt zunehmend an Bedeutung. Beispielsweise setzen viele Unternehmen auf recycelte Materialien, die aus verantwortungsvoll bewirtschafteten Quellen stammen. Schadstofffreie Farben und Lacke verbessern nicht nur die Luftqualit\u00e4t, sondern sorgen auch daf\u00fcr, dass Sie in einem ges\u00fcnderen Umfeld arbeiten. Weiter unten lesen Sie mehr \u00fcber eine nachhaltige B\u00fcrogestaltung.<\/p>\n<\/div><div class=\"fusion-title title fusion-title-3 fusion-sep-none fusion-title-text fusion-title-size-two\"><h2 class=\"fusion-title-heading title-heading-left fusion-responsive-typography-calculated\" style=\"margin:0;--fontSize:53;line-height:1.1;\">Verschiedene B\u00fcrokonzepte im \u00dcberblick<\/h2><\/div><div class=\"fusion-text fusion-text-13\"><p>Im Laufe der Zeit haben sich zahlreiche B\u00fcrokonzepte entwickelt, die den sich ver\u00e4ndernden Anforderungen der Arbeitswelt gerecht werden. Diese Ver\u00e4nderungen sind nicht nur auf den technologischen Fortschritt zur\u00fcckzuf\u00fchren, sondern auch auf das wachsende Bewusstsein f\u00fcr die Bedeutung von Wohlbefinden und Teamdynamik am Arbeitsplatz.<\/p>\n<h3>Open-Space-B\u00fcros<\/h3>\n<p>Open-Space-B\u00fcros sind das Paradebeispiel f\u00fcr eine moderne, gemeinschaftliche Arbeitsumgebung. Stellen Sie sich einen offenen Raum vor, in dem weniger Trennw\u00e4nde die Interaktion und Zusammenarbeit f\u00f6rdern. Diese flexiblen R\u00e4ume erm\u00f6glichen es, dass Teams sich leicht austauschen und spontan zusammenarbeiten k\u00f6nnen.<\/p>\n<\/div><div class=\"fusion-builder-row fusion-builder-row-inner fusion-row fusion-flex-align-items-flex-start fusion-flex-justify-content-center fusion-flex-content-wrap\" style=\"width:104% !important;max-width:104% !important;margin-left: calc(-4% \/ 2 );margin-right: calc(-4% \/ 2 );\"><div class=\"fusion-layout-column fusion_builder_column_inner fusion-builder-nested-column-0 fusion_builder_column_inner_1_2 1_2 fusion-flex-column checklist\" style=\"--awb-bg-size:cover;--awb-width-large:50%;--awb-margin-top-large:0px;--awb-spacing-right-large:3.84%;--awb-margin-bottom-large:20px;--awb-spacing-left-large:3.84%;--awb-width-medium:50%;--awb-order-medium:0;--awb-spacing-right-medium:3.84%;--awb-spacing-left-medium:3.84%;--awb-width-small:100%;--awb-order-small:0;--awb-spacing-right-small:1.92%;--awb-spacing-left-small:1.92%;\"><div class=\"fusion-column-wrapper fusion-column-has-shadow fusion-flex-justify-content-flex-start fusion-content-layout-column\"><div class=\"fusion-text fusion-text-14 fusion-text-no-margin\" style=\"--awb-margin-bottom:0px;\"><p><b>Vorteile<\/b><\/p>\n<\/div><ul style=\"--awb-line-height:27.2px;--awb-icon-width:27.2px;--awb-icon-height:27.2px;--awb-icon-margin:11.2px;--awb-content-margin:38.4px;\" class=\"fusion-checklist fusion-checklist-1 fusion-checklist-default fusion-checklist-divider type-icons\"><li class=\"fusion-li-item\" style=\"\"><span class=\"icon-wrapper circle-no\"><i class=\"fusion-li-icon fa-check fas\" aria-hidden=\"true\"><\/i><\/span><div class=\"fusion-li-item-content\">\n<p>Die offene Struktur f\u00f6rdert die Kommunikation und Teamarbeit.<\/p>\n<\/div><\/li><li class=\"fusion-li-item\" style=\"\"><span class=\"icon-wrapper circle-no\"><i class=\"fusion-li-icon fa-check fas\" aria-hidden=\"true\"><\/i><\/span><div class=\"fusion-li-item-content\">\n<p>Besonders kreative und agile Teams profitieren von der unkomplizierten Interaktion, die in solch einem Umfeld entsteht.<\/p>\n<\/div><\/li><\/ul><\/div><\/div><div class=\"fusion-layout-column fusion_builder_column_inner fusion-builder-nested-column-1 fusion_builder_column_inner_1_2 1_2 fusion-flex-column checklist\" style=\"--awb-bg-size:cover;--awb-width-large:50%;--awb-margin-top-large:0px;--awb-spacing-right-large:3.84%;--awb-margin-bottom-large:20px;--awb-spacing-left-large:3.84%;--awb-width-medium:50%;--awb-order-medium:0;--awb-spacing-right-medium:3.84%;--awb-spacing-left-medium:3.84%;--awb-width-small:100%;--awb-order-small:0;--awb-spacing-right-small:1.92%;--awb-spacing-left-small:1.92%;\"><div class=\"fusion-column-wrapper fusion-column-has-shadow fusion-flex-justify-content-flex-start fusion-content-layout-column\"><div class=\"fusion-text fusion-text-15 fusion-text-no-margin\" style=\"--awb-margin-bottom:0px;\"><p><b>Nachteile<\/b><\/p>\n<\/div><ul style=\"--awb-iconcolor:#ff2200;--awb-line-height:27.2px;--awb-icon-width:27.2px;--awb-icon-height:27.2px;--awb-icon-margin:11.2px;--awb-content-margin:38.4px;\" class=\"fusion-checklist fusion-checklist-2 fusion-checklist-default fusion-checklist-divider type-icons\"><li class=\"fusion-li-item\" style=\"\"><span class=\"icon-wrapper circle-no\"><i class=\"fusion-li-icon fa-times fas\" aria-hidden=\"true\"><\/i><\/span><div class=\"fusion-li-item-content\">\n<p>Auf der anderen Seite k\u00f6nnen hohe L\u00e4rmpegel und Ablenkungen die Konzentration beeintr\u00e4chtigen.<\/p>\n<\/div><\/li><li class=\"fusion-li-item\" style=\"\"><span class=\"icon-wrapper circle-no\"><i class=\"fusion-li-icon fa-times fas\" aria-hidden=\"true\"><\/i><\/span><div class=\"fusion-li-item-content\">\n<p>Mitarbeitende, die Ruhe ben\u00f6tigen, finden in einem Open-Space-B\u00fcro m\u00f6glicherweise schwerer den Fokus.<\/p>\n<\/div><\/li><\/ul><\/div><\/div><\/div><div class=\"fusion-text fusion-text-16\"><h3>Reversible B\u00fcros<\/h3>\n<p>Reversible B\u00fcros k\u00f6nnen sich durch modulare M\u00f6bel und bewegliche W\u00e4nde leicht an unterschiedliche Anforderungen anpassen. R\u00e4ume k\u00f6nnen je nach Projekt oder Teamgr\u00f6\u00dfe schnell umgestaltet werden.<\/p>\n<\/div><div class=\"fusion-builder-row fusion-builder-row-inner fusion-row fusion-flex-align-items-flex-start fusion-flex-justify-content-center fusion-flex-content-wrap\" style=\"width:104% !important;max-width:104% !important;margin-left: calc(-4% \/ 2 );margin-right: calc(-4% \/ 2 );\"><div class=\"fusion-layout-column fusion_builder_column_inner fusion-builder-nested-column-2 fusion_builder_column_inner_1_2 1_2 fusion-flex-column checklist\" style=\"--awb-bg-size:cover;--awb-width-large:50%;--awb-margin-top-large:0px;--awb-spacing-right-large:3.84%;--awb-margin-bottom-large:20px;--awb-spacing-left-large:3.84%;--awb-width-medium:50%;--awb-order-medium:0;--awb-spacing-right-medium:3.84%;--awb-spacing-left-medium:3.84%;--awb-width-small:100%;--awb-order-small:0;--awb-spacing-right-small:1.92%;--awb-spacing-left-small:1.92%;\"><div class=\"fusion-column-wrapper fusion-column-has-shadow fusion-flex-justify-content-flex-start fusion-content-layout-column\"><div class=\"fusion-text fusion-text-17 fusion-text-no-margin\" style=\"--awb-margin-bottom:0px;\"><p><b>Vorteile<\/b><\/p>\n<\/div><ul style=\"--awb-line-height:27.2px;--awb-icon-width:27.2px;--awb-icon-height:27.2px;--awb-icon-margin:11.2px;--awb-content-margin:38.4px;\" class=\"fusion-checklist fusion-checklist-3 fusion-checklist-default fusion-checklist-divider type-icons\"><li class=\"fusion-li-item\" style=\"\"><span class=\"icon-wrapper circle-no\"><i class=\"fusion-li-icon fa-check fas\" aria-hidden=\"true\"><\/i><\/span><div class=\"fusion-li-item-content\">Hohe Anpassungsf\u00e4higkeit: R\u00e4ume k\u00f6nnen problemlos umgestaltet werden, was sie ideal f\u00fcr wachsende Unternehmen oder projektbasierte Arbeit macht.<\/div><\/li><\/ul><\/div><\/div><div class=\"fusion-layout-column fusion_builder_column_inner fusion-builder-nested-column-3 fusion_builder_column_inner_1_2 1_2 fusion-flex-column checklist\" style=\"--awb-bg-size:cover;--awb-width-large:50%;--awb-margin-top-large:0px;--awb-spacing-right-large:3.84%;--awb-margin-bottom-large:20px;--awb-spacing-left-large:3.84%;--awb-width-medium:50%;--awb-order-medium:0;--awb-spacing-right-medium:3.84%;--awb-spacing-left-medium:3.84%;--awb-width-small:100%;--awb-order-small:0;--awb-spacing-right-small:1.92%;--awb-spacing-left-small:1.92%;\"><div class=\"fusion-column-wrapper fusion-column-has-shadow fusion-flex-justify-content-flex-start fusion-content-layout-column\"><div class=\"fusion-text fusion-text-18 fusion-text-no-margin\" style=\"--awb-margin-bottom:0px;\"><p><b>Nachteile<\/b><\/p>\n<\/div><ul style=\"--awb-iconcolor:#ff2200;--awb-line-height:27.2px;--awb-icon-width:27.2px;--awb-icon-height:27.2px;--awb-icon-margin:11.2px;--awb-content-margin:38.4px;\" class=\"fusion-checklist fusion-checklist-4 fusion-checklist-default fusion-checklist-divider type-icons\"><li class=\"fusion-li-item\" style=\"\"><span class=\"icon-wrapper circle-no\"><i class=\"fusion-li-icon fa-times fas\" aria-hidden=\"true\"><\/i><\/span><div class=\"fusion-li-item-content\">Die Einrichtung und der Umbau k\u00f6nnen kostspielig sein.<\/div><\/li><li class=\"fusion-li-item\" style=\"\"><span class=\"icon-wrapper circle-no\"><i class=\"fusion-li-icon fa-times fas\" aria-hidden=\"true\"><\/i><\/span><div class=\"fusion-li-item-content\">Zudem k\u00f6nnte die Flexibilit\u00e4t zulasten der Privatsph\u00e4re der Mitarbeitenden gehen.<\/div><\/li><\/ul><\/div><\/div><\/div><div class=\"fusion-text fusion-text-19\"><h3 class=\"fusion-responsive-typography-calculated\" style=\"--fontsize: 30; line-height: 1.1;\" data-fontsize=\"30\" data-lineheight=\"33px\">Kombib\u00fcros<\/h3>\n<p>Kombib\u00fcros vereinen das Beste aus beiden Welten: Sie bieten eine Mischung aus Einzel- und Gemeinschaftsb\u00fcros, oft mit klaren Zonen f\u00fcr Zusammenarbeit und separaten Bereichen f\u00fcr konzentriertes Arbeiten.<\/p>\n<\/div><div class=\"fusion-builder-row fusion-builder-row-inner fusion-row fusion-flex-align-items-flex-start fusion-flex-justify-content-center fusion-flex-content-wrap\" style=\"width:104% !important;max-width:104% !important;margin-left: calc(-4% \/ 2 );margin-right: calc(-4% \/ 2 );\"><div class=\"fusion-layout-column fusion_builder_column_inner fusion-builder-nested-column-4 fusion_builder_column_inner_1_2 1_2 fusion-flex-column checklist\" style=\"--awb-bg-size:cover;--awb-width-large:50%;--awb-margin-top-large:0px;--awb-spacing-right-large:3.84%;--awb-margin-bottom-large:20px;--awb-spacing-left-large:3.84%;--awb-width-medium:50%;--awb-order-medium:0;--awb-spacing-right-medium:3.84%;--awb-spacing-left-medium:3.84%;--awb-width-small:100%;--awb-order-small:0;--awb-spacing-right-small:1.92%;--awb-spacing-left-small:1.92%;\"><div class=\"fusion-column-wrapper fusion-column-has-shadow fusion-flex-justify-content-flex-start fusion-content-layout-column\"><div class=\"fusion-text fusion-text-20 fusion-text-no-margin\" style=\"--awb-margin-bottom:0px;\"><p><b>Vorteile<\/b><\/p>\n<\/div><ul style=\"--awb-line-height:27.2px;--awb-icon-width:27.2px;--awb-icon-height:27.2px;--awb-icon-margin:11.2px;--awb-content-margin:38.4px;\" class=\"fusion-checklist fusion-checklist-5 fusion-checklist-default fusion-checklist-divider type-icons\"><li class=\"fusion-li-item\" style=\"\"><span class=\"icon-wrapper circle-no\"><i class=\"fusion-li-icon fa-check fas\" aria-hidden=\"true\"><\/i><\/span><div class=\"fusion-li-item-content\">Diese Struktur erm\u00f6glicht eine gute Balance zwischen Teamarbeit und individueller Konzentration.<\/div><\/li><li class=\"fusion-li-item\" style=\"\"><span class=\"icon-wrapper circle-no\"><i class=\"fusion-li-icon fa-check fas\" aria-hidden=\"true\"><\/i><\/span><div class=\"fusion-li-item-content\">Zudem sind sie flexibel und anpassungsf\u00e4hig, sodass sich die R\u00e4ume an verschiedene Arbeitsstile anpassen lassen.<\/div><\/li><\/ul><\/div><\/div><div class=\"fusion-layout-column fusion_builder_column_inner fusion-builder-nested-column-5 fusion_builder_column_inner_1_2 1_2 fusion-flex-column checklist\" style=\"--awb-bg-size:cover;--awb-width-large:50%;--awb-margin-top-large:0px;--awb-spacing-right-large:3.84%;--awb-margin-bottom-large:20px;--awb-spacing-left-large:3.84%;--awb-width-medium:50%;--awb-order-medium:0;--awb-spacing-right-medium:3.84%;--awb-spacing-left-medium:3.84%;--awb-width-small:100%;--awb-order-small:0;--awb-spacing-right-small:1.92%;--awb-spacing-left-small:1.92%;\"><div class=\"fusion-column-wrapper fusion-column-has-shadow fusion-flex-justify-content-flex-start fusion-content-layout-column\"><div class=\"fusion-text fusion-text-21 fusion-text-no-margin\" style=\"--awb-margin-bottom:0px;\"><p><b>Nachteile<\/b><\/p>\n<\/div><ul style=\"--awb-iconcolor:#ff2200;--awb-line-height:27.2px;--awb-icon-width:27.2px;--awb-icon-height:27.2px;--awb-icon-margin:11.2px;--awb-content-margin:38.4px;\" class=\"fusion-checklist fusion-checklist-6 fusion-checklist-default fusion-checklist-divider type-icons\"><li class=\"fusion-li-item\" style=\"\"><span class=\"icon-wrapper circle-no\"><i class=\"fusion-li-icon fa-times fas\" aria-hidden=\"true\"><\/i><\/span><div class=\"fusion-li-item-content\">Kombib\u00fcros erfordern eine sorgf\u00e4ltige Planung und Raumaufteilung, um sicherzustellen, dass die unterschiedlichen Bed\u00fcrfnisse aller Mitarbeitenden erf\u00fcllt werden.<\/div><\/li><\/ul><\/div><\/div><\/div><div class=\"fusion-text fusion-text-22\"><h3>Shared Desk\/Desk-Sharing<\/h3>\n<p>Shared Desk oder Desk-Sharing ist ein modernes B\u00fcrokonzept, bei dem Mitarbeitende keinen festen Arbeitsplatz haben, sondern sich die verf\u00fcgbaren Schreibtische je nach Bedarf teilen.<\/p>\n<\/div><div class=\"fusion-builder-row fusion-builder-row-inner fusion-row fusion-flex-align-items-flex-start fusion-flex-justify-content-center fusion-flex-content-wrap\" style=\"width:104% !important;max-width:104% !important;margin-left: calc(-4% \/ 2 );margin-right: calc(-4% \/ 2 );\"><div class=\"fusion-layout-column fusion_builder_column_inner fusion-builder-nested-column-6 fusion_builder_column_inner_1_2 1_2 fusion-flex-column checklist\" style=\"--awb-bg-size:cover;--awb-width-large:50%;--awb-margin-top-large:0px;--awb-spacing-right-large:3.84%;--awb-margin-bottom-large:20px;--awb-spacing-left-large:3.84%;--awb-width-medium:50%;--awb-order-medium:0;--awb-spacing-right-medium:3.84%;--awb-spacing-left-medium:3.84%;--awb-width-small:100%;--awb-order-small:0;--awb-spacing-right-small:1.92%;--awb-spacing-left-small:1.92%;\"><div class=\"fusion-column-wrapper fusion-column-has-shadow fusion-flex-justify-content-flex-start fusion-content-layout-column\"><div class=\"fusion-text fusion-text-23 fusion-text-no-margin\" style=\"--awb-margin-bottom:0px;\"><p><b>Vorteile<\/b><\/p>\n<\/div><ul style=\"--awb-line-height:27.2px;--awb-icon-width:27.2px;--awb-icon-height:27.2px;--awb-icon-margin:11.2px;--awb-content-margin:38.4px;\" class=\"fusion-checklist fusion-checklist-7 fusion-checklist-default fusion-checklist-divider type-icons\"><li class=\"fusion-li-item\" style=\"\"><span class=\"icon-wrapper circle-no\"><i class=\"fusion-li-icon fa-check fas\" aria-hidden=\"true\"><\/i><\/span><div class=\"fusion-li-item-content\">Dieses Konzept spart Raum und Kosten, da weniger Schreibtische ben\u00f6tigt werden.<\/div><\/li><li class=\"fusion-li-item\" style=\"\"><span class=\"icon-wrapper circle-no\"><i class=\"fusion-li-icon fa-check fas\" aria-hidden=\"true\"><\/i><\/span><div class=\"fusion-li-item-content\">Zudem erm\u00f6glicht es Flexibilit\u00e4t und f\u00f6rdert soziale Interaktionen, da Mitarbeitende unterschiedliche Arbeitsumgebungen und Kollegen kennenlernen.<\/div><\/li><\/ul><\/div><\/div><div class=\"fusion-layout-column fusion_builder_column_inner fusion-builder-nested-column-7 fusion_builder_column_inner_1_2 1_2 fusion-flex-column checklist\" style=\"--awb-bg-size:cover;--awb-width-large:50%;--awb-margin-top-large:0px;--awb-spacing-right-large:3.84%;--awb-margin-bottom-large:20px;--awb-spacing-left-large:3.84%;--awb-width-medium:50%;--awb-order-medium:0;--awb-spacing-right-medium:3.84%;--awb-spacing-left-medium:3.84%;--awb-width-small:100%;--awb-order-small:0;--awb-spacing-right-small:1.92%;--awb-spacing-left-small:1.92%;\"><div class=\"fusion-column-wrapper fusion-column-has-shadow fusion-flex-justify-content-flex-start fusion-content-layout-column\"><div class=\"fusion-text fusion-text-24 fusion-text-no-margin\" style=\"--awb-margin-bottom:0px;\"><p><b>Nachteile<\/b><\/p>\n<\/div><ul style=\"--awb-iconcolor:#ff2200;--awb-line-height:27.2px;--awb-icon-width:27.2px;--awb-icon-height:27.2px;--awb-icon-margin:11.2px;--awb-content-margin:38.4px;\" class=\"fusion-checklist fusion-checklist-8 fusion-checklist-default fusion-checklist-divider type-icons\"><li class=\"fusion-li-item\" style=\"\"><span class=\"icon-wrapper circle-no\"><i class=\"fusion-li-icon fa-times fas\" aria-hidden=\"true\"><\/i><\/span><div class=\"fusion-li-item-content\">Shared Desks k\u00f6nnen das Zugeh\u00f6rigkeitsgef\u00fchl mindern, da Mitarbeitende oft keinen eigenen Platz haben.<\/div><\/li><li class=\"fusion-li-item\" style=\"\"><span class=\"icon-wrapper circle-no\"><i class=\"fusion-li-icon fa-times fas\" aria-hidden=\"true\"><\/i><\/span><div class=\"fusion-li-item-content\">Au\u00dferdem erfordert es ein gewisses Organisationstalent, um die Nutzung der Schreibtische effektiv zu koordinieren.<\/div><\/li><\/ul><\/div><\/div><\/div><div class=\"fusion-title title fusion-title-4 fusion-sep-none fusion-title-text fusion-title-size-two\"><h2 class=\"fusion-title-heading title-heading-left fusion-responsive-typography-calculated\" style=\"margin:0;--fontSize:53;line-height:1.1;\">Ergonomie am Arbeitsplatz<\/h2><\/div><div class=\"fusion-text fusion-text-25\"><p>Ergonomie ist mehr als nur ein Trend. Eine <a href=\"https:\/\/schultz.de\/ratgeber\/arbeitsplatz-gestalten\/\">ergonomische Gestaltung des Arbeitsplatzes<\/a> kann einen gesunden R\u00fccken erhalten und langfristig R\u00fcckenproblemen vorbeugen. Die richtige Sitzposition, angepasste M\u00f6bel und ein durchdachtes Raumdesign wirken nicht nur prophylaktisch, sondern k\u00f6nnen auch Ihre Effizienz und die Konzentration steigern. Daher ist es umso wichtiger, diverse <a href=\"https:\/\/schultz.de\/ratgeber\/buero-must-haves\/\">B\u00fcro Must-Haves<\/a>\u00a0einzuplanen.<\/p>\n<h3>Ergonomische B\u00fcrom\u00f6bel: St\u00fchle, Tische und Zubeh\u00f6r<\/h3>\n<p>Ergonomische B\u00fcrom\u00f6bel sind der Schl\u00fcssel zu einem gesunden Arbeitsplatz. Sie sind so gestaltet, dass sie die pers\u00f6nliche Physiognomie unterst\u00fctzen &#8211; unabh\u00e4ngig davon, ob jemand klein oder gro\u00df, leicht oder schwer ist.<\/p>\n<h4>Ergonomische B\u00fcrost\u00fchle f\u00fcr optimalen Sitzkomfort<\/h4>\n<p>Ergonomische B\u00fcrost\u00fchle sind so konzipiert, dass sie den R\u00fccken optimal unterst\u00fctzen und individuelle Anpassung erm\u00f6glichen. Wesentliche Merkmale eines guten B\u00fcrostuhls sind:<\/p>\n<ul>\n<li><strong>Verstellbare R\u00fcckenlehnen<\/strong>: Passen Sie die Neigung an, um Ihre Wirbels\u00e4ule optimal zu unterst\u00fctzen.<\/li>\n<li><strong>Anpassbare Armlehnen<\/strong>: Reduzieren Sie die Belastung von Schultern und Nacken.<\/li>\n<li><strong>H\u00f6henverstellbare Sitze<\/strong>: Stellen Sie die Sitzh\u00f6he so ein, dass Ihre F\u00fc\u00dfe flach auf dem Boden stehen und Ihre Oberschenkel parallel zum Boden sind.<\/li>\n<\/ul>\n<p>Ein hochwertiger B\u00fcrostuhl reduziert die Belastung der Wirbels\u00e4ule und beugt langfristigen Sch\u00e4den vor. Weitere Informationen finden Sie in unserem <a href=\"https:\/\/schultz.de\/ratgeber\/buerostuhl-bei-rueckenschmerzen\/\">Ratgeber zu B\u00fcrost\u00fchlen bei R\u00fcckenschmerzen<\/a>.<\/p>\n<p><strong>Unsere Produktempfehlungen f\u00fcr ergonomische B\u00fcrost\u00fchle <\/strong><strong><br \/>\n<\/strong><\/p>\n<\/div><\/div><\/div><div class=\"fusion-layout-column fusion_builder_column fusion-builder-column-11 fusion_builder_column_1_6 1_6 fusion-flex-column\" style=\"--awb-bg-size:cover;--awb-width-large:16.666666666667%;--awb-margin-top-large:0px;--awb-spacing-right-large:11.52%;--awb-margin-bottom-large:20px;--awb-spacing-left-large:11.52%;--awb-width-medium:100%;--awb-order-medium:0;--awb-spacing-right-medium:1.92%;--awb-spacing-left-medium:1.92%;--awb-width-small:100%;--awb-order-small:0;--awb-spacing-right-small:1.92%;--awb-spacing-left-small:1.92%;\"><div class=\"fusion-column-wrapper fusion-column-has-shadow fusion-flex-justify-content-flex-start fusion-content-layout-column\"><\/div><\/div><div class=\"fusion-layout-column fusion_builder_column fusion-builder-column-12 fusion_builder_column_1_6 1_6 fusion-flex-column\" style=\"--awb-bg-size:cover;--awb-width-large:16.666666666667%;--awb-margin-top-large:0px;--awb-spacing-right-large:11.52%;--awb-margin-bottom-large:20px;--awb-spacing-left-large:11.52%;--awb-width-medium:100%;--awb-order-medium:0;--awb-spacing-right-medium:1.92%;--awb-spacing-left-medium:1.92%;--awb-width-small:100%;--awb-order-small:0;--awb-spacing-right-small:1.92%;--awb-spacing-left-small:1.92%;\"><div class=\"fusion-column-wrapper fusion-column-has-shadow fusion-flex-justify-content-flex-start fusion-content-layout-column\"><\/div><\/div><div class=\"fusion-layout-column fusion_builder_column fusion-builder-column-13 fusion-flex-column fusion-column-inner-bg-wrapper fusion-column-liftup-border\" style=\"--awb-inner-bg-color:var(--awb-color1);--awb-inner-bg-color-hover:var(--awb-color1);--awb-inner-bg-position:center center;--awb-inner-bg-size:cover;--awb-inner-bg-box-shadow:6px 0px 24px 0px hsla(var(--awb-color8-h),var(--awb-color8-s),calc( var(--awb-color8-l) - 9% ),calc( var(--awb-color8-a) - 93% ));;--awb-border-color:var(--awb-color1);--awb-inner-border-color:var(--awb-color1);--awb-border-top:7px;--awb-inner-border-top:7px;--awb-border-right:7px;--awb-inner-border-right:7px;--awb-border-bottom:7px;--awb-inner-border-bottom:7px;--awb-border-left:7px;--awb-inner-border-left:7px;--awb-border-style:solid;--awb-inner-border-style:solid;--awb-width-large:22.22%;--awb-margin-top-large:0px;--awb-spacing-right-large:8.6408640864086%;--awb-margin-bottom-large:20px;--awb-spacing-left-large:8.6408640864086%;--awb-width-medium:50%;--awb-order-medium:0;--awb-spacing-right-medium:3.84%;--awb-spacing-left-medium:3.84%;--awb-width-small:50%;--awb-order-small:0;--awb-spacing-right-small:3.84%;--awb-spacing-left-small:3.84%;\"><span class=\"fusion-column-inner-bg hover-type-liftup\"><a class=\"fusion-column-anchor\" href=\"https:\/\/schultz.de\/produkt\/to-strike-comfort-pro-testsieger\" rel=\"noopener noreferrer\" target=\"_blank\"><span class=\"fusion-column-inner-bg-image\"><\/span><\/a><\/span><div class=\"fusion-column-wrapper fusion-flex-justify-content-flex-start fusion-content-layout-column\"><div class=\"fusion-image-element \" style=\"text-align:center;--awb-aspect-ratio:1 \/ 1;--awb-object-position:26% 47%;--awb-caption-title-font-family:var(--h2_typography-font-family);--awb-caption-title-font-weight:var(--h2_typography-font-weight);--awb-caption-title-font-style:var(--h2_typography-font-style);--awb-caption-title-size:var(--h2_typography-font-size);--awb-caption-title-transform:var(--h2_typography-text-transform);--awb-caption-title-line-height:var(--h2_typography-line-height);--awb-caption-title-letter-spacing:var(--h2_typography-letter-spacing);\"><span class=\" fusion-imageframe imageframe-none imageframe-1 hover-type-zoomin has-aspect-ratio\"><img decoding=\"async\" width=\"1400\" height=\"1400\" alt=\"To-Strike Comfort Pro Testsieger \u2013 ergonomischer B\u00fcrostuhl mit Synchronmechanik und Lumbalst\u00fctze in schwarz\" title=\"trend-office-11dstrikepro-to-strike-comfort-pro-30deg_testsiegel_transparent_neu0824.png.png_1400x1400\" src=\"https:\/\/schultz.de\/ratgeber\/wp-content\/uploads\/2024\/11\/trend-office-11dstrikepro-to-strike-comfort-pro-30deg_testsiegel_transparent_neu0824.png.png_1400x1400.webp\" class=\"img-responsive wp-image-8755 img-with-aspect-ratio\" data-parent-fit=\"cover\" data-parent-container=\".fusion-image-element\" srcset=\"https:\/\/schultz.de\/ratgeber\/wp-content\/uploads\/2024\/11\/trend-office-11dstrikepro-to-strike-comfort-pro-30deg_testsiegel_transparent_neu0824.png.png_1400x1400-200x200.webp 200w, https:\/\/schultz.de\/ratgeber\/wp-content\/uploads\/2024\/11\/trend-office-11dstrikepro-to-strike-comfort-pro-30deg_testsiegel_transparent_neu0824.png.png_1400x1400-400x400.webp 400w, https:\/\/schultz.de\/ratgeber\/wp-content\/uploads\/2024\/11\/trend-office-11dstrikepro-to-strike-comfort-pro-30deg_testsiegel_transparent_neu0824.png.png_1400x1400-600x600.webp 600w, https:\/\/schultz.de\/ratgeber\/wp-content\/uploads\/2024\/11\/trend-office-11dstrikepro-to-strike-comfort-pro-30deg_testsiegel_transparent_neu0824.png.png_1400x1400-800x800.webp 800w, https:\/\/schultz.de\/ratgeber\/wp-content\/uploads\/2024\/11\/trend-office-11dstrikepro-to-strike-comfort-pro-30deg_testsiegel_transparent_neu0824.png.png_1400x1400-1200x1200.webp 1200w, https:\/\/schultz.de\/ratgeber\/wp-content\/uploads\/2024\/11\/trend-office-11dstrikepro-to-strike-comfort-pro-30deg_testsiegel_transparent_neu0824.png.png_1400x1400.webp 1400w\" sizes=\"(max-width: 1024px) 100vw, (max-width: 667px) 100vw, 400px\" \/><\/span><\/div><div class=\"fusion-title title fusion-title-5 fusion-sep-none fusion-title-center fusion-title-text fusion-title-size-div\" style=\"--awb-margin-top:5px;--awb-margin-bottom:5px;\"><div class=\"fusion-title-heading title-heading-center title-heading-tag fusion-responsive-typography-calculated\" style=\"margin:0;--fontSize:16;--minFontSize:16;line-height:var(--awb-typography4-line-height);\"><b>To-Strike Comfort Pro Testsieger<\/b><\/div><\/div><div class=\"fusion-text fusion-text-26\" style=\"--awb-content-alignment:center;--awb-text-color:var(--awb-color5);\"><p>ab <span style=\"color: var(--awb-text-color); font-family: var(--awb-text-font-family); font-size: var(--awb-font-size); font-style: var(--awb-text-font-style); font-weight: var(--awb-text-font-weight); letter-spacing: var(--awb-letter-spacing); text-align: var(--awb-content-alignment); text-transform: var(--awb-text-transform); background-color: var(--awb-bg-color-hover);\">264,00 \u20ac<\/span><\/p>\n<\/div><\/div><\/div><div class=\"fusion-layout-column fusion_builder_column fusion-builder-column-14 fusion-flex-column fusion-column-inner-bg-wrapper fusion-column-liftup-border\" style=\"--awb-inner-bg-color:var(--awb-color1);--awb-inner-bg-color-hover:var(--awb-color1);--awb-inner-bg-position:center center;--awb-inner-bg-size:cover;--awb-inner-bg-box-shadow:6px 0px 24px 0px hsla(var(--awb-color8-h),var(--awb-color8-s),calc( var(--awb-color8-l) - 9% ),calc( var(--awb-color8-a) - 93% ));;--awb-border-color:var(--awb-color1);--awb-inner-border-color:var(--awb-color1);--awb-border-top:7px;--awb-inner-border-top:7px;--awb-border-right:7px;--awb-inner-border-right:7px;--awb-border-bottom:7px;--awb-inner-border-bottom:7px;--awb-border-left:7px;--awb-inner-border-left:7px;--awb-border-style:solid;--awb-inner-border-style:solid;--awb-width-large:22.22%;--awb-margin-top-large:0px;--awb-spacing-right-large:8.6408640864086%;--awb-margin-bottom-large:20px;--awb-spacing-left-large:8.6408640864086%;--awb-width-medium:50%;--awb-order-medium:0;--awb-spacing-right-medium:3.84%;--awb-spacing-left-medium:3.84%;--awb-width-small:50%;--awb-order-small:0;--awb-spacing-right-small:3.84%;--awb-spacing-left-small:3.84%;\"><span class=\"fusion-column-inner-bg hover-type-liftup\"><a class=\"fusion-column-anchor\" href=\"https:\/\/schultz.de\/produkt\/net-motion-buerostuhl-testsieger-zerlegt-11dnmswrh-z\" rel=\"noopener noreferrer\" target=\"_blank\"><span class=\"fusion-column-inner-bg-image\"><\/span><\/a><\/span><div class=\"fusion-column-wrapper fusion-flex-justify-content-flex-start fusion-content-layout-column\"><div class=\"fusion-image-element \" style=\"text-align:center;--awb-aspect-ratio:1 \/ 1;--awb-object-position:26% 47%;--awb-caption-title-font-family:var(--h2_typography-font-family);--awb-caption-title-font-weight:var(--h2_typography-font-weight);--awb-caption-title-font-style:var(--h2_typography-font-style);--awb-caption-title-size:var(--h2_typography-font-size);--awb-caption-title-transform:var(--h2_typography-text-transform);--awb-caption-title-line-height:var(--h2_typography-line-height);--awb-caption-title-letter-spacing:var(--h2_typography-letter-spacing);\"><span class=\" fusion-imageframe imageframe-none imageframe-2 hover-type-zoomin has-aspect-ratio\"><img decoding=\"async\" width=\"1400\" height=\"1400\" alt=\"Net Motion B\u00fcrostuhl Testsieger \u2013 ergonomischer Schreibtischstuhl mit r\u00fcckenschonendem Design in schwarz\" title=\"nowy-styl-katm004de002-net-motion-30deg_transparent3.png_1400x1400\" src=\"https:\/\/schultz.de\/ratgeber\/wp-content\/uploads\/2024\/11\/nowy-styl-katm004de002-net-motion-30deg_transparent3.png_1400x1400.webp\" class=\"img-responsive wp-image-8756 img-with-aspect-ratio\" data-parent-fit=\"cover\" data-parent-container=\".fusion-image-element\" srcset=\"https:\/\/schultz.de\/ratgeber\/wp-content\/uploads\/2024\/11\/nowy-styl-katm004de002-net-motion-30deg_transparent3.png_1400x1400-200x200.webp 200w, https:\/\/schultz.de\/ratgeber\/wp-content\/uploads\/2024\/11\/nowy-styl-katm004de002-net-motion-30deg_transparent3.png_1400x1400-400x400.webp 400w, https:\/\/schultz.de\/ratgeber\/wp-content\/uploads\/2024\/11\/nowy-styl-katm004de002-net-motion-30deg_transparent3.png_1400x1400-600x600.webp 600w, https:\/\/schultz.de\/ratgeber\/wp-content\/uploads\/2024\/11\/nowy-styl-katm004de002-net-motion-30deg_transparent3.png_1400x1400-800x800.webp 800w, https:\/\/schultz.de\/ratgeber\/wp-content\/uploads\/2024\/11\/nowy-styl-katm004de002-net-motion-30deg_transparent3.png_1400x1400-1200x1200.webp 1200w, https:\/\/schultz.de\/ratgeber\/wp-content\/uploads\/2024\/11\/nowy-styl-katm004de002-net-motion-30deg_transparent3.png_1400x1400.webp 1400w\" sizes=\"(max-width: 1024px) 100vw, (max-width: 667px) 100vw, 400px\" \/><\/span><\/div><div class=\"fusion-title title fusion-title-6 fusion-sep-none fusion-title-center fusion-title-text fusion-title-size-div\" style=\"--awb-margin-top:5px;--awb-margin-bottom:5px;\"><div class=\"fusion-title-heading title-heading-center title-heading-tag fusion-responsive-typography-calculated\" style=\"margin:0;--fontSize:16;--minFontSize:16;line-height:var(--awb-typography4-line-height);\"><b>Net Motion B\u00fcrostuhl Testsieger (zerlegt)<\/b><\/div><\/div><div class=\"fusion-text fusion-text-27\" style=\"--awb-content-alignment:center;--awb-text-color:var(--awb-color5);\"><p>ab <span style=\"color: var(--awb-text-color); font-family: var(--awb-text-font-family); font-size: var(--awb-font-size); font-style: var(--awb-text-font-style); font-weight: var(--awb-text-font-weight); letter-spacing: var(--awb-letter-spacing); text-align: var(--awb-content-alignment); text-transform: var(--awb-text-transform); background-color: var(--awb-bg-color);\">252,00 \u20ac<\/span><\/p>\n<\/div><\/div><\/div><div class=\"fusion-layout-column fusion_builder_column fusion-builder-column-15 fusion-flex-column fusion-column-inner-bg-wrapper fusion-column-liftup-border\" style=\"--awb-inner-bg-color:var(--awb-color1);--awb-inner-bg-color-hover:var(--awb-color1);--awb-inner-bg-position:center center;--awb-inner-bg-size:cover;--awb-inner-bg-box-shadow:6px 0px 24px 0px hsla(var(--awb-color8-h),var(--awb-color8-s),calc( var(--awb-color8-l) - 9% ),calc( var(--awb-color8-a) - 93% ));;--awb-border-color:var(--awb-color1);--awb-inner-border-color:var(--awb-color1);--awb-border-top:7px;--awb-inner-border-top:7px;--awb-border-right:7px;--awb-inner-border-right:7px;--awb-border-bottom:7px;--awb-inner-border-bottom:7px;--awb-border-left:7px;--awb-inner-border-left:7px;--awb-border-style:solid;--awb-inner-border-style:solid;--awb-width-large:22.22%;--awb-margin-top-large:0px;--awb-spacing-right-large:8.6408640864086%;--awb-margin-bottom-large:20px;--awb-spacing-left-large:8.6408640864086%;--awb-width-medium:50%;--awb-order-medium:0;--awb-spacing-right-medium:3.84%;--awb-spacing-left-medium:3.84%;--awb-width-small:50%;--awb-order-small:0;--awb-spacing-right-small:3.84%;--awb-spacing-left-small:3.84%;\"><span class=\"fusion-column-inner-bg hover-type-liftup\"><a class=\"fusion-column-anchor\" href=\"https:\/\/schultz.de\/produkt\/navigo-von-nowy-styl\" rel=\"noopener noreferrer\" target=\"_blank\"><span class=\"fusion-column-inner-bg-image\"><\/span><\/a><\/span><div class=\"fusion-column-wrapper fusion-flex-justify-content-flex-start fusion-content-layout-column\"><div class=\"fusion-image-element \" style=\"text-align:center;--awb-aspect-ratio:1 \/ 1;--awb-object-position:26% 47%;--awb-caption-title-font-family:var(--h2_typography-font-family);--awb-caption-title-font-weight:var(--h2_typography-font-weight);--awb-caption-title-font-style:var(--h2_typography-font-style);--awb-caption-title-size:var(--h2_typography-font-size);--awb-caption-title-transform:var(--h2_typography-text-transform);--awb-caption-title-line-height:var(--h2_typography-line-height);--awb-caption-title-letter-spacing:var(--h2_typography-letter-spacing);\"><span class=\" fusion-imageframe imageframe-none imageframe-3 hover-type-zoomin has-aspect-ratio\"><img decoding=\"async\" width=\"1200\" height=\"1200\" alt=\"Der B\u00fcrostuhl Navigo von NowyStyl auf Platz zwei der Stiftung Warentest zeichnet sich durch seine Synchronmechanik aus\" title=\"nowy-styl-11navigoswrh-navigo-30deg_transparent4\" src=\"https:\/\/schultz.de\/ratgeber\/wp-content\/uploads\/2023\/07\/nowy-styl-11navigoswrh-navigo-30deg_transparent4.webp\" class=\"img-responsive wp-image-4598 img-with-aspect-ratio\" data-parent-fit=\"cover\" data-parent-container=\".fusion-image-element\" srcset=\"https:\/\/schultz.de\/ratgeber\/wp-content\/uploads\/2023\/07\/nowy-styl-11navigoswrh-navigo-30deg_transparent4-200x200.webp 200w, https:\/\/schultz.de\/ratgeber\/wp-content\/uploads\/2023\/07\/nowy-styl-11navigoswrh-navigo-30deg_transparent4-400x400.webp 400w, https:\/\/schultz.de\/ratgeber\/wp-content\/uploads\/2023\/07\/nowy-styl-11navigoswrh-navigo-30deg_transparent4-600x600.webp 600w, https:\/\/schultz.de\/ratgeber\/wp-content\/uploads\/2023\/07\/nowy-styl-11navigoswrh-navigo-30deg_transparent4-800x800.webp 800w, https:\/\/schultz.de\/ratgeber\/wp-content\/uploads\/2023\/07\/nowy-styl-11navigoswrh-navigo-30deg_transparent4.webp 1200w\" sizes=\"(max-width: 1024px) 100vw, (max-width: 667px) 100vw, 400px\" \/><\/span><\/div><div class=\"fusion-title title fusion-title-7 fusion-sep-none fusion-title-center fusion-title-text fusion-title-size-div\" style=\"--awb-margin-top:5px;--awb-margin-bottom:5px;\"><div class=\"fusion-title-heading title-heading-center title-heading-tag fusion-responsive-typography-calculated\" style=\"margin:0;--fontSize:16;--minFontSize:16;line-height:var(--awb-typography4-line-height);\"><p><b>Navigo von Nowy<br \/>\nStyl<\/b><\/p><\/div><\/div><div class=\"fusion-text fusion-text-28\" style=\"--awb-content-alignment:center;--awb-text-color:var(--awb-color5);\"><p>ab <span style=\"color: var(--awb-text-color); font-family: var(--awb-text-font-family); font-size: var(--awb-font-size); font-style: var(--awb-text-font-style); font-weight: var(--awb-text-font-weight); letter-spacing: var(--awb-letter-spacing); text-align: var(--awb-content-alignment); text-transform: var(--awb-text-transform); background-color: var(--awb-bg-color);\">264,00 \u20ac<\/span><\/p>\n<\/div><\/div><\/div><div class=\"fusion-layout-column fusion_builder_column fusion-builder-column-16 fusion_builder_column_1_6 1_6 fusion-flex-column\" style=\"--awb-bg-size:cover;--awb-width-large:16.666666666667%;--awb-margin-top-large:0px;--awb-spacing-right-large:11.52%;--awb-margin-bottom-large:20px;--awb-spacing-left-large:11.52%;--awb-width-medium:100%;--awb-order-medium:0;--awb-spacing-right-medium:1.92%;--awb-spacing-left-medium:1.92%;--awb-width-small:100%;--awb-order-small:0;--awb-spacing-right-small:1.92%;--awb-spacing-left-small:1.92%;\"><div class=\"fusion-column-wrapper fusion-column-has-shadow fusion-flex-justify-content-flex-start fusion-content-layout-column\"><\/div><\/div><div class=\"fusion-layout-column fusion_builder_column fusion-builder-column-17 fusion_builder_column_1_6 1_6 fusion-flex-column\" style=\"--awb-bg-size:cover;--awb-width-large:16.666666666667%;--awb-margin-top-large:0px;--awb-spacing-right-large:11.52%;--awb-margin-bottom-large:20px;--awb-spacing-left-large:11.52%;--awb-width-medium:100%;--awb-order-medium:0;--awb-spacing-right-medium:1.92%;--awb-spacing-left-medium:1.92%;--awb-width-small:100%;--awb-order-small:0;--awb-spacing-right-small:1.92%;--awb-spacing-left-small:1.92%;\"><div class=\"fusion-column-wrapper fusion-column-has-shadow fusion-flex-justify-content-flex-start fusion-content-layout-column\"><\/div><\/div><div class=\"fusion-layout-column fusion_builder_column fusion-builder-column-18 fusion_builder_column_2_3 2_3 fusion-flex-column\" style=\"--awb-bg-blend:overlay;--awb-bg-size:cover;--awb-width-large:66.666666666667%;--awb-margin-top-large:0px;--awb-spacing-right-large:2.88%;--awb-margin-bottom-large:20px;--awb-spacing-left-large:2.88%;--awb-width-medium:100%;--awb-spacing-right-medium:1.92%;--awb-spacing-left-medium:1.92%;--awb-width-small:100%;--awb-spacing-right-small:1.92%;--awb-spacing-left-small:1.92%;\"><div class=\"fusion-column-wrapper fusion-column-has-shadow fusion-flex-justify-content-flex-start fusion-content-layout-column\"><div class=\"fusion-text fusion-text-29\"><h4>H\u00f6henverstellbare Tische f\u00fcr flexible Arbeitspositionen<\/h4>\n<p>H\u00f6henverstellbare Schreibtische sind ein wahrer Game-Changer f\u00fcr Ihr Arbeitsumfeld! Sie erm\u00f6glichen es Ihnen, je nach Bedarf im Sitzen oder im Stehen zu arbeiten. Wenn Sie zwischen verschiedenen Positionen wechseln, steigern Sie Ihre Beweglichkeit und reduzieren Ihre Erm\u00fcdung.<\/p>\n<p>Um das Beste aus einem h\u00f6henverstellbaren Tisch herauszuholen, sollten Sie auf folgende Punkte achten:<\/p>\n<ul>\n<li><strong>Einfache H\u00f6henverstellung<\/strong>: Ein Tisch, der sich m\u00fchelos anpassen l\u00e4sst, erleichtert den Wechsel zwischen Sitz- und Stehpositionen.<\/li>\n<li><strong>Stabilit\u00e4t<\/strong>: Achten Sie darauf, dass der Tisch auch in der h\u00f6chsten Position stabil bleibt.<\/li>\n<li><strong>Gen\u00fcgend Platz<\/strong>: Stellen Sie sicher, dass der Tisch ausreichend Platz f\u00fcr Ihre Arbeitsmaterialien bietet.<\/li>\n<\/ul>\n<p>Wenn Sie mehr dar\u00fcber erfahren m\u00f6chten, wie ein h\u00f6henverstellbarer Tisch Ihre Gesundheit am Arbeitsplatz unterst\u00fctzen kann, werfen Sie einen Blick in unseren detaillierten Ratgeber \u00fcber<a href=\"https:\/\/schultz.de\/ratgeber\/hoehenverstellbarer-schreibtisch-worauf-achten\/\"> h\u00f6henverstellbare Schreibtische und worauf Sie achten sollten<\/a>.<\/p>\n<p><strong>Unsere Produktempfehlungen f\u00fcr h\u00f6henverstellbare Schreibtische:\u00a0<\/strong><\/p>\n<\/div><\/div><\/div><div class=\"fusion-layout-column fusion_builder_column fusion-builder-column-19 fusion_builder_column_1_6 1_6 fusion-flex-column\" style=\"--awb-bg-size:cover;--awb-width-large:16.666666666667%;--awb-margin-top-large:0px;--awb-spacing-right-large:11.52%;--awb-margin-bottom-large:20px;--awb-spacing-left-large:11.52%;--awb-width-medium:100%;--awb-order-medium:0;--awb-spacing-right-medium:1.92%;--awb-spacing-left-medium:1.92%;--awb-width-small:100%;--awb-order-small:0;--awb-spacing-right-small:1.92%;--awb-spacing-left-small:1.92%;\"><div class=\"fusion-column-wrapper fusion-column-has-shadow fusion-flex-justify-content-flex-start fusion-content-layout-column\"><\/div><\/div><div class=\"fusion-layout-column fusion_builder_column fusion-builder-column-20 fusion_builder_column_1_6 1_6 fusion-flex-column\" style=\"--awb-bg-size:cover;--awb-width-large:16.666666666667%;--awb-margin-top-large:0px;--awb-spacing-right-large:11.52%;--awb-margin-bottom-large:20px;--awb-spacing-left-large:11.52%;--awb-width-medium:100%;--awb-order-medium:0;--awb-spacing-right-medium:1.92%;--awb-spacing-left-medium:1.92%;--awb-width-small:100%;--awb-order-small:0;--awb-spacing-right-small:1.92%;--awb-spacing-left-small:1.92%;\"><div class=\"fusion-column-wrapper fusion-column-has-shadow fusion-flex-justify-content-flex-start fusion-content-layout-column\"><\/div><\/div><div class=\"fusion-layout-column fusion_builder_column fusion-builder-column-21 fusion-flex-column fusion-flex-align-self-stretch fusion-column-inner-bg-wrapper fusion-column-liftup-border\" style=\"--awb-inner-bg-color:var(--awb-color1);--awb-inner-bg-color-hover:var(--awb-color1);--awb-inner-bg-position:center center;--awb-inner-bg-size:cover;--awb-inner-bg-box-shadow:6px 0px 24px 0px hsla(var(--awb-color8-h),var(--awb-color8-s),calc( var(--awb-color8-l) - 9% ),calc( var(--awb-color8-a) - 93% ));;--awb-border-color:var(--awb-color1);--awb-inner-border-color:var(--awb-color1);--awb-border-top:7px;--awb-inner-border-top:7px;--awb-border-right:7px;--awb-inner-border-right:7px;--awb-border-bottom:7px;--awb-inner-border-bottom:7px;--awb-border-left:7px;--awb-inner-border-left:7px;--awb-border-style:solid;--awb-inner-border-style:solid;--awb-width-large:22.22%;--awb-margin-top-large:0px;--awb-spacing-right-large:8.6408640864086%;--awb-margin-bottom-large:20px;--awb-spacing-left-large:8.6408640864086%;--awb-width-medium:50%;--awb-order-medium:0;--awb-spacing-right-medium:3.84%;--awb-spacing-left-medium:3.84%;--awb-width-small:50%;--awb-order-small:0;--awb-spacing-right-small:3.84%;--awb-spacing-left-small:3.84%;\"><span class=\"fusion-column-inner-bg hover-type-liftup\"><a class=\"fusion-column-anchor\" href=\"https:\/\/schultz.de\/produkt\/edesk-elektrisch-hoehenverstellbarer-schreibtisch-gestell-eckig-7edeabh1208\" rel=\"noopener noreferrer\" target=\"_blank\"><span class=\"fusion-column-inner-bg-image\"><\/span><\/a><\/span><div class=\"fusion-column-wrapper fusion-flex-justify-content-flex-start fusion-content-layout-column\"><div class=\"fusion-image-element \" style=\"text-align:center;--awb-aspect-ratio:1 \/ 1;--awb-object-position:26% 47%;--awb-caption-title-font-family:var(--h2_typography-font-family);--awb-caption-title-font-weight:var(--h2_typography-font-weight);--awb-caption-title-font-style:var(--h2_typography-font-style);--awb-caption-title-size:var(--h2_typography-font-size);--awb-caption-title-transform:var(--h2_typography-text-transform);--awb-caption-title-line-height:var(--h2_typography-line-height);--awb-caption-title-letter-spacing:var(--h2_typography-letter-spacing);\"><span class=\" fusion-imageframe imageframe-none imageframe-4 hover-type-zoomin has-aspect-ratio\"><img decoding=\"async\" width=\"1000\" height=\"1000\" alt=\"Das h\u00f6henverstellbare und eckige Schreibtisch-Gestell eDesk \u00fcberzeugt mit einer benutzerfreundlichen Steuerung\" title=\"schultz-7ede-edesk-hoehenverstellbarer-schreibtisch-gestell-eckig-30deg_transparent\" src=\"https:\/\/schultz.de\/ratgeber\/wp-content\/uploads\/2023\/09\/schultz-7ede-edesk-hoehenverstellbarer-schreibtisch-gestell-eckig-30deg_transparent.webp\" class=\"img-responsive wp-image-5629 img-with-aspect-ratio\" data-parent-fit=\"cover\" data-parent-container=\".fusion-image-element\" srcset=\"https:\/\/schultz.de\/ratgeber\/wp-content\/uploads\/2023\/09\/schultz-7ede-edesk-hoehenverstellbarer-schreibtisch-gestell-eckig-30deg_transparent-200x200.webp 200w, https:\/\/schultz.de\/ratgeber\/wp-content\/uploads\/2023\/09\/schultz-7ede-edesk-hoehenverstellbarer-schreibtisch-gestell-eckig-30deg_transparent-400x400.webp 400w, https:\/\/schultz.de\/ratgeber\/wp-content\/uploads\/2023\/09\/schultz-7ede-edesk-hoehenverstellbarer-schreibtisch-gestell-eckig-30deg_transparent-600x600.webp 600w, https:\/\/schultz.de\/ratgeber\/wp-content\/uploads\/2023\/09\/schultz-7ede-edesk-hoehenverstellbarer-schreibtisch-gestell-eckig-30deg_transparent-800x800.webp 800w, https:\/\/schultz.de\/ratgeber\/wp-content\/uploads\/2023\/09\/schultz-7ede-edesk-hoehenverstellbarer-schreibtisch-gestell-eckig-30deg_transparent.webp 1000w\" sizes=\"(max-width: 1024px) 100vw, (max-width: 667px) 100vw, 400px\" \/><\/span><\/div><div class=\"fusion-title title fusion-title-8 fusion-sep-none fusion-title-center fusion-title-text fusion-title-size-div\" style=\"--awb-margin-top:5px;--awb-margin-bottom:5px;\"><div class=\"fusion-title-heading title-heading-center title-heading-tag fusion-responsive-typography-calculated\" style=\"margin:0;--fontSize:16;--minFontSize:16;line-height:var(--awb-typography4-line-height);\"><b>eDesk elektrisch h\u00f6henverstellbarer Schreibtisch Gestell eckig<\/b><\/div><\/div><div class=\"fusion-text fusion-text-30\" style=\"--awb-content-alignment:center;--awb-text-color:var(--awb-color5);\"><p>ab <span style=\"color: var(--awb-text-color); font-family: var(--awb-text-font-family); font-size: var(--awb-font-size); font-style: var(--awb-text-font-style); font-weight: var(--awb-text-font-weight); letter-spacing: var(--awb-letter-spacing); text-align: var(--awb-content-alignment); text-transform: var(--awb-text-transform); background-color: var(--awb-bg-color);\">539,00 \u20ac<\/span><\/p>\n<\/div><\/div><\/div><div class=\"fusion-layout-column fusion_builder_column fusion-builder-column-22 fusion-flex-column fusion-flex-align-self-stretch fusion-column-inner-bg-wrapper fusion-column-liftup-border\" style=\"--awb-inner-bg-color:var(--awb-color1);--awb-inner-bg-color-hover:var(--awb-color1);--awb-inner-bg-position:center center;--awb-inner-bg-size:cover;--awb-inner-bg-box-shadow:6px 0px 24px 0px hsla(var(--awb-color8-h),var(--awb-color8-s),calc( var(--awb-color8-l) - 9% ),calc( var(--awb-color8-a) - 93% ));;--awb-border-color:var(--awb-color1);--awb-inner-border-color:var(--awb-color1);--awb-border-top:7px;--awb-inner-border-top:7px;--awb-border-right:7px;--awb-inner-border-right:7px;--awb-border-bottom:7px;--awb-inner-border-bottom:7px;--awb-border-left:7px;--awb-inner-border-left:7px;--awb-border-style:solid;--awb-inner-border-style:solid;--awb-width-large:22.22%;--awb-margin-top-large:0px;--awb-spacing-right-large:8.6408640864086%;--awb-margin-bottom-large:20px;--awb-spacing-left-large:8.6408640864086%;--awb-width-medium:50%;--awb-order-medium:0;--awb-spacing-right-medium:3.84%;--awb-spacing-left-medium:3.84%;--awb-width-small:50%;--awb-order-small:0;--awb-spacing-right-small:3.84%;--awb-spacing-left-small:3.84%;\"><span class=\"fusion-column-inner-bg hover-type-liftup\"><a class=\"fusion-column-anchor\" href=\"https:\/\/schultz.de\/produkt\/ergonomie-bundle-777-7edeabh1608\" rel=\"noopener noreferrer\" target=\"_blank\"><span class=\"fusion-column-inner-bg-image\"><\/span><\/a><\/span><div class=\"fusion-column-wrapper fusion-flex-justify-content-flex-start fusion-content-layout-column\"><div class=\"fusion-image-element \" style=\"text-align:center;--awb-aspect-ratio:1 \/ 1;--awb-object-position:26% 47%;--awb-caption-title-font-family:var(--h2_typography-font-family);--awb-caption-title-font-weight:var(--h2_typography-font-weight);--awb-caption-title-font-style:var(--h2_typography-font-style);--awb-caption-title-size:var(--h2_typography-font-size);--awb-caption-title-transform:var(--h2_typography-text-transform);--awb-caption-title-line-height:var(--h2_typography-line-height);--awb-caption-title-letter-spacing:var(--h2_typography-letter-spacing);\"><span class=\" fusion-imageframe imageframe-none imageframe-5 hover-type-zoomin has-aspect-ratio\"><img decoding=\"async\" width=\"1400\" height=\"1400\" alt=\"Ergonomie-Bundle mit h\u00f6henverstellbarem Schreibtisch in Buche und ergonomischem B\u00fcrostuhl in Schwarz\" title=\"ErgonomieBundle-VariantsWeissaluminium-Buche-ohneTestsieger.png_1400x1400\" src=\"https:\/\/schultz.de\/ratgeber\/wp-content\/uploads\/2024\/11\/ErgonomieBundle-VariantsWeissaluminium-Buche-ohneTestsieger.png_1400x1400.webp\" class=\"img-responsive wp-image-8861 img-with-aspect-ratio\" data-parent-fit=\"cover\" data-parent-container=\".fusion-image-element\" srcset=\"https:\/\/schultz.de\/ratgeber\/wp-content\/uploads\/2024\/11\/ErgonomieBundle-VariantsWeissaluminium-Buche-ohneTestsieger.png_1400x1400-200x200.webp 200w, https:\/\/schultz.de\/ratgeber\/wp-content\/uploads\/2024\/11\/ErgonomieBundle-VariantsWeissaluminium-Buche-ohneTestsieger.png_1400x1400-400x400.webp 400w, https:\/\/schultz.de\/ratgeber\/wp-content\/uploads\/2024\/11\/ErgonomieBundle-VariantsWeissaluminium-Buche-ohneTestsieger.png_1400x1400-600x600.webp 600w, https:\/\/schultz.de\/ratgeber\/wp-content\/uploads\/2024\/11\/ErgonomieBundle-VariantsWeissaluminium-Buche-ohneTestsieger.png_1400x1400-800x800.webp 800w, https:\/\/schultz.de\/ratgeber\/wp-content\/uploads\/2024\/11\/ErgonomieBundle-VariantsWeissaluminium-Buche-ohneTestsieger.png_1400x1400-1200x1200.webp 1200w, https:\/\/schultz.de\/ratgeber\/wp-content\/uploads\/2024\/11\/ErgonomieBundle-VariantsWeissaluminium-Buche-ohneTestsieger.png_1400x1400.webp 1400w\" sizes=\"(max-width: 1024px) 100vw, (max-width: 667px) 100vw, 400px\" \/><\/span><\/div><div class=\"fusion-title title fusion-title-9 fusion-sep-none fusion-title-center fusion-title-text fusion-title-size-div\" style=\"--awb-margin-top:5px;--awb-margin-bottom:5px;\"><div class=\"fusion-title-heading title-heading-center title-heading-tag fusion-responsive-typography-calculated\" style=\"margin:0;--fontSize:16;--minFontSize:16;line-height:var(--awb-typography4-line-height);\"><b>Ergonomie Bundle<\/b><\/div><\/div><div class=\"fusion-text fusion-text-31\" style=\"--awb-content-alignment:center;--awb-text-color:var(--awb-color5);\"><p>ab 652,94 \u20ac<\/p>\n<\/div><\/div><\/div><div class=\"fusion-layout-column fusion_builder_column fusion-builder-column-23 fusion-flex-column fusion-flex-align-self-stretch fusion-column-inner-bg-wrapper fusion-column-liftup-border\" style=\"--awb-inner-bg-color:var(--awb-color1);--awb-inner-bg-color-hover:var(--awb-color1);--awb-inner-bg-position:center center;--awb-inner-bg-size:cover;--awb-inner-bg-box-shadow:6px 0px 24px 0px hsla(var(--awb-color8-h),var(--awb-color8-s),calc( var(--awb-color8-l) - 9% ),calc( var(--awb-color8-a) - 93% ));;--awb-border-color:var(--awb-color1);--awb-inner-border-color:var(--awb-color1);--awb-border-top:7px;--awb-inner-border-top:7px;--awb-border-right:7px;--awb-inner-border-right:7px;--awb-border-bottom:7px;--awb-inner-border-bottom:7px;--awb-border-left:7px;--awb-inner-border-left:7px;--awb-border-style:solid;--awb-inner-border-style:solid;--awb-width-large:22.22%;--awb-margin-top-large:0px;--awb-spacing-right-large:8.6408640864086%;--awb-margin-bottom-large:20px;--awb-spacing-left-large:8.6408640864086%;--awb-width-medium:50%;--awb-order-medium:0;--awb-spacing-right-medium:3.84%;--awb-spacing-left-medium:3.84%;--awb-width-small:50%;--awb-order-small:0;--awb-spacing-right-small:3.84%;--awb-spacing-left-small:3.84%;\"><span class=\"fusion-column-inner-bg hover-type-liftup\"><a class=\"fusion-column-anchor\" href=\"https:\/\/schultz.de\/produkt\/edesk-elektrisch-hoehenverstellbarer-eckschreibtisch-gestell-eckig-7ede90ealbh16080806\" rel=\"noopener noreferrer\" target=\"_blank\"><span class=\"fusion-column-inner-bg-image\"><\/span><\/a><\/span><div class=\"fusion-column-wrapper fusion-flex-justify-content-flex-start fusion-content-layout-column\"><div class=\"fusion-image-element \" style=\"text-align:center;--awb-aspect-ratio:1 \/ 1;--awb-object-position:26% 47%;--awb-caption-title-font-family:var(--h2_typography-font-family);--awb-caption-title-font-weight:var(--h2_typography-font-weight);--awb-caption-title-font-style:var(--h2_typography-font-style);--awb-caption-title-size:var(--h2_typography-font-size);--awb-caption-title-transform:var(--h2_typography-text-transform);--awb-caption-title-line-height:var(--h2_typography-line-height);--awb-caption-title-letter-spacing:var(--h2_typography-letter-spacing);\"><span class=\" fusion-imageframe imageframe-none imageframe-6 hover-type-zoomin has-aspect-ratio\"><img decoding=\"async\" width=\"1000\" height=\"1000\" alt=\"eDesk h\u00f6henverstellbarer Eckschreibtisch Gestell der Marke Schultz f\u00fcr abwechselndes Arbeiten im Stehen und Sitzen\" title=\"schultz-7ede90e-edesk-hoehenverstellbarer-eckschreibtisch-gestell-eckig-30deg_transparent\" src=\"https:\/\/schultz.de\/ratgeber\/wp-content\/uploads\/2023\/09\/schultz-7ede90e-edesk-hoehenverstellbarer-eckschreibtisch-gestell-eckig-30deg_transparent.webp\" class=\"img-responsive wp-image-5631 img-with-aspect-ratio\" data-parent-fit=\"cover\" data-parent-container=\".fusion-image-element\" srcset=\"https:\/\/schultz.de\/ratgeber\/wp-content\/uploads\/2023\/09\/schultz-7ede90e-edesk-hoehenverstellbarer-eckschreibtisch-gestell-eckig-30deg_transparent-200x200.webp 200w, https:\/\/schultz.de\/ratgeber\/wp-content\/uploads\/2023\/09\/schultz-7ede90e-edesk-hoehenverstellbarer-eckschreibtisch-gestell-eckig-30deg_transparent-400x400.webp 400w, https:\/\/schultz.de\/ratgeber\/wp-content\/uploads\/2023\/09\/schultz-7ede90e-edesk-hoehenverstellbarer-eckschreibtisch-gestell-eckig-30deg_transparent-600x600.webp 600w, https:\/\/schultz.de\/ratgeber\/wp-content\/uploads\/2023\/09\/schultz-7ede90e-edesk-hoehenverstellbarer-eckschreibtisch-gestell-eckig-30deg_transparent-800x800.webp 800w, https:\/\/schultz.de\/ratgeber\/wp-content\/uploads\/2023\/09\/schultz-7ede90e-edesk-hoehenverstellbarer-eckschreibtisch-gestell-eckig-30deg_transparent.webp 1000w\" sizes=\"(max-width: 1024px) 100vw, (max-width: 667px) 100vw, 400px\" \/><\/span><\/div><div class=\"fusion-title title fusion-title-10 fusion-sep-none fusion-title-center fusion-title-text fusion-title-size-div\" style=\"--awb-margin-top:5px;--awb-margin-bottom:5px;\"><div class=\"fusion-title-heading title-heading-center title-heading-tag fusion-responsive-typography-calculated\" style=\"margin:0;--fontSize:16;--minFontSize:16;line-height:var(--awb-typography4-line-height);\"><b>eDesk elektrisch h\u00f6henverstellbarer Eckschreibtisch Gestell eckig<\/b><\/div><\/div><div class=\"fusion-text fusion-text-32\" style=\"--awb-content-alignment:center;--awb-text-color:var(--awb-color5);\"><p>ab 933,00 \u20ac<\/p>\n<\/div><\/div><\/div><div class=\"fusion-layout-column fusion_builder_column fusion-builder-column-24 fusion_builder_column_1_6 1_6 fusion-flex-column\" style=\"--awb-bg-size:cover;--awb-width-large:16.666666666667%;--awb-margin-top-large:0px;--awb-spacing-right-large:11.52%;--awb-margin-bottom-large:20px;--awb-spacing-left-large:11.52%;--awb-width-medium:100%;--awb-order-medium:0;--awb-spacing-right-medium:1.92%;--awb-spacing-left-medium:1.92%;--awb-width-small:100%;--awb-order-small:0;--awb-spacing-right-small:1.92%;--awb-spacing-left-small:1.92%;\"><div class=\"fusion-column-wrapper fusion-column-has-shadow fusion-flex-justify-content-flex-start fusion-content-layout-column\"><\/div><\/div><div class=\"fusion-layout-column fusion_builder_column fusion-builder-column-25 fusion_builder_column_2_3 2_3 fusion-flex-column\" style=\"--awb-bg-blend:overlay;--awb-bg-size:cover;--awb-width-large:66.666666666667%;--awb-margin-top-large:30px;--awb-spacing-right-large:2.88%;--awb-margin-bottom-large:20px;--awb-spacing-left-large:2.88%;--awb-width-medium:100%;--awb-spacing-right-medium:1.92%;--awb-spacing-left-medium:1.92%;--awb-width-small:100%;--awb-spacing-right-small:1.92%;--awb-spacing-left-small:1.92%;\"><div class=\"fusion-column-wrapper fusion-column-has-shadow fusion-flex-justify-content-flex-start fusion-content-layout-column\"><div class=\"fusion-text fusion-text-33\"><h4><strong>Ergonomisches Zubeh\u00f6r f\u00fcr eine optimierte Arbeitsplatzgestaltung<\/strong><\/h4>\n<p>Neben St\u00fchlen und Tischen gibt es eine Vielzahl von ergonomischem Zubeh\u00f6r f\u00fcr die Arbeitsplatzgestaltung. Handballenauflagen sind ideal, um die Belastung der Handgelenke beim Tippen zu verringern, w\u00e4hrend Monitorst\u00e4nder sicherstellen, dass Ihr Bildschirm auf Augenh\u00f6he ist. Denken Sie auch an Fu\u00dfst\u00fctzen, die Ihre Beine entlasten, und <a href=\"https:\/\/schultz.de\/schreibtischzubehoer\" target=\"_blank\" rel=\"noopener\">Kabelmanagement-L\u00f6sungen<\/a>, die dazu beitragen, Ihren <a href=\"https:\/\/schultz.de\/ratgeber\/schreibtisch-organisieren\/\">Schreibtisch besser zu organisieren<\/a>.<\/p>\n<h3><strong>Ergonomische Beleuchtung und Augenbelastung<\/strong><\/h3>\n<p>Schlechte Lichtverh\u00e4ltnisse sind nicht nur unangenehm, sie k\u00f6nnen auch zu einer hohen Augenbelastung, Kopfschmerzen und Konzentrationsschwierigkeiten f\u00fchren. Eine gute Beleuchtung sorgt daf\u00fcr, dass Sie sich wohlf\u00fchlen. Hier sind einige Tipps, wie Sie die Beleuchtung in Ihrem B\u00fcro verbessern k\u00f6nnen:<\/p>\n<ul>\n<li><strong>Nat\u00fcrliche Lichtquellen nutzen<\/strong>: Wo immer m\u00f6glich, sollten Sie Tageslicht in Ihre Arbeitsumgebung lassen. Stellen Sie Ihren Schreibtisch am besten in die N\u00e4he eines Fensters.<\/li>\n<li><strong>Helligkeit anpassen<\/strong>: Verwenden Sie dimmbare Lichtquellen, um die Helligkeit je nach Tageszeit und Aktivit\u00e4t anzupassen. So vermeiden Sie Blendung und schaffen eine angenehme Atmosph\u00e4re.<\/li>\n<li><strong>Indirektes Licht bevorzugen<\/strong>: Setzen Sie auf indirekte Beleuchtung, die sanft im Raum verteilt wird. Deckenleuchten oder Stehlampen mit einem breiten Lichtstrahl sind ideal, um Schatten und harte Kontraste zu vermeiden.<\/li>\n<li><strong>Schreibtischlampen verwenden<\/strong>: Eine gute Schreibtischlampe kann den Unterschied machen, wenn Sie an detailreichen Aufgaben arbeiten. Achten Sie darauf, dass die Lampe eine einstellbare Armatur hat, sodass Sie das Licht gezielt auf Ihre Arbeitsfl\u00e4che richten k\u00f6nnen.<\/li>\n<\/ul>\n<p>Denken Sie daran: Eine gut durchdachte Beleuchtung ist nicht nur ein Komfortfaktor, sondern auch ein wichtiger Bestandteil der Ergonomie, der Ihre Gesundheit und Ihre Leistung unterst\u00fctzt.<\/p>\n<p>Mehr \u00fcber <a href=\"https:\/\/schultz.de\/ratgeber\/ergonomische-beleuchtung\/\">ergonomische Beleuchtung lesen Sie ausf\u00fchrlich in unserem Ratgeber<\/a>.<\/p>\n<h3>Akustik: Reduzierung von L\u00e4rmquellen<\/h3>\n<p>Haben Sie schon einmal versucht, sich in einem Gro\u00dfraumb\u00fcro zu konzentrieren, w\u00e4hrend um Sie herum das Telefon klingelt und Gespr\u00e4che gef\u00fchrt werden? Eine angenehme Akustik ist entscheidend f\u00fcr die Produktivit\u00e4t und das Wohlbefinden am Arbeitsplatz. Ein zu hoher Ger\u00e4uschpegel verursacht zudem Stress und Konzentrationsschwierigkeiten. Hier sind einige Tipps, um akustisch angenehme Arbeitsr\u00e4ume zu gestalten:<\/p>\n<ul>\n<li><strong>Akustische Trennw\u00e4nde<\/strong>: Nutzen Sie flexible <a href=\"https:\/\/schultz.de\/stellwaende\" target=\"_blank\" rel=\"noopener\">Trennw\u00e4nde oder Raumteiler<\/a>, um Bereiche zu schaffen, die den Ger\u00e4uschpegel reduzieren. Diese k\u00f6nnen helfen, die Schall\u00fcbertragung zwischen verschiedenen Zonen im B\u00fcro zu reduzieren.<\/li>\n<li><strong>Schalld\u00e4mpfende Materialien<\/strong>: Integrieren Sie schalld\u00e4mpfende Elemente wie Teppiche, Vorh\u00e4nge und <a href=\"https:\/\/schultz.de\/wandabsorber\" target=\"_blank\" rel=\"noopener\">Wandabsorber<\/a>, die den Schall absorbieren. Diese Materialien tragen dazu bei, den Nachhall zu verringern und eine ruhigere Umgebung zu schaffen.<\/li>\n<li><strong>R\u00fcckzugsr\u00e4ume<\/strong>: Schaffen Sie z.B. durch <a href=\"https:\/\/schultz.de\/raum-in-raum-systeme\" target=\"_blank\" rel=\"noopener\">Raum-in-Raum Systeme<\/a> R\u00fcckzugsorte, die mit schalld\u00e4mmenden M\u00f6beln ausgestattet sind. Solche Bereiche bieten Mitarbeitenden die M\u00f6glichkeit, ungest\u00f6rt zu arbeiten oder Telefonate zu f\u00fchren.<\/li>\n<li><strong>Zonen f\u00fcr verschiedene Arbeitsstile<\/strong>: Planen Sie die B\u00fcror\u00e4ume so, dass laute Aktivit\u00e4ten von ruhigen Zonen getrennt sind. Bereiche f\u00fcr Teamarbeit und Besprechungen sollten so gestaltet sein, dass sie weniger St\u00f6rungen in ruhigen Arbeitsbereichen verursachen.<\/li>\n<\/ul>\n<p>Wenn Sie mehr dar\u00fcber erfahren m\u00f6chten, wie Sie L\u00e4rmquellen im B\u00fcro effektiv reduzieren, lesen Sie unseren ausf\u00fchrlichen Beitrag \u00fcber<a href=\"https:\/\/schultz.de\/ratgeber\/laerm-im-buero\/\"> L\u00e4rm im B\u00fcro<\/a>.<\/p>\n<\/div><\/div><\/div><\/div><\/div><div class=\"fusion-fullwidth fullwidth-box fusion-builder-row-3 fusion-flex-container has-pattern-background has-mask-background fusion-parallax-none promotion-cta-section nonhundred-percent-fullwidth non-hundred-percent-height-scrolling\" style=\"--awb-background-position:left center;--awb-border-radius-top-left:0px;--awb-border-radius-top-right:0px;--awb-border-radius-bottom-right:0px;--awb-border-radius-bottom-left:0px;--awb-padding-top:70px;--awb-padding-bottom:70px;--awb-padding-top-small:40px;--awb-padding-bottom-small:40px;--awb-margin-top-small:-20px;--awb-background-image:linear-gradient(90deg, var(--awb-color1) 0%,rgba(255,255,255,0) 50%),url(https:\/\/schultz.de\/ratgeber\/wp-content\/uploads\/2023\/12\/CTA-Banner1b.jpg);;--awb-background-size:cover;--awb-flex-wrap:wrap;\" data-preload-img=\"https:\/\/schultz.de\/ratgeber\/wp-content\/uploads\/2023\/12\/CTA-Banner1b.jpg\" ><div class=\"fusion-builder-row fusion-row fusion-flex-align-items-flex-start fusion-flex-content-wrap\" style=\"max-width:1248px;margin-left: calc(-4% \/ 2 );margin-right: calc(-4% \/ 2 );\"><div class=\"fusion-layout-column fusion_builder_column fusion-builder-column-26 fusion_builder_column_1_2 1_2 fusion-flex-column fusion-flex-align-self-stretch fusion-no-small-visibility fusion-animated\" style=\"--awb-padding-left:35px;--awb-bg-size:cover;--awb-width-large:50%;--awb-margin-top-large:0px;--awb-spacing-right-large:3.84%;--awb-margin-bottom-large:20px;--awb-spacing-left-large:3.84%;--awb-width-medium:75%;--awb-order-medium:0;--awb-spacing-right-medium:2.56%;--awb-spacing-left-medium:2.56%;--awb-width-small:100%;--awb-order-small:0;--awb-spacing-right-small:1.92%;--awb-spacing-left-small:1.92%;\" data-animationType=\"fadeInLeft\" data-animationDuration=\"1.5\" data-animationOffset=\"top-into-view\"><div class=\"fusion-column-wrapper fusion-column-has-shadow fusion-flex-justify-content-center fusion-content-layout-column fusion-content-nowrap\"><div class=\"fusion-title title fusion-title-11 fusion-sep-none fusion-title-highlight fusion-animate-once fusion-highlight-underline fusion-title-size-div\" style=\"--awb-text-color:var(--awb-color7);--awb-highlight-top-margin:-5px;--awb-highlight-width:2;--awb-font-size:var(--awb-typography1-font-size);\" data-highlight=\"underline\"><div class=\"fusion-title-heading title-heading-left title-heading-tag fusion-responsive-typography-calculated\" style=\"font-family:var(--awb-typography1-font-family);font-weight:var(--awb-typography1-font-weight);font-style:var(--awb-typography1-font-style);margin:0;letter-spacing:var(--awb-typography1-letter-spacing);text-transform:var(--awb-typography1-text-transform);font-size:1em;--fontSize:53;line-height:1.1;\"><span class=\"fusion-highlighted-text-prefix\"><\/span> <span class=\"fusion-highlighted-text-wrapper\"><span class=\"fusion-highlighted-text\" style=\"color:var(--awb-color5);\">Nachhaltige<\/span><svg xmlns=\"http:\/\/www.w3.org\/2000\/svg\" viewBox=\"0 0 500 150\" preserveAspectRatio=\"none\"><path d=\"M8.1,146.2c0,0,240.6-55.6,479-13.8\"><\/path><\/svg><\/span> <span class=\"fusion-highlighted-text-postfix\">B\u00fcrom\u00f6bel von Schultz<\/span><\/div><\/div><div class=\"fusion-text fusion-text-34\"><p>Schultz: Hochwertige M\u00f6bel, Made in Germany, langlebig, zeitlos, CO2-kompensiert, 10 Jahre Garantie, 100 Jahre Erfahrung.<\/p>\n<\/div><div ><a class=\"fusion-button button-flat fusion-button-default-size button-default fusion-button-default button-1 fusion-button-default-span fusion-button-default-type\" target=\"_blank\" rel=\"noopener noreferrer\" href=\"https:\/\/schultz.de\/made-by-schultz\"><i class=\"fa-external-link-alt fas awb-button__icon awb-button__icon--default button-icon-left\" aria-hidden=\"true\"><\/i><span class=\"fusion-button-text awb-button__text awb-button__text--default\">Zu den Produkten<\/span><\/a><\/div><\/div><\/div><div class=\"fusion-layout-column fusion_builder_column fusion-builder-column-27 fusion_builder_column_1_2 1_2 fusion-flex-column fusion-flex-align-self-stretch fusion-no-medium-visibility fusion-no-large-visibility fusion-animated\" style=\"--awb-bg-size:cover;--awb-width-large:50%;--awb-margin-top-large:0px;--awb-spacing-right-large:3.84%;--awb-margin-bottom-large:20px;--awb-spacing-left-large:3.84%;--awb-width-medium:75%;--awb-order-medium:0;--awb-spacing-right-medium:2.56%;--awb-spacing-left-medium:2.56%;--awb-width-small:100%;--awb-order-small:0;--awb-spacing-right-small:1.92%;--awb-spacing-left-small:1.92%;\" data-animationType=\"fadeInLeft\" data-animationDuration=\"1.5\" data-animationOffset=\"top-into-view\"><div class=\"fusion-column-wrapper fusion-column-has-shadow fusion-flex-justify-content-center fusion-content-layout-column fusion-content-nowrap\"><div class=\"fusion-title title fusion-title-12 fusion-sep-none fusion-title-highlight fusion-animate-once fusion-highlight-underline fusion-title-size-div\" style=\"--awb-text-color:var(--awb-color7);--awb-highlight-top-margin:-5px;--awb-highlight-width:2;--awb-font-size:28px;\" data-highlight=\"underline\"><div class=\"fusion-title-heading title-heading-left title-heading-tag fusion-responsive-typography-calculated\" style=\"font-family:var(--awb-typography1-font-family);font-weight:var(--awb-typography1-font-weight);font-style:var(--awb-typography1-font-style);margin:0;letter-spacing:var(--awb-typography1-letter-spacing);text-transform:var(--awb-typography1-text-transform);font-size:1em;--fontSize:28;line-height:1.1;\"><span class=\"fusion-highlighted-text-prefix\"><\/span> <span class=\"fusion-highlighted-text-wrapper\"><span class=\"fusion-highlighted-text\" style=\"color:var(--awb-color5);\">Nachhaltige<\/span><svg xmlns=\"http:\/\/www.w3.org\/2000\/svg\" viewBox=\"0 0 500 150\" preserveAspectRatio=\"none\"><path d=\"M8.1,146.2c0,0,240.6-55.6,479-13.8\"><\/path><\/svg><\/span> <span class=\"fusion-highlighted-text-postfix\">B\u00fcrom\u00f6bel von Schultz<\/span><\/div><\/div><div class=\"fusion-text fusion-text-35\"><p>Schultz: Hochwertige M\u00f6bel, Made in Germany, langlebig, zeitlos, CO2-kompensiert, 10 Jahre Garantie, 100 Jahre Erfahrung.<\/p>\n<\/div><div ><a class=\"fusion-button button-flat fusion-button-default-size button-default fusion-button-default button-2 fusion-button-default-span fusion-button-default-type\" target=\"_blank\" rel=\"noopener noreferrer\" href=\"https:\/\/schultz.de\/made-by-schultz\"><i class=\"fa-external-link-alt fas awb-button__icon awb-button__icon--default button-icon-left\" aria-hidden=\"true\"><\/i><span class=\"fusion-button-text awb-button__text awb-button__text--default\">Zu den Produkten<\/span><\/a><\/div><\/div><\/div><\/div><\/div>\n<div class=\"fusion-fullwidth fullwidth-box fusion-builder-row-4 fusion-flex-container has-pattern-background has-mask-background nonhundred-percent-fullwidth non-hundred-percent-height-scrolling\" style=\"--awb-border-radius-top-left:0px;--awb-border-radius-top-right:0px;--awb-border-radius-bottom-right:0px;--awb-border-radius-bottom-left:0px;--awb-padding-top:50px;--awb-background-color:var(--awb-color1);--awb-flex-wrap:wrap;\" ><div class=\"fusion-builder-row fusion-row fusion-flex-align-items-flex-start fusion-flex-justify-content-center fusion-flex-content-wrap\" style=\"max-width:1248px;margin-left: calc(-4% \/ 2 );margin-right: calc(-4% \/ 2 );\"><div class=\"fusion-layout-column fusion_builder_column fusion-builder-column-28 fusion_builder_column_2_3 2_3 fusion-flex-column\" style=\"--awb-bg-blend:overlay;--awb-bg-size:cover;--awb-width-large:66.666666666667%;--awb-margin-top-large:0px;--awb-spacing-right-large:2.88%;--awb-margin-bottom-large:20px;--awb-spacing-left-large:2.88%;--awb-width-medium:100%;--awb-spacing-right-medium:1.92%;--awb-spacing-left-medium:1.92%;--awb-width-small:100%;--awb-spacing-right-small:1.92%;--awb-spacing-left-small:1.92%;\"><div class=\"fusion-column-wrapper fusion-column-has-shadow fusion-flex-justify-content-flex-start fusion-content-layout-column\"><div class=\"fusion-title title fusion-title-13 fusion-sep-none fusion-title-text fusion-title-size-two\"><h2 class=\"fusion-title-heading title-heading-left fusion-responsive-typography-calculated\" style=\"margin:0;--fontSize:53;line-height:1.1;\">Farbgestaltung und Beleuchtung<\/h2><\/div><div class=\"fusion-text fusion-text-36\"><p>Mit der richtigen Kombination von Farben und Licht entsteht eine angenehme Arbeitsatmosph\u00e4re, in der sich Mitarbeitende wohlf\u00fchlen und gerne arbeiten. Die psychologischen Wirkungen der verschiedenen Farben sollten daher bei der Raum- und <a href=\"https:\/\/schultz.de\/ratgeber\/buero-wandgestaltung\/\">Wandgestaltung im B\u00fcro<\/a> ber\u00fccksichtigt werden.<\/p>\n<h3><strong>Farbpsychologie im B\u00fcro: Welche Farben f\u00f6rdern die Produktivit\u00e4t?<\/strong><\/h3>\n<p>Die Farbpsychologie zeigt, dass verschiedene Farben unterschiedliche Auswirkungen auf unser Wohlbefinden und unsere Leistungsf\u00e4higkeit haben.<\/p>\n<ul>\n<li><strong>Blau<\/strong>: Diese Farbe steht f\u00fcr Ruhe und Konzentration. Blaut\u00f6ne k\u00f6nnen helfen, den Stresspegel zu senken und die Kreativit\u00e4t zu f\u00f6rdern. Ideal f\u00fcr R\u00e4ume, in denen analytisches Arbeiten gefragt ist.<\/li>\n<li><strong>Gr\u00fcn<\/strong>: Gr\u00fcn symbolisiert Natur und Frische. Es hat eine beruhigende Wirkung und kann helfen, die Augen zu entspannen, besonders in B\u00fcros mit viel Bildschirmarbeit. Es f\u00f6rdert das Wohlbefinden und steigert die Produktivit\u00e4t.<\/li>\n<li><strong>Gelb<\/strong>: Diese Farbe strahlt Optimismus und Energie aus. Gelb kann die Kreativit\u00e4t anregen und die Stimmung heben, sollte jedoch sparsam eingesetzt werden, um nicht \u00fcberfordernd zu wirken.<\/li>\n<li><strong>Rot<\/strong>: Rot ist eine kraftvolle Farbe, die Aufmerksamkeit erregt. Sie kann helfen, die Energie und Leidenschaft zu steigern, sollte jedoch mit Bedacht eingesetzt werden, da sie auch Aggression und Stress hervorrufen kann.<\/li>\n<li><strong>Neutrale Farben<\/strong>: Graut\u00f6ne, Beige und Wei\u00df bieten eine ruhige Basis und helfen, andere Farben hervorzuheben. Sie schaffen eine professionelle Umgebung, die nicht ablenkt.<\/li>\n<\/ul>\n<\/div><div class=\"fusion-title title fusion-title-14 fusion-sep-none fusion-title-text fusion-title-size-two\"><h2 class=\"fusion-title-heading title-heading-left fusion-responsive-typography-calculated\" style=\"margin:0;--fontSize:53;line-height:1.1;\">Dekoration und pers\u00f6nliche Gestaltungselemente<\/h2><\/div><div class=\"fusion-text fusion-text-37\"><p>Die Dekoration ist ein wichtiges Detail in der modernen B\u00fcrogestaltung. Vor allem pers\u00f6nliche Gegenst\u00e4nde auf dem Schreibtisch oder Urlaubserinnerungen erzeugen ein Gef\u00fchl der Vertrautheit am Arbeitsplatz.<\/p>\n<h3>Pflanzen f\u00fcr eine bessere Luftqualit\u00e4t<\/h3>\n<p>Pflanzen sind ein hervorragendes Mittel, um die Luftqualit\u00e4t in Ihrem B\u00fcro zu verbessern. Sie sorgen nicht nur f\u00fcr eine angenehmere Atmosph\u00e4re, sondern filtern Schadstoffe aus der Luft und erh\u00f6hen die Luftfeuchtigkeit. Hier sind einige Tipps zur Auswahl geeigneter Pflanzen:<\/p>\n<ul>\n<li><strong>Sansevieria (Schwiegermutterzunge)<\/strong>: Diese pflegeleichte Pflanze ben\u00f6tigt wenig Licht und sorgt daf\u00fcr, dass die Luft nachts gereinigt wird.<\/li>\n<li><strong>Spathiphyllum (Einblatt)<\/strong>: Diese Pflanze ist nicht nur sch\u00f6n, sondern hilft auch, sch\u00e4dliche Stoffe wie Ammoniak und Benzol aus der Luft zu filtern.<\/li>\n<li><strong>Zamioculcas zamiifolia (Gl\u00fccksfeder)<\/strong>: Eine \u00e4u\u00dferst robuste Pflanze, die auch bei geringem Licht gedeiht und eine positive Ausstrahlung hat.<\/li>\n<li><strong>Ficus elastica (Gummibaum)<\/strong>: Diese Pflanze sorgt f\u00fcr ein gutes Raumklima und hat zudem eine dekorative Wirkung.<\/li>\n<\/ul>\n<h3>Minimalistische vs. kreative Dekoration<\/h3>\n<p>Bei der Dekoration Ihres B\u00fcros ist es wichtig, ein Gleichgewicht zwischen einer pers\u00f6nlichen Note und einer professionellen Umgebung zu finden. Besonders wenn Sie Kunden empfangen, sollten die dekorativen Elemente nicht zu pers\u00f6nlich sein. W\u00e4hrend saisonale <a href=\"https:\/\/schultz.de\/ratgeber\/weihnachtsdeko-buero\/\">Dekorationen wie zu Weihnachten<\/a> den Arbeitsplatz festlich gestalten k\u00f6nnen, sollten Sie auf eine ausgewogene Gestaltung achten.<\/p>\n<ul>\n<li><strong>Weniger ist mehr<\/strong>: Setzen Sie auf einige ausgew\u00e4hlte Deko-Elemente, die Ihre Pers\u00f6nlichkeit widerspiegeln, ohne den Raum zu \u00fcberladen. Ein sch\u00f6nes Bild oder eine inspirierende Grafik kann bereits einen gro\u00dfen Unterschied machen.<\/li>\n<li><strong>Farben gezielt einsetzen<\/strong>: Nutzen Sie beruhigende Farben f\u00fcr W\u00e4nde und gr\u00f6\u00dfere M\u00f6belst\u00fccke. Bringen Sie dann mit bunten Akzenten, wie Kissen oder kleinen Deko-Objekten, frischen Schwung in den Raum, ohne ihn zu \u00fcberfrachten.<\/li>\n<li><strong>Pers\u00f6nliche Gegenst\u00e4nde<\/strong>: Ein paar pers\u00f6nliche Fotos oder Erinnerungsst\u00fccke k\u00f6nnen dazu beitragen, dass Sie sich im B\u00fcro wohlf\u00fchlen. Halten Sie diese jedoch in Ma\u00dfen.<\/li>\n<li><strong>Kunstwerke<\/strong>: W\u00e4hlen Sie Kunstwerke, die inspirieren und Ihre Kreativit\u00e4t anregen, aber passen Sie sie zur Gesamt\u00e4sthetik des B\u00fcros an.<\/li>\n<\/ul>\n<\/div><div class=\"fusion-title title fusion-title-15 fusion-sep-none fusion-title-text fusion-title-size-two\"><h2 class=\"fusion-title-heading title-heading-left fusion-responsive-typography-calculated\" style=\"margin:0;--fontSize:53;line-height:1.1;\">Technologie und Smart Office<\/h2><\/div><div class=\"fusion-text fusion-text-38\"><p>Smarte L\u00f6sungen sind auf dem Vormarsch und spielen eine entscheidende Rolle in der modernen B\u00fcrogestaltung. Durch den Einsatz intelligenter Technologien k\u00f6nnen B\u00fcrofl\u00e4chen optimal genutzt und angepasst werden. Smarte Systeme erm\u00f6glichen eine automatisierte Steuerung von Beleuchtung und Klima, unterst\u00fctzen die Zusammenarbeit in virtuellen Teams und gew\u00e4hrleisten die Sicherheit sensibler Daten.<\/p>\n<h3>Smarte Beleuchtung und Klimasteuerung<\/h3>\n<p>Mit automatisierten Systemen k\u00f6nnen Sie die Helligkeit und Farbtemperatur der Beleuchtung je nach Tageszeit und Aktivit\u00e4t anpassen. Diese Systeme lernen von Ihren Gewohnheiten und justieren sich dann automatisch. Angenehme Lichtverh\u00e4ltnisse f\u00f6rdern ein optimales Raumklima und damit das Wohlbefinden und die Konzentration aller Mitarbeitenden.<\/p>\n<h3>Digitale Whiteboards und Kollaborationstools<\/h3>\n<p>Digitale Whiteboards und moderne Kollaborationstools revolutionieren die Art und Weise, wie Teams zusammenarbeiten. Mit interaktiven Whiteboards k\u00f6nnen Sie Ideen in Echtzeit festhalten und pr\u00e4sentieren, w\u00e4hrend verschiedene Kollaborationstools den Austausch und die Zusammenarbeit, egal ob im B\u00fcro oder im Home-Office, erleichtern. Funktionen wie Videokonferenzen, Bildschirmfreigaben und Dokumentenbearbeitung erm\u00f6glichen es den Mitarbeitenden, effektiver zu kommunizieren und gemeinsame Projekte schneller voranzutreiben.<\/p>\n<h3>Datenschutz und Sicherheit in vernetzten B\u00fcros<\/h3>\n<p>In einem vernetzten B\u00fcro ist der Datenschutz von entscheidender Bedeutung. Wenn zahlreiche intelligente Systeme in Ihren Arbeitsablauf integriert sind, sollten Sie sensible Daten zuverl\u00e4ssig sch\u00fctzen.<\/p>\n<ul>\n<li><strong>Sichere Netzwerke aufbauen<\/strong>: Implementieren Sie sichere, verschl\u00fcsselte Netzwerke, um den unbefugten Zugriff auf Ihre Daten zu verhindern. Nutzen Sie VPNs, um eine sichere Verbindung f\u00fcr remote arbeitende Mitarbeitende zu gew\u00e4hrleisten.<\/li>\n<li><strong>Regelm\u00e4\u00dfige Software-Updates durchf\u00fchren<\/strong>: Halten Sie alle Systeme und Software stets auf dem neuesten Stand. Updates schlie\u00dfen Sicherheitsl\u00fccken und sch\u00fctzen vor potenziellen Cyberangriffen.<\/li>\n<li><strong>Schulungen f\u00fcr Mitarbeitende anbieten<\/strong>: Stellen Sie sicher, dass alle Mitarbeitenden \u00fcber die besten Praktiken zur Datensicherheit informiert sind. Regelm\u00e4\u00dfige Schulungen helfen, das Bewusstsein f\u00fcr m\u00f6gliche Bedrohungen zu sch\u00e4rfen und f\u00f6rdern ein sicherheitsbewusstes Verhalten im Umgang mit Unternehmensdaten.<\/li>\n<\/ul>\n<p>Ein durchdachtes Sicherheitskonzept ist nicht nur entscheidend f\u00fcr den Schutz Ihrer Unternehmensdaten, sondern tr\u00e4gt auch dazu bei, das Vertrauen der Mitarbeitenden und Kunden zu st\u00e4rken. Wenn Ihre Mitarbeitenden sich sicher f\u00fchlen, steigert das nicht nur die Produktivit\u00e4t, sondern auch die allgemeine Zufriedenheit im Arbeitsumfeld. Denken Sie daran: Ein proaktiver Ansatz f\u00fcr Datenschutz und Sicherheit ist unerl\u00e4sslich, um Ihr Unternehmen zukunftssicher zu machen.<\/p>\n<\/div><div class=\"fusion-title title fusion-title-16 fusion-sep-none fusion-title-text fusion-title-size-two\"><h2 class=\"fusion-title-heading title-heading-left fusion-responsive-typography-calculated\" style=\"margin:0;--fontSize:53;line-height:1.1;\">Sicherheits- und Brandschutzaspekte in der B\u00fcrogestaltung<\/h2><\/div><div class=\"fusion-text fusion-text-39\"><p>Bei der Gestaltung moderner B\u00fcros sind Sicherheits- und Brandschutzaspekte von h\u00f6chster Bedeutung. Mit einem sicheren Arbeitsumfeld sch\u00fctzen Sie im Zweifel nicht nur das Leben der Mitarbeitenden, sondern halten sich auch an verbindliche Gesetze.<\/p>\n<h3>Brandschutz und Notausg\u00e4nge<\/h3>\n<p>Ein wesentlicher Bestandteil jeder B\u00fcrogestaltung ist die Einhaltung der Brandschutzvorschriften. In Deutschland sind die Brandschutzgesetze klar definiert und m\u00fcssen in jedem B\u00fcro beachtet werden. Dazu geh\u00f6rt die Installation von Rauchmeldern, Feuerl\u00f6schern und die Sicherstellung von ausreichend gekennzeichneten Notausg\u00e4ngen. Notausg\u00e4nge sollten immer frei zug\u00e4nglich und gut sichtbar sein, um im Ernstfall eine schnelle Evakuierung zu erm\u00f6glichen.<\/p>\n<p>Informieren Sie sich \u00fcber die Anforderungen in Ihrem Bundesland, die unter anderem im<a href=\"https:\/\/www.bauordnungen.de\/\" target=\"_blank\" rel=\"noopener\"> Bauordnungsrecht<\/a> und den<a href=\"http:\/\/www.feuerwehr.de\/\" target=\"_blank\" rel=\"noopener\"> Brandschutzvorschriften<\/a> festgelegt sind.<\/p>\n<h3>Sicherheitskonzepte in offenen B\u00fcror\u00e4umen<\/h3>\n<p>Offene B\u00fcror\u00e4ume bieten viele Vorteile, bringen aber auch besondere Sicherheitsherausforderungen mit sich. In solchen Umgebungen ist es wichtig, ein durchdachtes Sicherheitskonzept zu entwickeln, das die Mitarbeitenden sch\u00fctzt. Hier sind einige Tipps:<\/p>\n<ul>\n<li><strong>Zugangskontrollen<\/strong>: Implementieren Sie Zugangskontrollen, um sicherzustellen, dass nur autorisierte Personen Zugang zu sensiblen Bereichen haben.<\/li>\n<li><strong>Sichtbarkeit und Transparenz<\/strong>: Gestalten Sie die B\u00fcrofl\u00e4chen so, dass Sichtlinien nicht blockiert werden. Offene Sichtverh\u00e4ltnisse helfen, potenzielle Sicherheitsrisiken fr\u00fchzeitig zu erkennen.<\/li>\n<li><strong>Notfallpl\u00e4ne<\/strong>: Stellen Sie sicher, dass alle Mitarbeitenden \u00fcber die Notfallpl\u00e4ne informiert sind und regelm\u00e4\u00dfige \u00dcbungen zur Evakuierung durchgef\u00fchrt werden.<\/li>\n<\/ul>\n<\/div><div class=\"fusion-title title fusion-title-17 fusion-sep-none fusion-title-text fusion-title-size-two\"><h2 class=\"fusion-title-heading title-heading-left fusion-responsive-typography-calculated\" style=\"margin:0;--fontSize:53;line-height:1.1;\">Nachhaltige B\u00fcrogestaltung: Eine strategische Notwendigkeit f\u00fcr Unternehmen<\/h2><\/div><div class=\"fusion-text fusion-text-40\"><p>Nachhaltige B\u00fcrogestaltung ist eine zukunftsweisende Strategie f\u00fcr Unternehmen. Durch eine ganzheitlich-nachhaltige Orientierung in allen Bereichen st\u00e4rken Sie Ihr Image als umweltbewusstes Unternehmen &#8211; sowohl bei Kunden als auch bei Mitarbeitern. Zudem f\u00fchrt die effiziente Nutzung von Ressourcen zu Kostensenkungen, w\u00e4hrend Sie gleichzeitig aktiv zur Schonung der Umwelt beitragen.<\/p>\n<h3>Umweltfreundliche Materialien und M\u00f6bel<\/h3>\n<p>Bei der Auswahl von Materialien f\u00fcr Ihre B\u00fcrogestaltung sowie die <a href=\"https:\/\/schultz.de\/ratgeber\/empfangsbereich-gestalten\/\">Gestaltung Ihres Empfangsbereichs<\/a> k\u00f6nnen Sie nachhaltig handeln und gleichzeitig die Umwelt sch\u00fctzen.<\/p>\n<ul>\n<li><strong>Biologisch abbaubare Materialien<\/strong>: Dazu geh\u00f6ren Produkte aus Bambus, Kork oder Hanf, die sich umweltfreundlich zersetzen.<\/li>\n<li><strong>FSC-zertifiziertes Holz<\/strong>: Garantiert, dass das Holz aus nachhaltig bewirtschafteten W\u00e4ldern stammt.<\/li>\n<li><strong>Wasserbasierte Farben und Lacke<\/strong>: Schadstoffarm und weniger sch\u00e4dlich f\u00fcr die Luftqualit\u00e4t.<\/li>\n<li><strong>Recycelte Kunststoffe<\/strong>: Verwendung von Materialien, die aus alten Kunststoffen gewonnen werden, um neue Produkte herzustellen.<\/li>\n<\/ul>\n<h3>Energieeffizienz durch smarte Technologie und Beleuchtung<\/h3>\n<p>Energieeffizienz ist ein wesentlicher Aspekt nachhaltiger B\u00fcrogestaltung. Durch den Einsatz smarter Technologien und innovativer Beleuchtungsl\u00f6sungen k\u00f6nnen Unternehmen den Energieverbrauch erheblich reduzieren. Hier sind einige Ma\u00dfnahmen, die Sie ergreifen k\u00f6nnen:<\/p>\n<ul>\n<li><strong>Energiesparende Ger\u00e4te<\/strong>: Investieren Sie in Ger\u00e4te mit hoher Energieeffizienzklasse, die weniger Strom verbrauchen und gleichzeitig leistungsstark sind.<\/li>\n<li><strong>Automatisierte Beleuchtung<\/strong>: Nutzen Sie Bewegungsmelder und Timer, um die Beleuchtung automatisch zu steuern. So wird das Licht nur dann eingeschaltet, wenn es wirklich ben\u00f6tigt wird.<\/li>\n<li><strong>Smart Home-Technologien<\/strong>: Integrieren Sie Systeme zur Steuerung von Licht und Klima \u00fcber Apps oder Sprachsteuerung, um den Energieverbrauch weiter zu optimieren.<\/li>\n<\/ul>\n<h3>Recycling und Abfallmanagement im B\u00fcro<\/h3>\n<p>Ein effektives Recycling- und Abfallmanagement ist ein wichtiger Beitrag f\u00fcr mehr Nachhaltigkeit im B\u00fcro. Um Abfall zu reduzieren, sollten Sie klare Richtlinien f\u00fcr die Abfalltrennung einf\u00fchren. Stellen Sie deutlich gekennzeichnete Beh\u00e4lter f\u00fcr Papier, Plastik und organische Abf\u00e4lle bereit. Das Vorantreiben der Digitalisierung ist ein weiterer Beitrag zur Reduktion von Papier-Abf\u00e4llen. Auch die Entsorgung Ihrer B\u00fcrom\u00f6bel sollte unter dem Aspekt der Nachhaltigkeit erfolgen. Wenn Sie beispielsweise einen <a href=\"https:\/\/schultz.de\/ratgeber\/buerostuhl-entsorgen\/\">B\u00fcrostuhl richtig entsorgen<\/a>, dann k\u00f6nnen Materialien wie Metalle recycelt und wiederverwendet werden.<\/p>\n<\/div><div class=\"fusion-title title fusion-title-18 fusion-sep-none fusion-title-text fusion-title-size-two\"><h2 class=\"fusion-title-heading title-heading-left fusion-responsive-typography-calculated\" style=\"margin:0;--fontSize:53;line-height:1.1;\">Die Zukunft der B\u00fcrogestaltung: Trends und Perspektiven<\/h2><\/div><div class=\"fusion-text fusion-text-41\"><p>Die Zukunft der B\u00fcrogestaltung wird von zahlreichen spannenden Entwicklungen gepr\u00e4gt, die das Arbeitsumfeld revolutionieren. Ein herausragender Trend ist der Einsatz von K\u00fcnstlicher Intelligenz (KI), die nicht nur administrative Aufgaben automatisiert, sondern auch die Raumgestaltung und die Interaktion zwischen Mitarbeitenden optimiert.<\/p>\n<p><strong>Ein Beispiel<\/strong><\/p>\n<p><em>Stellen Sie sich vor, Sie kommen in ein B\u00fcro, das mit einem KI-gesteuerten System ausgestattet ist. Sobald Sie den Raum betreten, erkennt die Technologie Ihre Anwesenheit und passt automatisch die Beleuchtung und Temperatur an Ihre pers\u00f6nlichen Vorlieben an. Wenn Sie zum Beispiel helles, k\u00fchles Licht bevorzugen, wird der Raum so eingestellt, w\u00e4hrend eine Kollegin, die etwas ged\u00e4mpfteres Licht mag, ihre Einstellungen ebenfalls speichern kann. Dar\u00fcber hinaus analysiert das System die Nutzung des Raums und passt die Einstellungen in Echtzeit an. Wenn zum Beispiel ein Meeting angesetzt ist, dimmt die KI die Lichter und optimiert die Akustik f\u00fcr eine bessere Verst\u00e4ndigung.<\/em><\/p>\n<h3>Virtuelle Assistenten zur Unterst\u00fctzung der Mitarbeitenden<\/h3>\n<p>Ein weiteres Beispiel f\u00fcr die Nutzung von KI in der B\u00fcrogestaltung ist der Einsatz von virtuellen Assistenten. Diese k\u00f6nnen den Mitarbeitenden helfen, Besprechungen zu planen, Ressourcen zu buchen und sogar den besten Platz im B\u00fcro auszuw\u00e4hlen, je nach der Art der Arbeit, die sie gerade erledigen m\u00f6chten. Mit einem virtuellen Assistenten k\u00f6nnen Mitarbeitende ihre Zeit effizienter nutzen und sich auf die wichtigen Aufgaben konzentrieren, w\u00e4hrend administrative Abl\u00e4ufe automatisiert werden.<\/p>\n<h3>Raumgestaltung f\u00fcr Wohlbefinden und Produktivit\u00e4t<\/h3>\n<p>Die B\u00fcrogestaltung wird zunehmend von der Idee des &#8222;Wellbeing&#8220; beeinflusst. B\u00fcros werden nicht nur als Arbeitspl\u00e4tze, sondern als Lebensr\u00e4ume betrachtet, die das k\u00f6rperliche und geistige Wohlbefinden f\u00f6rdern. Ein konkretes Beispiel f\u00fcr diese Entwicklung ist die Schaffung von multifunktionalen R\u00fcckzugsbereichen, in denen Mitarbeitende nicht nur ungest\u00f6rt arbeiten, sondern auch entspannen oder kreativ denken k\u00f6nnen.<\/p>\n<p>Stellen Sie sich einen Raum vor, der mit bequemen Sofas, Pflanzen und sanften Farben gestaltet ist \u2013 ein Ort, an dem Mitarbeitende sich zur\u00fcckziehen k\u00f6nnen, um eine kurze Pause einzulegen oder in ruhiger Atmosph\u00e4re zu arbeiten. Dieser Bereich k\u00f6nnte auch mit ergonomischen Sitzgelegenheiten und flexiblen M\u00f6beln ausgestattet sein, die eine gem\u00fctliche Atmosph\u00e4re schaffen.<\/p>\n<p>Dar\u00fcber hinaus k\u00f6nnten spezielle Zonen f\u00fcr k\u00f6rperliche Aktivit\u00e4ten integriert werden, wie ein kleiner Fitnessbereich oder Bereiche mit Stehpulten und Yogamatten, die es Mitarbeitenden erm\u00f6glichen, sich w\u00e4hrend des Arbeitstags zu bewegen und Stress abzubauen.<\/p>\n<\/div><div class=\"fusion-text fusion-text-42\"><h2 id=\"toc_Schultz_Buromobel_unterstutzt_Sie_bei_der_Buroeinrichtung\">Schultz B\u00fcrom\u00f6bel unterst\u00fctzt Sie bei der B\u00fcroeinrichtung<\/h2>\n<p>Schutz B\u00fcrom\u00f6bel unterst\u00fctzt Ihre B\u00fcrogestaltung durch ein flexibles Sortiment, das hochwertig und langlebig ist. Mit einem besonderen Fokus auf Ergonomie sorgen die M\u00f6bel f\u00fcr eine gesunde und komfortable Arbeitsumgebung. Dank individueller Konfigurationsm\u00f6glichkeiten k\u00f6nnen B\u00fcrotische und St\u00fchle perfekt auf die Bed\u00fcrfnisse der Mitarbeitenden abgestimmt werden. Dar\u00fcber hinaus bietet Schutz einen gro\u00dfartigen Service &#8211; dazu geh\u00f6rt zum Beispiel die Ergonomieberatung. Experten unterst\u00fctzen Sie dabei, eine fundierte Entscheidung zu treffen.<\/p>\n<h2 id=\"toc_Fazit_Das_macht_moderne_Burogestaltung_aus\">Fazit: Das macht moderne B\u00fcrogestaltung aus<\/h2>\n<p>Moderne B\u00fcrogestaltung verwandelt den Arbeitsplatz von einem rein funktionalen Arbeitsbereich in eine inspirierende Umgebung, welche die besten Voraussetzungen f\u00fcr Kreativit\u00e4t und Produktivit\u00e4t schafft. Mit dem Einsatz von K\u00fcnstlicher Intelligenz und smarten Technologien wird jedes Detail optimiert &#8211; von der Beleuchtung bis zur Raumgestaltung. Mit umweltfreundlichen Materialien und energieeffizienten L\u00f6sungen zeigen Sie Verantwortung gegen\u00fcber der Umwelt und st\u00e4rken Ihr bewusstes Unternehmensimage. Zudem sorgen ergonomische M\u00f6bel und eine durchdachte Akustik f\u00fcr das k\u00f6rperliche Wohlbefinden der Mitarbeitenden. Die moderne B\u00fcrogestaltung ist damit ein Ausdruck von Innovation und Lebensqualit\u00e4t, der die Arbeitswelt nachhaltig ver\u00e4ndert.<\/p>\n<\/div><div class=\"fusion-title title fusion-title-19 fusion-sep-none fusion-title-text fusion-title-size-two\"><h2 class=\"fusion-title-heading title-heading-left fusion-responsive-typography-calculated\" style=\"margin:0;--fontSize:53;line-height:1.1;\">FAQ: Ihre Fragen zur optimalen B\u00fcrogestaltung<\/h2><\/div><style type=\"text\/css\">#accordian-1 .fusion-panel:hover,#accordian-1 .fusion-panel.hover{ background-color: var(--awb-color2) } #accordian-1 .fusion-panel { border-color:var(--awb-color2); border-width:0px; background-color:var(--awb-color2); }.fusion-accordian #accordian-1 .panel-title a .fa-fusion-box:before{ font-size: 16px;width: 16px;}.fusion-accordian #accordian-1 .panel-title a .fa-fusion-box{ color: var(--awb-color1);}.fusion-accordian  #accordian-1 .panel-title a{font-family:var(--awb-typography1-font-family);font-weight:var(--awb-typography1-font-weight);font-style:var(--awb-typography1-font-style);}.fusion-accordian  #accordian-1 .panel-title a:not(:hover){color:var(--awb-color7);}.fusion-accordian  #accordian-1 .toggle-content{font-family:var(--awb-typography4-font-family);font-weight:var(--awb-typography4-font-weight);font-style:var(--awb-typography4-font-style);}.fusion-accordian #accordian-1 .fa-fusion-box { background-color: var(--awb-color4) !important;border-color: var(--awb-color4) !important;}.fusion-accordian #accordian-1 .panel-title a:hover,.fusion-accordian #accordian-1 .panel-title a.hover { color: var(--awb-color4);}.fusion-faq-shortcode .fusion-accordian #accordian-1 .fusion-toggle-boxed-mode:hover .panel-title a { color: var(--awb-color4);}.fusion-accordian #accordian-1 .panel-title .active .fa-fusion-box,.fusion-accordian #accordian-1 .panel-title a:hover .fa-fusion-box,.fusion-accordian #accordian-1 .panel-title a.hover .fa-fusion-box { background-color: var(--awb-color4)!important;border-color: var(--awb-color4)!important;}<\/style><div class=\"fusion-faq-shortcode\" style=\"margin-bottom:60px;\"><div class=\"fusion-faqs-wrapper\"><div class=\"accordian fusion-accordian\"><div class=\"panel-group \" id=\"accordian-1\"><div class=\"fusion-panel fusion-toggle-no-divider fusion-toggle-boxed-mode panel-default fusion-faq-post fusion-faq-post-8864 moderne-buerogestaltung \"><span class=\"entry-title rich-snippet-hidden\">Wie kann ich den verf\u00fcgbaren Raum in meinem B\u00fcro optimal nutzen?<\/span><span class=\"vcard rich-snippet-hidden\"><span class=\"fn\"><a href=\"https:\/\/schultz.de\/ratgeber\/author\/schultz-blog_admin\/\" title=\"Beitr\u00e4ge von Nicolas Schultz\" rel=\"author\">Nicolas Schultz<\/a><\/span><\/span><span class=\"updated rich-snippet-hidden\">2024-11-18T11:26:40+01:00<\/span><div class=\"panel-heading\"><h3 id=\"faq_1-8864\" class=\"panel-title toggle\"><a data-toggle=\"collapse\" class=\"collapsed\" data-parent=\"#accordian-1\" data-target=\"#collapse-1-8864\" href=\"#collapse-1-8864\" aria-expanded=\"false\"><div class=\"fusion-toggle-icon-wrapper\"><div class=\"fusion-toggle-icon-wrapper-main\"><div class=\"fusion-toggle-icon-wrapper-sub\"><i class=\"fa-fusion-box active-icon awb-icon-minus\" aria-hidden=\"true\"><\/i><i class=\"fa-fusion-box inactive-icon awb-icon-plus\" aria-hidden=\"true\"><\/i><\/div><\/div><\/div><div class=\"fusion-toggle-heading\">Wie kann ich den verf\u00fcgbaren Raum in meinem B\u00fcro optimal nutzen?<\/div><\/a><\/h3><\/div><div id=\"collapse-1-8864\" aria-labelledby=\"faq_1-8864\" class=\"panel-collapse collapse\"><div class=\"panel-body toggle-content post-content\"><p><span style=\"font-weight: 400;\">Um den verf\u00fcgbaren Raum effektiv zu nutzen, sollten Sie die B\u00fcrogestaltung flexibel und anpassungsf\u00e4hig gestalten. Modulare M\u00f6bel erm\u00f6glichen es, den Raum je nach Bedarf umzustellen. Zudem k\u00f6nnen multifunktionale Bereiche geschaffen werden, die sowohl f\u00fcr Teamarbeit als auch f\u00fcr konzentriertes Arbeiten genutzt werden.<\/span><\/p>\n<\/div><\/div><\/div><div class=\"fusion-panel fusion-toggle-no-divider fusion-toggle-boxed-mode panel-default fusion-faq-post fusion-faq-post-8866 moderne-buerogestaltung \"><span class=\"entry-title rich-snippet-hidden\">Wie kann ich eine gesunde Balance zwischen Kreativit\u00e4t und Struktur im B\u00fcro schaffen?<\/span><span class=\"vcard rich-snippet-hidden\"><span class=\"fn\"><a href=\"https:\/\/schultz.de\/ratgeber\/author\/schultz-blog_admin\/\" title=\"Beitr\u00e4ge von Nicolas Schultz\" rel=\"author\">Nicolas Schultz<\/a><\/span><\/span><span class=\"updated rich-snippet-hidden\">2024-11-18T11:27:04+01:00<\/span><div class=\"panel-heading\"><h3 id=\"faq_1-8866\" class=\"panel-title toggle\"><a data-toggle=\"collapse\" class=\"collapsed\" data-parent=\"#accordian-1\" data-target=\"#collapse-1-8866\" href=\"#collapse-1-8866\" aria-expanded=\"false\"><div class=\"fusion-toggle-icon-wrapper\"><div class=\"fusion-toggle-icon-wrapper-main\"><div class=\"fusion-toggle-icon-wrapper-sub\"><i class=\"fa-fusion-box active-icon awb-icon-minus\" aria-hidden=\"true\"><\/i><i class=\"fa-fusion-box inactive-icon awb-icon-plus\" aria-hidden=\"true\"><\/i><\/div><\/div><\/div><div class=\"fusion-toggle-heading\">Wie kann ich eine gesunde Balance zwischen Kreativit\u00e4t und Struktur im B\u00fcro schaffen?<\/div><\/a><\/h3><\/div><div id=\"collapse-1-8866\" aria-labelledby=\"faq_1-8866\" class=\"panel-collapse collapse\"><div class=\"panel-body toggle-content post-content\"><p><span style=\"font-weight: 400;\">Eine gesunde Balance zwischen Kreativit\u00e4t und Struktur kann durch eine durchdachte Raumaufteilung erreicht werden. Flexible Arbeitsbereiche, die kreative Zonen mit ruhigen Arbeitspl\u00e4tzen kombinieren, erm\u00f6glichen es Mitarbeitenden, immer das perfekte Umfeld f\u00fcr die jeweilige Aufgabe zu schaffen. <\/span><\/p>\n<\/div><\/div><\/div><div class=\"fusion-panel fusion-toggle-no-divider fusion-toggle-boxed-mode panel-default fusion-faq-post fusion-faq-post-8868 moderne-buerogestaltung \"><span class=\"entry-title rich-snippet-hidden\">Was sollte ich bei der Planung eines neuen B\u00fcros beachten?<\/span><span class=\"vcard rich-snippet-hidden\"><span class=\"fn\"><a href=\"https:\/\/schultz.de\/ratgeber\/author\/schultz-blog_admin\/\" title=\"Beitr\u00e4ge von Nicolas Schultz\" rel=\"author\">Nicolas Schultz<\/a><\/span><\/span><span class=\"updated rich-snippet-hidden\">2024-11-18T11:27:27+01:00<\/span><div class=\"panel-heading\"><h3 id=\"faq_1-8868\" class=\"panel-title toggle\"><a data-toggle=\"collapse\" class=\"collapsed\" data-parent=\"#accordian-1\" data-target=\"#collapse-1-8868\" href=\"#collapse-1-8868\" aria-expanded=\"false\"><div class=\"fusion-toggle-icon-wrapper\"><div class=\"fusion-toggle-icon-wrapper-main\"><div class=\"fusion-toggle-icon-wrapper-sub\"><i class=\"fa-fusion-box active-icon awb-icon-minus\" aria-hidden=\"true\"><\/i><i class=\"fa-fusion-box inactive-icon awb-icon-plus\" aria-hidden=\"true\"><\/i><\/div><\/div><\/div><div class=\"fusion-toggle-heading\">Was sollte ich bei der Planung eines neuen B\u00fcros beachten?<\/div><\/a><\/h3><\/div><div id=\"collapse-1-8868\" aria-labelledby=\"faq_1-8868\" class=\"panel-collapse collapse\"><div class=\"panel-body toggle-content post-content\"><p><span style=\"font-weight: 400;\">Bei der Planung eines neuen B\u00fcros sollten die Bed\u00fcrfnisse der Mitarbeitenden, die Art der Arbeit und die zuk\u00fcnftigen Entwicklungen im Blickfeld stehen. Eine gr\u00fcndliche Bedarfsanalyse hilft, geeignete Raumkonzepte und M\u00f6bel zu w\u00e4hlen.<\/span><\/p>\n<\/div><\/div><\/div><div class=\"fusion-panel fusion-toggle-no-divider fusion-toggle-boxed-mode panel-default fusion-faq-post fusion-faq-post-8870 moderne-buerogestaltung \"><span class=\"entry-title rich-snippet-hidden\">Wie kann ich das Raumklima im B\u00fcro optimieren?<\/span><span class=\"vcard rich-snippet-hidden\"><span class=\"fn\"><a href=\"https:\/\/schultz.de\/ratgeber\/author\/schultz-blog_admin\/\" title=\"Beitr\u00e4ge von Nicolas Schultz\" rel=\"author\">Nicolas Schultz<\/a><\/span><\/span><span class=\"updated rich-snippet-hidden\">2024-11-18T11:27:49+01:00<\/span><div class=\"panel-heading\"><h3 id=\"faq_1-8870\" class=\"panel-title toggle\"><a data-toggle=\"collapse\" class=\"collapsed\" data-parent=\"#accordian-1\" data-target=\"#collapse-1-8870\" href=\"#collapse-1-8870\" aria-expanded=\"false\"><div class=\"fusion-toggle-icon-wrapper\"><div class=\"fusion-toggle-icon-wrapper-main\"><div class=\"fusion-toggle-icon-wrapper-sub\"><i class=\"fa-fusion-box active-icon awb-icon-minus\" aria-hidden=\"true\"><\/i><i class=\"fa-fusion-box inactive-icon awb-icon-plus\" aria-hidden=\"true\"><\/i><\/div><\/div><\/div><div class=\"fusion-toggle-heading\">Wie kann ich das Raumklima im B\u00fcro optimieren?<\/div><\/a><\/h3><\/div><div id=\"collapse-1-8870\" aria-labelledby=\"faq_1-8870\" class=\"panel-collapse collapse\"><div class=\"panel-body toggle-content post-content\"><p><span style=\"font-weight: 400;\">Das Raumklima kann durch eine gezielte Kombination aus guter Bel\u00fcftung, optimaler Beleuchtung und angenehmen Temperaturen verbessert werden. Thermostate und Klimaanlagen, die individuell regulierbar sind, tragen zu einem angenehmen Arbeitsumfeld bei.<\/span><\/p>\n<\/div><\/div><\/div><\/div><\/div><\/div><\/div><div class=\"fusion-builder-row fusion-builder-row-inner fusion-row fusion-flex-align-items-flex-start fusion-flex-justify-content-center fusion-flex-content-wrap\" style=\"width:104% !important;max-width:104% !important;margin-left: calc(-4% \/ 2 );margin-right: calc(-4% \/ 2 );\"><div class=\"fusion-layout-column fusion_builder_column_inner fusion-builder-nested-column-8 fusion_builder_column_inner_1_1 1_1 fusion-flex-column quellenangaben\" style=\"--awb-bg-size:cover;--awb-width-large:100%;--awb-margin-top-large:0px;--awb-spacing-right-large:1.92%;--awb-margin-bottom-large:20px;--awb-spacing-left-large:1.92%;--awb-width-medium:100%;--awb-order-medium:0;--awb-spacing-right-medium:1.92%;--awb-spacing-left-medium:1.92%;--awb-width-small:100%;--awb-order-small:0;--awb-spacing-right-small:1.92%;--awb-spacing-left-small:1.92%;\"><div class=\"fusion-column-wrapper fusion-column-has-shadow fusion-flex-justify-content-flex-start fusion-content-layout-column\"><div class=\"fusion-title title fusion-title-20 fusion-sep-none fusion-title-text fusion-title-size-two\" style=\"--awb-margin-bottom:0px;\"><h2 class=\"fusion-title-heading title-heading-left fusion-responsive-typography-calculated\" style=\"margin:0;--fontSize:53;line-height:1.1;\">Quellen<\/h2><\/div><div class=\"fusion-text fusion-text-43\"><ol>\n<li>https:\/\/www.iao.fraunhofer.de\/de\/presse-und-medien\/aktuelles\/back-to-the-office-der-wandel-der-arbeitswelt.html<\/li>\n<li>https:\/\/www.iao.fraunhofer.de\/de\/presse-und-medien\/aktuelles\/beyond-multispace-arbeits-und-bueroumgebung-im-wandel.html<\/li>\n<li>https:\/\/iba.online\/studynet\/iba-studie-2017\/<\/li>\n<li>https:\/\/publica-rest.fraunhofer.de\/server\/api\/core\/bitstreams\/a80af0af-f0d6-4101-acde-6c145599b913\/content<\/li>\n<\/ol>\n<\/div><\/div><\/div><\/div><\/div><\/div><\/div><\/div><div class=\"fusion-fullwidth fullwidth-box fusion-builder-row-5 fusion-flex-container has-pattern-background has-mask-background nonhundred-percent-fullwidth non-hundred-percent-height-scrolling\" style=\"--link_hover_color: var(--awb-color5);--link_color: var(--awb-color6);--awb-border-sizes-top:0px;--awb-border-sizes-bottom:0px;--awb-border-sizes-left:0px;--awb-border-sizes-right:0px;--awb-border-radius-top-left:0px;--awb-border-radius-top-right:0px;--awb-border-radius-bottom-right:0px;--awb-border-radius-bottom-left:0px;--awb-padding-top:40px;--awb-padding-right:40px;--awb-padding-bottom:40px;--awb-padding-left:40px;--awb-padding-top-small:20px;--awb-padding-right-small:20px;--awb-padding-bottom-small:20px;--awb-padding-left-small:20px;--awb-background-color:var(--awb-color1);--awb-flex-wrap:wrap;\" ><div class=\"fusion-builder-row fusion-row fusion-flex-align-items-stretch fusion-flex-content-wrap\" style=\"max-width:1248px;margin-left: calc(-4% \/ 2 );margin-right: calc(-4% \/ 2 );\"><div class=\"fusion-layout-column fusion_builder_column fusion-builder-column-29 fusion_builder_column_1_1 1_1 fusion-flex-column autor fusion-animated\" style=\"--awb-padding-right:20px;--awb-padding-left:20px;--awb-padding-left-small:0px;--awb-bg-blend:overlay;--awb-bg-size:cover;--awb-box-shadow:5px 0px 8px 0px hsla(var(--awb-color8-h),var(--awb-color8-s),calc( var(--awb-color8-l) - 9% ),calc( var(--awb-color8-a) - 95% ));;--awb-border-color:var(--awb-color5);--awb-border-top:2px;--awb-border-style:solid;--awb-width-large:100%;--awb-margin-top-large:25px;--awb-spacing-right-large:1.44%;--awb-margin-bottom-large:20px;--awb-spacing-left-large:1.44%;--awb-width-medium:100%;--awb-order-medium:0;--awb-spacing-right-medium:1.44%;--awb-spacing-left-medium:1.44%;--awb-width-small:100%;--awb-order-small:0;--awb-margin-top-small:0;--awb-spacing-right-small:0px;--awb-margin-bottom-small:0;--awb-spacing-left-small:1.92%;\" data-animationType=\"fadeInUp\" data-animationDuration=\"1.5\" data-animationOffset=\"top-into-view\"><div class=\"fusion-column-wrapper fusion-column-has-shadow fusion-flex-justify-content-flex-start fusion-content-layout-column\"><div class=\"fusion-text fusion-text-44\" style=\"--awb-font-size:20px;--awb-text-transform:uppercase;--awb-text-color:var(--awb-color7);--awb-margin-top:20px;\"><p><strong>\u00dcber den Autor<\/strong><\/p>\n<\/div><div class=\"fusion-builder-row fusion-builder-row-inner fusion-row fusion-flex-align-items-stretch fusion-flex-content-wrap\" style=\"width:104% !important;max-width:104% !important;margin-left: calc(-4% \/ 2 );margin-right: calc(-4% \/ 2 );\"><div class=\"fusion-layout-column fusion_builder_column_inner fusion-builder-nested-column-9 fusion-flex-column fusion-flex-align-self-stretch\" style=\"--awb-bg-position:center center;--awb-bg-size:cover;--awb-width-large:11%;--awb-margin-top-large:0px;--awb-spacing-right-large:17.454545454545%;--awb-margin-bottom-large:0px;--awb-spacing-left-large:17.454545454545%;--awb-width-medium:20%;--awb-order-medium:0;--awb-spacing-right-medium:9.6%;--awb-spacing-left-medium:9.6%;--awb-width-small:100%;--awb-order-small:0;--awb-spacing-right-small:1.92%;--awb-spacing-left-small:1.92%;\"><div class=\"fusion-column-wrapper fusion-column-has-shadow fusion-flex-justify-content-flex-start fusion-content-layout-column\"><div class=\"fusion-image-element \" style=\"--awb-caption-title-font-family:var(--h2_typography-font-family);--awb-caption-title-font-weight:var(--h2_typography-font-weight);--awb-caption-title-font-style:var(--h2_typography-font-style);--awb-caption-title-size:var(--h2_typography-font-size);--awb-caption-title-transform:var(--h2_typography-text-transform);--awb-caption-title-line-height:var(--h2_typography-line-height);--awb-caption-title-letter-spacing:var(--h2_typography-letter-spacing);\"><span class=\" fusion-imageframe imageframe-none imageframe-7 hover-type-none\"><img decoding=\"async\" src=\"https:\/\/schultz.de\/ratgeber\/wp-content\/uploads\/2023\/03\/cropped-team5-white-square-96x96.png\" alt class=\"img-responsive\"\/><\/span><\/div><\/div><\/div><div class=\"fusion-layout-column fusion_builder_column_inner fusion-builder-nested-column-10 fusion-flex-column fusion-flex-align-self-stretch\" style=\"--awb-bg-size:cover;--awb-width-large:89%;--awb-margin-top-large:0px;--awb-spacing-right-large:2.1573033707865%;--awb-margin-bottom-large:0px;--awb-spacing-left-large:2.1573033707865%;--awb-width-medium:80%;--awb-order-medium:0;--awb-spacing-right-medium:2.4%;--awb-spacing-left-medium:2.4%;--awb-width-small:100%;--awb-order-small:0;--awb-spacing-right-small:1.92%;--awb-spacing-left-small:1.92%;\"><div class=\"fusion-column-wrapper fusion-column-has-shadow fusion-flex-justify-content-flex-start fusion-content-layout-column\"><div class=\"fusion-title title fusion-title-21 fusion-sep-none fusion-title-text fusion-title-size-paragraph\" style=\"--awb-margin-bottom:0px;--awb-margin-bottom-small:0px;--awb-font-size:var(--awb-typography4-font-size);\"><p class=\"fusion-title-heading title-heading-left title-heading-tag fusion-responsive-typography-calculated\" style=\"font-family:&quot;Sofia Pro Regular&quot;;font-style:normal;font-weight:400;margin:0;letter-spacing:var(--awb-typography4-letter-spacing);text-transform:var(--awb-typography4-text-transform);font-size:1em;--fontSize:16;--minFontSize:16;line-height:var(--awb-typography4-line-height);\">Nicolas Schultz<\/p><\/div><div class=\"fusion-text fusion-text-45 autor-description\"><p>Gesch\u00e4ftsf\u00fchrer<\/p>\n<p>Durch seine Erfahrung und sein Fachwissen in der M\u00f6belbranche wei\u00df Nicolas, wie wichtig die richtige Ergonomie f\u00fcr die Gesundheit und Fitness der Menschen ist. Sein Ziel ist es, dass jeder Kunde gesund und fit bleibt und seine Arbeit oder sein Leben ohne Schmerzen und Beschwerden genie\u00dfen kann.\nNeben seiner Leidenschaft f\u00fcr die Arbeit als Gesch\u00e4ftsf\u00fchrer f\u00e4hrt er gerne mit dem Fahrrad durch den Wald und liebt es, neue Orte zu entdecken. Sein Interesse f\u00fcr das Reisen hat ihm wertvolle Einblicke in verschiedene Kulturen und Lebensweisen gegeben.<\/p>\n<\/div><\/div><\/div><\/div><\/div><\/div>\n<\/div><\/div><div class=\"fusion-fullwidth fullwidth-box fusion-builder-row-6 fusion-flex-container has-pattern-background has-mask-background post-newsletter nonhundred-percent-fullwidth non-hundred-percent-height-scrolling fusion-animated\" style=\"--awb-border-radius-top-left:0px;--awb-border-radius-top-right:0px;--awb-border-radius-bottom-right:0px;--awb-border-radius-bottom-left:0px;--awb-padding-top:30px;--awb-padding-bottom-small:20px;--awb-flex-wrap:wrap;\" data-animationType=\"fadeInUp\" data-animationDuration=\"1.5\" data-animationOffset=\"top-into-view\" ><div class=\"fusion-builder-row fusion-row fusion-flex-align-items-stretch fusion-flex-justify-content-center fusion-flex-content-wrap\" style=\"max-width:1248px;margin-left: calc(-4% \/ 2 );margin-right: calc(-4% \/ 2 );\"><div class=\"fusion-layout-column fusion_builder_column fusion-builder-column-30 fusion_builder_column_1_1 1_1 fusion-flex-column\" style=\"--awb-bg-color:var(--awb-color2);--awb-bg-color-hover:var(--awb-color2);--awb-bg-size:cover;--awb-width-large:100%;--awb-margin-top-large:40px;--awb-spacing-right-large:1.92%;--awb-margin-bottom-large:20px;--awb-spacing-left-large:1.92%;--awb-width-medium:100%;--awb-order-medium:0;--awb-spacing-right-medium:1.92%;--awb-spacing-left-medium:1.92%;--awb-width-small:100%;--awb-order-small:0;--awb-spacing-right-small:1.92%;--awb-spacing-left-small:1.92%;\"><div class=\"fusion-column-wrapper fusion-column-has-shadow fusion-flex-justify-content-flex-start fusion-content-layout-column\"><div class=\"fusion-builder-row fusion-builder-row-inner fusion-row fusion-flex-align-items-stretch fusion-flex-justify-content-center fusion-flex-content-wrap\" style=\"width:104% !important;max-width:104% !important;margin-left: calc(-4% \/ 2 );margin-right: calc(-4% \/ 2 );\"><div class=\"fusion-layout-column fusion_builder_column_inner fusion-builder-nested-column-11 fusion_builder_column_inner_1_4 1_4 fusion-flex-column\" style=\"--awb-bg-image:url(&#039;https:\/\/schultz.de\/ratgeber\/wp-content\/uploads\/2023\/03\/popup-bg.jpg&#039;);--awb-bg-position:center center;--awb-bg-size:cover;--awb-width-large:25%;--awb-margin-top-large:0px;--awb-spacing-right-large:7.68%;--awb-margin-bottom-large:0px;--awb-spacing-left-large:7.68%;--awb-width-medium:25%;--awb-order-medium:0;--awb-spacing-right-medium:7.68%;--awb-spacing-left-medium:7.68%;--awb-width-small:100%;--awb-order-small:0;--awb-spacing-right-small:1.92%;--awb-spacing-left-small:1.92%;\"><div class=\"fusion-column-wrapper fusion-column-has-shadow fusion-flex-justify-content-flex-start fusion-content-layout-column fusion-empty-column-bg-image fusion-column-has-bg-image\" data-bg-url=\"https:\/\/schultz.de\/ratgeber\/wp-content\/uploads\/2023\/03\/popup-bg.jpg\"><img decoding=\"async\" class=\"fusion-empty-dims-img-placeholder fusion-no-large-visibility fusion-no-medium-visibility\" src=\"data:image\/gif;base64,R0lGODlhAQABAAAAACH5BAEKAAEALAAAAAABAAEAAAICTAEAOw==\"><\/div><\/div><div class=\"fusion-layout-column fusion_builder_column_inner fusion-builder-nested-column-12 fusion_builder_column_inner_3_4 3_4 fusion-flex-column\" style=\"--awb-padding-top:40px;--awb-padding-top-small:40px;--awb-padding-right-small:20px;--awb-padding-left-small:20px;--awb-bg-size:cover;--awb-width-large:75%;--awb-margin-top-large:0px;--awb-spacing-right-large:2.56%;--awb-margin-bottom-large:20px;--awb-spacing-left-large:2.56%;--awb-width-medium:75%;--awb-order-medium:0;--awb-spacing-right-medium:2.56%;--awb-spacing-left-medium:2.56%;--awb-width-small:100%;--awb-order-small:0;--awb-spacing-right-small:1.92%;--awb-spacing-left-small:1.92%;\" data-scroll-devices=\"small-visibility,medium-visibility,large-visibility\"><div class=\"fusion-column-wrapper fusion-column-has-shadow fusion-flex-justify-content-flex-start fusion-content-layout-column\"><div class=\"fusion-title title fusion-title-22 fusion-sep-none fusion-title-text fusion-title-size-div\" style=\"--awb-text-color:var(--awb-color7);--awb-margin-top:0px;--awb-margin-bottom:0px;--awb-margin-bottom-small:0px;--awb-font-size:30px;\"><div class=\"fusion-title-heading title-heading-left title-heading-tag fusion-responsive-typography-calculated\" style=\"font-family:var(--awb-typography1-font-family);font-weight:var(--awb-typography1-font-weight);font-style:var(--awb-typography1-font-style);margin:0;letter-spacing:var(--awb-typography1-letter-spacing);text-transform:var(--awb-typography1-text-transform);font-size:1em;--fontSize:30;line-height:1.1;\">Erhalten Sie 5 % Rabatt auf Ihre erste Bestellung<\/div><\/div><div class=\"fusion-separator\" style=\"align-self: flex-start;margin-right:auto;margin-top:15px;margin-bottom:15px;width:100%;max-width:100px;\"><div class=\"fusion-separator-border sep-single sep-solid\" style=\"--awb-height:20px;--awb-amount:20px;--awb-sep-color:var(--awb-color4);border-color:var(--awb-color4);border-top-width:1px;\"><\/div><\/div><ul style=\"--awb-item-padding-top:0px;--awb-line-height:27.2px;--awb-icon-width:27.2px;--awb-icon-height:27.2px;--awb-icon-margin:11.2px;--awb-content-margin:38.4px;\" class=\"fusion-checklist fusion-checklist-9 type-icons newsletter-checklist\"><li class=\"fusion-li-item\" style=\"\"><span class=\"icon-wrapper circle-no\"><i class=\"fusion-li-icon fa-check fas\" aria-hidden=\"true\"><\/i><\/span><div class=\"fusion-li-item-content\">\n<p>Newsletter abonnieren \u2013 Rabatt erhalten<\/p>\n<\/div><\/li><li class=\"fusion-li-item\" style=\"\"><span class=\"icon-wrapper circle-no\"><i class=\"fusion-li-icon fa-check fas\" aria-hidden=\"true\"><\/i><\/span><div class=\"fusion-li-item-content\">\n<p>Sonderangebote und Neuheiten per E-Mail<\/p>\n<\/div><\/li><li class=\"fusion-li-item\" style=\"\"><span class=\"icon-wrapper circle-no\"><i class=\"fusion-li-icon fa-check fas\" aria-hidden=\"true\"><\/i><\/span><div class=\"fusion-li-item-content\">\n<p>Kostenlos &amp; jederzeit abbestellbar<\/p>\n<\/div><\/li><\/ul><div ><a class=\"fusion-button button-flat fusion-button-default-size button-default fusion-button-default button-3 fusion-button-default-span fusion-button-default-type\" style=\"--button_margin-top:20px;\" target=\"_blank\" rel=\"noopener noreferrer\" href=\"https:\/\/schultz.de\/newsletter\"><span class=\"fusion-button-text awb-button__text awb-button__text--default\">Newsletter abonnieren<\/span><\/a><\/div><\/div><\/div><\/div><\/div><\/div><div class=\"fusion-layout-column fusion_builder_column fusion-builder-column-31 fusion_builder_column_1_1 1_1 fusion-flex-column\" style=\"--awb-bg-size:cover;--awb-width-large:100%;--awb-margin-top-large:40px;--awb-spacing-right-large:1.92%;--awb-margin-bottom-large:20px;--awb-spacing-left-large:1.92%;--awb-width-medium:100%;--awb-order-medium:0;--awb-spacing-right-medium:1.92%;--awb-spacing-left-medium:1.92%;--awb-width-small:100%;--awb-order-small:0;--awb-spacing-right-small:1.92%;--awb-margin-bottom-small:0;--awb-spacing-left-small:1.92%;\"><div class=\"fusion-column-wrapper fusion-column-has-shadow fusion-flex-justify-content-flex-start fusion-content-layout-column\"> <div class=\"brlbs-cmpnt-container brlbs-cmpnt-content-blocker brlbs-cmpnt-with-individual-styles\" data-borlabs-cookie-content-blocker-id=\"elfsight\" data-borlabs-cookie-content=\"CjxzY3JpcHQgc3JjPSJodHRwczovL2FwcHMuZWxmc2lnaHQuY29tL3AvcGxhdGZvcm0uanMiIGRlZmVyPjwvc2NyaXB0Pgo8ZGl2IGNsYXNzPSJlbGZzaWdodC1hcHAtZTY4YmJlMzYtYjk0My00YzNhLTg0NjEtNmI2NmI1NDQxOWNlIj48L2Rpdj4K\"><div class=\"brlbs-cmpnt-cb-preset-a\"> <p class=\"brlbs-cmpnt-cb-description\">Sie sehen gerade einen Platzhalterinhalt von <strong>Elfsight<\/strong>. Um auf den eigentlichen Inhalt zuzugreifen, klicken Sie auf die Schaltfl\u00e4che unten. Bitte beachten Sie, dass dabei Daten an Drittanbieter weitergegeben werden.<\/p> <div class=\"brlbs-cmpnt-cb-buttons\"> <a class=\"brlbs-cmpnt-cb-btn\" href=\"#\" data-borlabs-cookie-unblock role=\"button\">Inhalt entsperren<\/a> <a class=\"brlbs-cmpnt-cb-btn\" href=\"#\" data-borlabs-cookie-accept-service role=\"button\" style=\"display: inherit\">Erforderlichen Service akzeptieren und Inhalte entsperren<\/a> <\/div> <a class=\"brlbs-cmpnt-cb-provider-toggle\" href=\"#\" data-borlabs-cookie-show-provider-information role=\"button\">Mehr Informationen<\/a> <\/div><\/div><\/div><\/div><\/div><\/div>\n<\/p>\n","protected":false},"excerpt":{"rendered":"","protected":false},"author":2,"featured_media":8839,"comment_status":"open","ping_status":"open","sticky":false,"template":"","format":"standard","meta":{"_acf_changed":false,"footnotes":""},"categories":[85],"tags":[],"class_list":["post-8838","post","type-post","status-publish","format-standard","has-post-thumbnail","hentry","category-gestaltung-und-einrichtung"],"acf":[],"yoast_head":"<!-- This site is optimized with the Yoast SEO plugin v26.5 - https:\/\/yoast.com\/wordpress\/plugins\/seo\/ -->\n<title>Moderne B\u00fcrogestaltung: Trends f\u00fcr ergonomische Produktivit\u00e4t<\/title>\n<meta name=\"description\" content=\"Entdecken Sie Ideen und Konzepte f\u00fcr eine kreative, flexible B\u00fcrogestaltung, die Produktivit\u00e4t und Wohlbefinden am Arbeitsplatz steigert.\" \/>\n<meta name=\"robots\" content=\"index, follow, max-snippet:-1, max-image-preview:large, max-video-preview:-1\" \/>\n<link rel=\"canonical\" href=\"https:\/\/schultz.de\/ratgeber\/buerogestaltung\/\" \/>\n<meta property=\"og:locale\" content=\"de_DE\" \/>\n<meta property=\"og:type\" content=\"article\" \/>\n<meta property=\"og:title\" content=\"Moderne B\u00fcrogestaltung: Trends f\u00fcr ergonomische Produktivit\u00e4t\" \/>\n<meta property=\"og:description\" content=\"Entdecken Sie Ideen und Konzepte f\u00fcr eine kreative, flexible B\u00fcrogestaltung, die Produktivit\u00e4t und Wohlbefinden am Arbeitsplatz steigert.\" \/>\n<meta property=\"og:url\" content=\"https:\/\/schultz.de\/ratgeber\/buerogestaltung\/\" \/>\n<meta property=\"og:site_name\" content=\"Schultz Ratgeber\" \/>\n<meta property=\"article:publisher\" content=\"https:\/\/www.facebook.com\/schultz.de\/\" \/>\n<meta property=\"article:published_time\" content=\"2024-11-19T15:26:11+00:00\" \/>\n<meta property=\"article:modified_time\" content=\"2025-02-07T16:12:52+00:00\" \/>\n<meta property=\"og:image\" content=\"https:\/\/schultz.de\/ratgeber\/wp-content\/uploads\/2024\/11\/Screenshot-2024-11-18-at-09.49.jpg\" \/>\n\t<meta property=\"og:image:width\" content=\"1920\" \/>\n\t<meta property=\"og:image:height\" content=\"688\" \/>\n\t<meta property=\"og:image:type\" content=\"image\/jpeg\" \/>\n<meta name=\"author\" content=\"Nicolas Schultz\" \/>\n<script type=\"application\/ld+json\" class=\"yoast-schema-graph\">{\"@context\":\"https:\/\/schema.org\",\"@graph\":[{\"@type\":\"Article\",\"@id\":\"https:\/\/schultz.de\/ratgeber\/buerogestaltung\/#article\",\"isPartOf\":{\"@id\":\"https:\/\/schultz.de\/ratgeber\/buerogestaltung\/\"},\"author\":{\"name\":\"Nicolas Schultz\",\"@id\":\"https:\/\/schultz.de\/ratgeber\/#\/schema\/person\/fd10318afcbad7472f446bdd3d2a0af4\"},\"headline\":\"Moderne B\u00fcrogestaltung: Trends und kreative Ideen\",\"datePublished\":\"2024-11-19T15:26:11+00:00\",\"dateModified\":\"2025-02-07T16:12:52+00:00\",\"mainEntityOfPage\":{\"@id\":\"https:\/\/schultz.de\/ratgeber\/buerogestaltung\/\"},\"wordCount\":16527,\"commentCount\":0,\"publisher\":{\"@id\":\"https:\/\/schultz.de\/ratgeber\/#organization\"},\"image\":{\"@id\":\"https:\/\/schultz.de\/ratgeber\/buerogestaltung\/#primaryimage\"},\"thumbnailUrl\":\"https:\/\/schultz.de\/ratgeber\/wp-content\/uploads\/2024\/11\/Screenshot-2024-11-18-at-09.49.webp\",\"articleSection\":[\"Gestaltung und Einrichtung\"],\"inLanguage\":\"de\",\"potentialAction\":[{\"@type\":\"CommentAction\",\"name\":\"Comment\",\"target\":[\"https:\/\/schultz.de\/ratgeber\/buerogestaltung\/#respond\"]}]},{\"@type\":\"WebPage\",\"@id\":\"https:\/\/schultz.de\/ratgeber\/buerogestaltung\/\",\"url\":\"https:\/\/schultz.de\/ratgeber\/buerogestaltung\/\",\"name\":\"Moderne B\u00fcrogestaltung: Trends f\u00fcr ergonomische Produktivit\u00e4t\",\"isPartOf\":{\"@id\":\"https:\/\/schultz.de\/ratgeber\/#website\"},\"primaryImageOfPage\":{\"@id\":\"https:\/\/schultz.de\/ratgeber\/buerogestaltung\/#primaryimage\"},\"image\":{\"@id\":\"https:\/\/schultz.de\/ratgeber\/buerogestaltung\/#primaryimage\"},\"thumbnailUrl\":\"https:\/\/schultz.de\/ratgeber\/wp-content\/uploads\/2024\/11\/Screenshot-2024-11-18-at-09.49.webp\",\"datePublished\":\"2024-11-19T15:26:11+00:00\",\"dateModified\":\"2025-02-07T16:12:52+00:00\",\"description\":\"Entdecken Sie Ideen und Konzepte f\u00fcr eine kreative, flexible B\u00fcrogestaltung, die Produktivit\u00e4t und Wohlbefinden am Arbeitsplatz steigert.\",\"breadcrumb\":{\"@id\":\"https:\/\/schultz.de\/ratgeber\/buerogestaltung\/#breadcrumb\"},\"inLanguage\":\"de\",\"potentialAction\":[{\"@type\":\"ReadAction\",\"target\":[\"https:\/\/schultz.de\/ratgeber\/buerogestaltung\/\"]}]},{\"@type\":\"ImageObject\",\"inLanguage\":\"de\",\"@id\":\"https:\/\/schultz.de\/ratgeber\/buerogestaltung\/#primaryimage\",\"url\":\"https:\/\/schultz.de\/ratgeber\/wp-content\/uploads\/2024\/11\/Screenshot-2024-11-18-at-09.49.webp\",\"contentUrl\":\"https:\/\/schultz.de\/ratgeber\/wp-content\/uploads\/2024\/11\/Screenshot-2024-11-18-at-09.49.webp\",\"width\":1920,\"height\":688,\"caption\":\"Moderne B\u00fcrogestaltung \u2013 aktuelle Trends und kreative Ideen f\u00fcr eine inspirierende Arbeitsumgebung\"},{\"@type\":\"BreadcrumbList\",\"@id\":\"https:\/\/schultz.de\/ratgeber\/buerogestaltung\/#breadcrumb\",\"itemListElement\":[{\"@type\":\"ListItem\",\"position\":1,\"name\":\"Home\",\"item\":\"https:\/\/schultz.de\/ratgeber\/\"},{\"@type\":\"ListItem\",\"position\":2,\"name\":\"Moderne B\u00fcrogestaltung: Trends und kreative Ideen\"}]},{\"@type\":\"WebSite\",\"@id\":\"https:\/\/schultz.de\/ratgeber\/#website\",\"url\":\"https:\/\/schultz.de\/ratgeber\/\",\"name\":\"SCHULTZ Ratgeber\",\"description\":\"\",\"publisher\":{\"@id\":\"https:\/\/schultz.de\/ratgeber\/#organization\"},\"potentialAction\":[{\"@type\":\"SearchAction\",\"target\":{\"@type\":\"EntryPoint\",\"urlTemplate\":\"https:\/\/schultz.de\/ratgeber\/?s={search_term_string}\"},\"query-input\":{\"@type\":\"PropertyValueSpecification\",\"valueRequired\":true,\"valueName\":\"search_term_string\"}}],\"inLanguage\":\"de\"},{\"@type\":\"Organization\",\"@id\":\"https:\/\/schultz.de\/ratgeber\/#organization\",\"name\":\"SCHULTZ\",\"url\":\"https:\/\/schultz.de\/ratgeber\/\",\"logo\":{\"@type\":\"ImageObject\",\"inLanguage\":\"de\",\"@id\":\"https:\/\/schultz.de\/ratgeber\/#\/schema\/logo\/image\/\",\"url\":\"\",\"contentUrl\":\"\",\"caption\":\"SCHULTZ\"},\"image\":{\"@id\":\"https:\/\/schultz.de\/ratgeber\/#\/schema\/logo\/image\/\"},\"sameAs\":[\"https:\/\/www.facebook.com\/schultz.de\/\",\"https:\/\/www.linkedin.com\/company\/schultz-moebel\/\",\"https:\/\/www.instagram.com\/schultz_bueromoebel\/\",\"https:\/\/www.youtube.com\/user\/SchultzEinrichtungen\"]},{\"@type\":\"Person\",\"@id\":\"https:\/\/schultz.de\/ratgeber\/#\/schema\/person\/fd10318afcbad7472f446bdd3d2a0af4\",\"name\":\"Nicolas Schultz\",\"image\":{\"@type\":\"ImageObject\",\"inLanguage\":\"de\",\"@id\":\"https:\/\/schultz.de\/ratgeber\/#\/schema\/person\/image\/\",\"url\":\"https:\/\/schultz.de\/ratgeber\/wp-content\/uploads\/2023\/03\/cropped-team5-white-square-96x96.png\",\"contentUrl\":\"https:\/\/schultz.de\/ratgeber\/wp-content\/uploads\/2023\/03\/cropped-team5-white-square-96x96.png\",\"caption\":\"Nicolas Schultz\"},\"description\":\"Gesch\u00e4ftsf\u00fchrer Durch seine Erfahrung und sein Fachwissen in der M\u00f6belbranche wei\u00df Nicolas, wie wichtig die richtige Ergonomie f\u00fcr die Gesundheit und Fitness der Menschen ist. Sein Ziel ist es, dass jeder Kunde gesund und fit bleibt und seine Arbeit oder sein Leben ohne Schmerzen und Beschwerden genie\u00dfen kann. Neben seiner Leidenschaft f\u00fcr die Arbeit als Gesch\u00e4ftsf\u00fchrer f\u00e4hrt er gerne mit dem Fahrrad durch den Wald und liebt es, neue Orte zu entdecken. Sein Interesse f\u00fcr das Reisen hat ihm wertvolle Einblicke in verschiedene Kulturen und Lebensweisen gegeben.\",\"url\":\"https:\/\/schultz.de\/ratgeber\/author\/schultz-blog_admin\/\"}]}<\/script>\n<!-- \/ Yoast SEO plugin. -->","yoast_head_json":{"title":"Moderne B\u00fcrogestaltung: Trends f\u00fcr ergonomische Produktivit\u00e4t","description":"Entdecken Sie Ideen und Konzepte f\u00fcr eine kreative, flexible B\u00fcrogestaltung, die Produktivit\u00e4t und Wohlbefinden am Arbeitsplatz steigert.","robots":{"index":"index","follow":"follow","max-snippet":"max-snippet:-1","max-image-preview":"max-image-preview:large","max-video-preview":"max-video-preview:-1"},"canonical":"https:\/\/schultz.de\/ratgeber\/buerogestaltung\/","og_locale":"de_DE","og_type":"article","og_title":"Moderne B\u00fcrogestaltung: Trends f\u00fcr ergonomische Produktivit\u00e4t","og_description":"Entdecken Sie Ideen und Konzepte f\u00fcr eine kreative, flexible B\u00fcrogestaltung, die Produktivit\u00e4t und Wohlbefinden am Arbeitsplatz steigert.","og_url":"https:\/\/schultz.de\/ratgeber\/buerogestaltung\/","og_site_name":"Schultz Ratgeber","article_publisher":"https:\/\/www.facebook.com\/schultz.de\/","article_published_time":"2024-11-19T15:26:11+00:00","article_modified_time":"2025-02-07T16:12:52+00:00","og_image":[{"width":1920,"height":688,"url":"https:\/\/schultz.de\/ratgeber\/wp-content\/uploads\/2024\/11\/Screenshot-2024-11-18-at-09.49.jpg","type":"image\/jpeg"}],"author":"Nicolas Schultz","schema":{"@context":"https:\/\/schema.org","@graph":[{"@type":"Article","@id":"https:\/\/schultz.de\/ratgeber\/buerogestaltung\/#article","isPartOf":{"@id":"https:\/\/schultz.de\/ratgeber\/buerogestaltung\/"},"author":{"name":"Nicolas Schultz","@id":"https:\/\/schultz.de\/ratgeber\/#\/schema\/person\/fd10318afcbad7472f446bdd3d2a0af4"},"headline":"Moderne B\u00fcrogestaltung: Trends und kreative Ideen","datePublished":"2024-11-19T15:26:11+00:00","dateModified":"2025-02-07T16:12:52+00:00","mainEntityOfPage":{"@id":"https:\/\/schultz.de\/ratgeber\/buerogestaltung\/"},"wordCount":16527,"commentCount":0,"publisher":{"@id":"https:\/\/schultz.de\/ratgeber\/#organization"},"image":{"@id":"https:\/\/schultz.de\/ratgeber\/buerogestaltung\/#primaryimage"},"thumbnailUrl":"https:\/\/schultz.de\/ratgeber\/wp-content\/uploads\/2024\/11\/Screenshot-2024-11-18-at-09.49.webp","articleSection":["Gestaltung und Einrichtung"],"inLanguage":"de","potentialAction":[{"@type":"CommentAction","name":"Comment","target":["https:\/\/schultz.de\/ratgeber\/buerogestaltung\/#respond"]}]},{"@type":"WebPage","@id":"https:\/\/schultz.de\/ratgeber\/buerogestaltung\/","url":"https:\/\/schultz.de\/ratgeber\/buerogestaltung\/","name":"Moderne B\u00fcrogestaltung: Trends f\u00fcr ergonomische Produktivit\u00e4t","isPartOf":{"@id":"https:\/\/schultz.de\/ratgeber\/#website"},"primaryImageOfPage":{"@id":"https:\/\/schultz.de\/ratgeber\/buerogestaltung\/#primaryimage"},"image":{"@id":"https:\/\/schultz.de\/ratgeber\/buerogestaltung\/#primaryimage"},"thumbnailUrl":"https:\/\/schultz.de\/ratgeber\/wp-content\/uploads\/2024\/11\/Screenshot-2024-11-18-at-09.49.webp","datePublished":"2024-11-19T15:26:11+00:00","dateModified":"2025-02-07T16:12:52+00:00","description":"Entdecken Sie Ideen und Konzepte f\u00fcr eine kreative, flexible B\u00fcrogestaltung, die Produktivit\u00e4t und Wohlbefinden am Arbeitsplatz steigert.","breadcrumb":{"@id":"https:\/\/schultz.de\/ratgeber\/buerogestaltung\/#breadcrumb"},"inLanguage":"de","potentialAction":[{"@type":"ReadAction","target":["https:\/\/schultz.de\/ratgeber\/buerogestaltung\/"]}]},{"@type":"ImageObject","inLanguage":"de","@id":"https:\/\/schultz.de\/ratgeber\/buerogestaltung\/#primaryimage","url":"https:\/\/schultz.de\/ratgeber\/wp-content\/uploads\/2024\/11\/Screenshot-2024-11-18-at-09.49.webp","contentUrl":"https:\/\/schultz.de\/ratgeber\/wp-content\/uploads\/2024\/11\/Screenshot-2024-11-18-at-09.49.webp","width":1920,"height":688,"caption":"Moderne B\u00fcrogestaltung \u2013 aktuelle Trends und kreative Ideen f\u00fcr eine inspirierende Arbeitsumgebung"},{"@type":"BreadcrumbList","@id":"https:\/\/schultz.de\/ratgeber\/buerogestaltung\/#breadcrumb","itemListElement":[{"@type":"ListItem","position":1,"name":"Home","item":"https:\/\/schultz.de\/ratgeber\/"},{"@type":"ListItem","position":2,"name":"Moderne B\u00fcrogestaltung: Trends und kreative Ideen"}]},{"@type":"WebSite","@id":"https:\/\/schultz.de\/ratgeber\/#website","url":"https:\/\/schultz.de\/ratgeber\/","name":"SCHULTZ Ratgeber","description":"","publisher":{"@id":"https:\/\/schultz.de\/ratgeber\/#organization"},"potentialAction":[{"@type":"SearchAction","target":{"@type":"EntryPoint","urlTemplate":"https:\/\/schultz.de\/ratgeber\/?s={search_term_string}"},"query-input":{"@type":"PropertyValueSpecification","valueRequired":true,"valueName":"search_term_string"}}],"inLanguage":"de"},{"@type":"Organization","@id":"https:\/\/schultz.de\/ratgeber\/#organization","name":"SCHULTZ","url":"https:\/\/schultz.de\/ratgeber\/","logo":{"@type":"ImageObject","inLanguage":"de","@id":"https:\/\/schultz.de\/ratgeber\/#\/schema\/logo\/image\/","url":"","contentUrl":"","caption":"SCHULTZ"},"image":{"@id":"https:\/\/schultz.de\/ratgeber\/#\/schema\/logo\/image\/"},"sameAs":["https:\/\/www.facebook.com\/schultz.de\/","https:\/\/www.linkedin.com\/company\/schultz-moebel\/","https:\/\/www.instagram.com\/schultz_bueromoebel\/","https:\/\/www.youtube.com\/user\/SchultzEinrichtungen"]},{"@type":"Person","@id":"https:\/\/schultz.de\/ratgeber\/#\/schema\/person\/fd10318afcbad7472f446bdd3d2a0af4","name":"Nicolas Schultz","image":{"@type":"ImageObject","inLanguage":"de","@id":"https:\/\/schultz.de\/ratgeber\/#\/schema\/person\/image\/","url":"https:\/\/schultz.de\/ratgeber\/wp-content\/uploads\/2023\/03\/cropped-team5-white-square-96x96.png","contentUrl":"https:\/\/schultz.de\/ratgeber\/wp-content\/uploads\/2023\/03\/cropped-team5-white-square-96x96.png","caption":"Nicolas Schultz"},"description":"Gesch\u00e4ftsf\u00fchrer Durch seine Erfahrung und sein Fachwissen in der M\u00f6belbranche wei\u00df Nicolas, wie wichtig die richtige Ergonomie f\u00fcr die Gesundheit und Fitness der Menschen ist. Sein Ziel ist es, dass jeder Kunde gesund und fit bleibt und seine Arbeit oder sein Leben ohne Schmerzen und Beschwerden genie\u00dfen kann. Neben seiner Leidenschaft f\u00fcr die Arbeit als Gesch\u00e4ftsf\u00fchrer f\u00e4hrt er gerne mit dem Fahrrad durch den Wald und liebt es, neue Orte zu entdecken. Sein Interesse f\u00fcr das Reisen hat ihm wertvolle Einblicke in verschiedene Kulturen und Lebensweisen gegeben.","url":"https:\/\/schultz.de\/ratgeber\/author\/schultz-blog_admin\/"}]}},"_links":{"self":[{"href":"https:\/\/schultz.de\/ratgeber\/wp-json\/wp\/v2\/posts\/8838","targetHints":{"allow":["GET"]}}],"collection":[{"href":"https:\/\/schultz.de\/ratgeber\/wp-json\/wp\/v2\/posts"}],"about":[{"href":"https:\/\/schultz.de\/ratgeber\/wp-json\/wp\/v2\/types\/post"}],"author":[{"embeddable":true,"href":"https:\/\/schultz.de\/ratgeber\/wp-json\/wp\/v2\/users\/2"}],"replies":[{"embeddable":true,"href":"https:\/\/schultz.de\/ratgeber\/wp-json\/wp\/v2\/comments?post=8838"}],"version-history":[{"count":5,"href":"https:\/\/schultz.de\/ratgeber\/wp-json\/wp\/v2\/posts\/8838\/revisions"}],"predecessor-version":[{"id":9577,"href":"https:\/\/schultz.de\/ratgeber\/wp-json\/wp\/v2\/posts\/8838\/revisions\/9577"}],"wp:featuredmedia":[{"embeddable":true,"href":"https:\/\/schultz.de\/ratgeber\/wp-json\/wp\/v2\/media\/8839"}],"wp:attachment":[{"href":"https:\/\/schultz.de\/ratgeber\/wp-json\/wp\/v2\/media?parent=8838"}],"wp:term":[{"taxonomy":"category","embeddable":true,"href":"https:\/\/schultz.de\/ratgeber\/wp-json\/wp\/v2\/categories?post=8838"},{"taxonomy":"post_tag","embeddable":true,"href":"https:\/\/schultz.de\/ratgeber\/wp-json\/wp\/v2\/tags?post=8838"}],"curies":[{"name":"wp","href":"https:\/\/api.w.org\/{rel}","templated":true}]}}