{"id":7485,"date":"2024-03-13T13:08:38","date_gmt":"2024-03-13T12:08:38","guid":{"rendered":"https:\/\/schultz.de\/ratgeber\/?p=7485"},"modified":"2024-03-27T05:02:24","modified_gmt":"2024-03-27T04:02:24","slug":"pausenraum-gestalten","status":"publish","type":"post","link":"https:\/\/schultz.de\/ratgeber\/pausenraum-gestalten\/","title":{"rendered":"Pausenraum gestalten: So schaffen Sie ein angenehmes Ambiente"},"content":{"rendered":"<p><div class=\"fusion-fullwidth fullwidth-box fusion-builder-row-1 fusion-flex-container has-pattern-background has-mask-background nonhundred-percent-fullwidth non-hundred-percent-height-scrolling\" style=\"--awb-border-sizes-top:0px;--awb-border-sizes-bottom:0px;--awb-border-sizes-left:0px;--awb-border-sizes-right:0px;--awb-border-radius-top-left:0px;--awb-border-radius-top-right:0px;--awb-border-radius-bottom-right:0px;--awb-border-radius-bottom-left:0px;--awb-padding-top:40px;--awb-padding-right:40px;--awb-padding-left:40px;--awb-background-color:var(--awb-color1);--awb-flex-wrap:wrap;\" ><div class=\"fusion-builder-row fusion-row fusion-flex-align-items-flex-start fusion-flex-content-wrap\" style=\"max-width:1248px;margin-left: calc(-4% \/ 2 );margin-right: calc(-4% \/ 2 );\"><div class=\"fusion-layout-column fusion_builder_column fusion-builder-column-0 fusion_builder_column_1_2 1_2 fusion-flex-column\" style=\"--awb-bg-color:rgba(255,255,255,0);--awb-bg-color-hover:rgba(255,255,255,0);--awb-bg-size:cover;--awb-border-color:var(--awb-color5);--awb-border-top:0px;--awb-border-style:solid;--awb-width-large:50%;--awb-margin-top-large:0px;--awb-spacing-right-large:3.84%;--awb-margin-bottom-large:20px;--awb-spacing-left-large:3.84%;--awb-width-medium:100%;--awb-order-medium:0;--awb-spacing-right-medium:1.92%;--awb-spacing-left-medium:1.92%;--awb-width-small:100%;--awb-order-small:0;--awb-spacing-right-small:1.92%;--awb-spacing-left-small:1.92%;\"><div class=\"fusion-column-wrapper fusion-column-has-shadow fusion-flex-justify-content-flex-start fusion-content-layout-column\"><div class=\"fusion-text fusion-text-1\" style=\"--awb-font-size:var(--awb-typography2-font-size);--awb-line-height:var(--awb-typography2-line-height);--awb-letter-spacing:var(--awb-typography2-letter-spacing);--awb-text-transform:none;--awb-text-font-family:var(--awb-typography2-font-family);--awb-text-font-weight:var(--awb-typography2-font-weight);--awb-text-font-style:var(--awb-typography2-font-style);\"><p>Im Pausenraum kommen Mitarbeiter zusammen, um sich in ihrer Pause zu erholen, zu entspannen und privat auszutauschen. Das ist essenziell f\u00fcr eine kreative und produktive Arbeitsleistung und ein gutes Arbeitsklima.<\/p>\n<\/div><\/div><\/div><div class=\"fusion-layout-column fusion_builder_column fusion-builder-column-1 fusion_builder_column_1_2 1_2 fusion-flex-column\" style=\"--awb-padding-top:20px;--awb-padding-right:20px;--awb-padding-bottom:20px;--awb-padding-left:20px;--awb-bg-color:var(--awb-color3);--awb-bg-color-hover:var(--awb-color3);--awb-bg-size:cover;--awb-border-color:var(--awb-color5);--awb-border-top:0px;--awb-border-style:solid;--awb-width-large:50%;--awb-margin-top-large:0px;--awb-spacing-right-large:3.84%;--awb-margin-bottom-large:20px;--awb-spacing-left-large:3.84%;--awb-width-medium:100%;--awb-order-medium:0;--awb-spacing-right-medium:1.92%;--awb-spacing-left-medium:1.92%;--awb-width-small:100%;--awb-order-small:0;--awb-spacing-right-small:1.92%;--awb-spacing-left-small:1.92%;\" data-scroll-devices=\"small-visibility,medium-visibility,large-visibility\"><div class=\"fusion-column-wrapper fusion-column-has-shadow fusion-flex-justify-content-flex-start fusion-content-layout-column\"><div class=\"fusion-text fusion-text-2 fusion-text-no-margin\" style=\"--awb-font-size:20px;--awb-text-transform:uppercase;--awb-text-color:var(--awb-color7);--awb-margin-bottom:10px;\"><p><strong>Inhaltsverzeichnis<\/strong><\/p>\n<\/div><div class=\"awb-toc-el awb-toc-el--1\" data-awb-toc-id=\"1\" data-awb-toc-options=\"{&quot;allowed_heading_tags&quot;:{&quot;h2&quot;:0},&quot;ignore_headings&quot;:&quot;.related-posts h2,#reply-title, ul h4&quot;,&quot;ignore_headings_words&quot;:&quot;Produktdesign|10 Euro Gutschein sichern&quot;,&quot;enable_cache&quot;:&quot;yes&quot;,&quot;highlight_current_heading&quot;:&quot;no&quot;,&quot;hide_hidden_titles&quot;:&quot;yes&quot;,&quot;limit_container&quot;:&quot;all&quot;,&quot;select_custom_headings&quot;:&quot;&quot;,&quot;icon&quot;:&quot;fa-flag fas&quot;,&quot;counter_type&quot;:&quot;decimal&quot;}\" style=\"--awb-item-color:var(--awb-color6);--awb-list-indent:1em;--awb-counter-type:counters(awb-toc, &quot;.&quot;, decimal) &quot;. &quot;;--awb-item-overflow:hidden;--awb-item-white-space:nowrap;--awb-item-text-overflow:ellipsis;\"><div class=\"awb-toc-el__content\"><ul class=\"awb-toc-el__list awb-toc-el__list--0\"><li class=\"awb-toc-el__list-item\"><a class=\"awb-toc-el__item-anchor\" href=\"#toc_Wie_sieht_ein_gut_gestalteter_Pausenraum_aus\">Wie sieht ein gut gestalteter Pausenraum aus?<\/a><\/li><li class=\"awb-toc-el__list-item\"><a class=\"awb-toc-el__item-anchor\" href=\"#toc_Pausenraum_gestalten_Konzept_und_Design\">Pausenraum gestalten: Konzept und Design<\/a><\/li><li class=\"awb-toc-el__list-item\"><a class=\"awb-toc-el__item-anchor\" href=\"#toc_Pausenraum_einrichten_Einrichtung_und_Moblierung\">Pausenraum einrichten: Einrichtung und M\u00f6blierung<\/a><\/li><li class=\"awb-toc-el__list-item\"><a class=\"awb-toc-el__item-anchor\" href=\"#toc_Aufenthaltsraum_gestalten_Funktionalitat_und_Ausstattung\">Aufenthaltsraum gestalten: Funktionalit\u00e4t und Ausstattung<\/a><\/li><li class=\"awb-toc-el__list-item\"><a class=\"awb-toc-el__item-anchor\" href=\"#toc_Pausenraum_gestalten_So_fuhlt_sich_jeder_Mitarbeiter_wohl\">Pausenraum gestalten: So f\u00fchlt sich jeder Mitarbeiter wohl<\/a><\/li><li class=\"awb-toc-el__list-item\"><a class=\"awb-toc-el__item-anchor\" href=\"#toc_FAQ_Haufig_gestellte_Fragen_zur_Gestaltung_des_Pausenraums\">FAQ: H\u00e4ufig gestellte Fragen zur Gestaltung des Pausenraums<\/a><\/li><li class=\"awb-toc-el__list-item\"><a class=\"awb-toc-el__item-anchor\" href=\"#toc_Quellen\">Quellen<\/a><\/li><\/ul><\/div><\/div><\/div><\/div>\n<div class=\"fusion-layout-column fusion_builder_column fusion-builder-column-2 fusion_builder_column_1_4 1_4 fusion-flex-column fusion-flex-align-self-stretch meta-box fusion-animated\" style=\"--awb-bg-blend:overlay;--awb-bg-size:cover;--awb-box-shadow:5px 0px 8px 0px hsla(var(--awb-color8-h),var(--awb-color8-s),calc( var(--awb-color8-l) - 9% ),calc( var(--awb-color8-a) - 95% ));;--awb-border-color:var(--awb-color5);--awb-border-top:2px;--awb-border-style:solid;--awb-width-large:25%;--awb-margin-top-large:25px;--awb-spacing-right-large:5.76%;--awb-margin-bottom-large:20px;--awb-spacing-left-large:7.68%;--awb-width-medium:50%;--awb-order-medium:0;--awb-spacing-right-medium:2.88%;--awb-spacing-left-medium:3.84%;--awb-width-small:100%;--awb-order-small:0;--awb-spacing-right-small:1.92%;--awb-spacing-left-small:1.92%;\" data-animationType=\"fadeInUp\" data-animationDuration=\"1.0\" data-animationOffset=\"top-into-view\"><div class=\"fusion-column-wrapper fusion-column-has-shadow fusion-flex-justify-content-flex-start fusion-content-layout-column\"><div class=\"fusion-text fusion-text-3 fusion-text-no-margin\" style=\"--awb-content-alignment:center;--awb-font-size:20px;--awb-text-transform:uppercase;--awb-text-color:var(--awb-color7);--awb-margin-top:20px;\"><p><strong>Autor<\/strong><\/p>\n<\/div><div class=\"fusion-text fusion-text-4\" style=\"--awb-content-alignment:center;--awb-margin-top:5px;\"><p>Nicolas Schultz<\/p>\n<\/div><\/div><\/div>\n<div class=\"fusion-layout-column fusion_builder_column fusion-builder-column-3 fusion_builder_column_1_4 1_4 fusion-flex-column fusion-flex-align-self-stretch meta-box fusion-animated\" style=\"--awb-bg-blend:overlay;--awb-bg-size:cover;--awb-box-shadow:5px 0px 8px 0px hsla(var(--awb-color8-h),var(--awb-color8-s),calc( var(--awb-color8-l) - 9% ),calc( var(--awb-color8-a) - 95% ));;--awb-border-color:var(--awb-color5);--awb-border-top:2px;--awb-border-style:solid;--awb-width-large:25%;--awb-margin-top-large:25px;--awb-spacing-right-large:5.76%;--awb-margin-bottom-large:20px;--awb-spacing-left-large:5.76%;--awb-width-medium:50%;--awb-order-medium:0;--awb-spacing-right-medium:2.88%;--awb-spacing-left-medium:2.88%;--awb-width-small:100%;--awb-order-small:0;--awb-margin-top-small:0;--awb-spacing-right-small:1.92%;--awb-spacing-left-small:1.92%;\" data-animationType=\"fadeInUp\" data-animationDuration=\"1.5\" data-animationOffset=\"top-into-view\"><div class=\"fusion-column-wrapper fusion-column-has-shadow fusion-flex-justify-content-flex-start fusion-content-layout-column\"><div class=\"fusion-text fusion-text-5 fusion-text-no-margin\" style=\"--awb-content-alignment:center;--awb-font-size:20px;--awb-text-transform:uppercase;--awb-text-color:var(--awb-color7);--awb-margin-top:20px;\"><p><strong>Kategorie<\/strong><\/p>\n<\/div><div class=\"fusion-text fusion-text-6\" style=\"--awb-content-alignment:center;--awb-margin-top:5px;\"><\/div><\/div><\/div>\n<div class=\"fusion-layout-column fusion_builder_column fusion-builder-column-4 fusion_builder_column_1_4 1_4 fusion-flex-column fusion-flex-align-self-stretch meta-box fusion-animated\" style=\"--awb-bg-blend:overlay;--awb-bg-size:cover;--awb-box-shadow:5px 0px 8px 0px hsla(var(--awb-color8-h),var(--awb-color8-s),calc( var(--awb-color8-l) - 9% ),calc( var(--awb-color8-a) - 95% ));;--awb-border-color:var(--awb-color5);--awb-border-top:2px;--awb-border-style:solid;--awb-width-large:25%;--awb-margin-top-large:25px;--awb-spacing-right-large:5.76%;--awb-margin-bottom-large:20px;--awb-spacing-left-large:5.76%;--awb-width-medium:50%;--awb-order-medium:0;--awb-spacing-right-medium:2.88%;--awb-spacing-left-medium:2.88%;--awb-width-small:100%;--awb-order-small:0;--awb-margin-top-small:0;--awb-spacing-right-small:1.92%;--awb-spacing-left-small:1.92%;\" data-animationType=\"fadeInUp\" data-animationDuration=\"2.0\" data-animationOffset=\"top-into-view\"><div class=\"fusion-column-wrapper fusion-column-has-shadow fusion-flex-justify-content-flex-start fusion-content-layout-column\"><div class=\"fusion-text fusion-text-7 fusion-text-no-margin\" style=\"--awb-content-alignment:center;--awb-font-size:20px;--awb-text-transform:uppercase;--awb-text-color:var(--awb-color7);--awb-margin-top:20px;\"><p><strong>Aktualisiert<\/strong><\/p>\n<\/div><div class=\"fusion-text fusion-text-8\" style=\"--awb-content-alignment:center;--awb-margin-top:5px;\"><p>27. M\u00e4rz 2024<\/p>\n<\/div><\/div><\/div>\n<div class=\"fusion-layout-column fusion_builder_column fusion-builder-column-5 fusion_builder_column_1_4 1_4 fusion-flex-column fusion-flex-align-self-stretch meta-box fusion-animated\" style=\"--awb-padding-bottom:15px;--awb-bg-blend:overlay;--awb-bg-size:cover;--awb-box-shadow:5px 0px 8px 0px hsla(var(--awb-color8-h),var(--awb-color8-s),calc( var(--awb-color8-l) - 9% ),calc( var(--awb-color8-a) - 95% ));;--awb-border-color:var(--awb-color5);--awb-border-top:2px;--awb-border-style:solid;--awb-width-large:25%;--awb-margin-top-large:25px;--awb-spacing-right-large:7.68%;--awb-margin-bottom-large:20px;--awb-spacing-left-large:5.76%;--awb-width-medium:50%;--awb-order-medium:0;--awb-spacing-right-medium:3.84%;--awb-spacing-left-medium:2.88%;--awb-width-small:100%;--awb-order-small:0;--awb-margin-top-small:0;--awb-spacing-right-small:1.92%;--awb-spacing-left-small:1.92%;\" data-animationType=\"fadeInUp\" data-animationDuration=\"2.5\" data-animationOffset=\"top-into-view\"><div class=\"fusion-column-wrapper fusion-column-has-shadow fusion-flex-justify-content-flex-start fusion-content-layout-column\"><div class=\"fusion-text fusion-text-9 fusion-text-no-margin\" style=\"--awb-content-alignment:center;--awb-font-size:20px;--awb-text-transform:uppercase;--awb-text-color:var(--awb-color7);--awb-margin-top:20px;\"><p><strong>Teilen<br \/>\n<\/strong><\/p>\n<\/div><div class=\"fusion-sharing-box fusion-sharing-box-1 hh-social-sharing\" style=\"background-color:var(--awb-color1);border-color:#cccccc;--awb-margin-top:0px;--awb-margin-right:0px;--awb-margin-bottom:0px;--awb-margin-left:0px;--awb-separator-border-color:#cccccc;--awb-separator-border-sizes:0px;--awb-alignment:center;--awb-layout:row;--awb-alignment-small:space-between;--awb-stacked-align-small:center;\" data-title=\"Pausenraum gestalten: So schaffen Sie ein angenehmes Ambiente\" data-description=\"Im Pausenraum kommen Mitarbeiter zusammen, um sich in ihrer Pause zu erholen, zu entspannen und privat auszutauschen. Das ist essenziell f\u00fcr eine kreative und produktive Arbeitsleistung und ein gutes Arbeitsklima.     Doch wie sollte ein solcher Raum aussehen, damit er allen Mitarbeitern eine angenehme\" data-link=\"https:\/\/schultz.de\/ratgeber\/pausenraum-gestalten\/\"><div class=\"fusion-social-networks sharingbox-shortcode-icon-wrapper sharingbox-shortcode-icon-wrapper-1\"><span><a href=\"https:\/\/www.facebook.com\/sharer.php?u=https%3A%2F%2Fschultz.de%2Fratgeber%2Fpausenraum-gestalten%2F&amp;t=Pausenraum%20gestalten%3A%20So%20schaffen%20Sie%20ein%20angenehmes%20Ambiente\" target=\"_blank\" rel=\"noreferrer\" title=\"Facebook\" aria-label=\"Facebook\" data-placement=\"bottom\" data-toggle=\"tooltip\" data-title=\"Facebook\"><i class=\"fusion-social-network-icon fusion-tooltip fusion-facebook awb-icon-facebook\" style=\"color:var(--awb-color6);\" aria-hidden=\"true\"><\/i><\/a><\/span><span><a href=\"https:\/\/x.com\/intent\/post?text=Pausenraum%20gestalten%3A%20So%20schaffen%20Sie%20ein%20angenehmes%20Ambiente&amp;url=https%3A%2F%2Fschultz.de%2Fratgeber%2Fpausenraum-gestalten%2F\" target=\"_blank\" rel=\"noopener noreferrer\" title=\"X\" aria-label=\"X\" data-placement=\"bottom\" data-toggle=\"tooltip\" data-title=\"X\"><i class=\"fusion-social-network-icon fusion-tooltip fusion-twitter awb-icon-twitter\" style=\"color:var(--awb-color6);\" aria-hidden=\"true\"><\/i><\/a><\/span><span><a href=\"https:\/\/www.linkedin.com\/shareArticle?mini=true&amp;url=https%3A%2F%2Fschultz.de%2Fratgeber%2Fpausenraum-gestalten%2F&amp;title=Pausenraum%20gestalten%3A%20So%20schaffen%20Sie%20ein%20angenehmes%20Ambiente&amp;summary=Im%20Pausenraum%20kommen%20Mitarbeiter%20zusammen%2C%20um%20sich%20in%20ihrer%20Pause%20zu%20erholen%2C%20zu%20entspannen%20und%20privat%20auszutauschen.%20Das%20ist%20essenziell%20f%C3%BCr%20eine%20kreative%20und%20produktive%20Arbeitsleistung%20und%20ein%20gutes%20Arbeitsklima.%20%20%20%20%20%20%20%20%20Doch%20wie%20sollte%20ein%20solcher%20Raum%20aussehen%2C%20damit%20er%20allen%20Mitarbeitern%20eine%20angenehme\" target=\"_blank\" rel=\"noopener noreferrer\" title=\"LinkedIn\" aria-label=\"LinkedIn\" data-placement=\"bottom\" data-toggle=\"tooltip\" data-title=\"LinkedIn\"><i class=\"fusion-social-network-icon fusion-tooltip fusion-linkedin awb-icon-linkedin\" style=\"color:var(--awb-color6);\" aria-hidden=\"true\"><\/i><\/a><\/span><span><a href=\"https:\/\/www.xing.com\/social_plugins\/share\/new?sc_p=xing-share&amp;h=1&amp;url=https%3A%2F%2Fschultz.de%2Fratgeber%2Fpausenraum-gestalten%2F\" target=\"_blank\" rel=\"noopener noreferrer\" title=\"Xing\" aria-label=\"Xing\" data-placement=\"bottom\" data-toggle=\"tooltip\" data-title=\"Xing\"><i class=\"fusion-social-network-icon fusion-tooltip fusion-xing awb-icon-xing\" style=\"color:var(--awb-color6);\" aria-hidden=\"true\"><\/i><\/a><\/span><\/div><\/div><\/div><\/div>\n<\/div><\/div><div class=\"fusion-fullwidth fullwidth-box fusion-builder-row-2 fusion-flex-container has-pattern-background has-mask-background nonhundred-percent-fullwidth non-hundred-percent-height-scrolling\" style=\"--awb-border-radius-top-left:0px;--awb-border-radius-top-right:0px;--awb-border-radius-bottom-right:0px;--awb-border-radius-bottom-left:0px;--awb-padding-top:40px;--awb-padding-bottom:40px;--awb-background-color:var(--awb-color1);--awb-flex-wrap:wrap;\" ><div class=\"fusion-builder-row fusion-row fusion-flex-align-items-flex-start fusion-flex-justify-content-center fusion-flex-content-wrap\" style=\"max-width:1248px;margin-left: calc(-4% \/ 2 );margin-right: calc(-4% \/ 2 );\"><div class=\"fusion-layout-column fusion_builder_column fusion-builder-column-6 fusion_builder_column_2_3 2_3 fusion-flex-column\" style=\"--awb-bg-blend:overlay;--awb-bg-size:cover;--awb-width-large:66.666666666667%;--awb-margin-top-large:0px;--awb-spacing-right-large:2.88%;--awb-margin-bottom-large:25px;--awb-spacing-left-large:2.88%;--awb-width-medium:100%;--awb-spacing-right-medium:1.92%;--awb-spacing-left-medium:1.92%;--awb-width-small:100%;--awb-spacing-right-small:1.92%;--awb-spacing-left-small:1.92%;\"><div class=\"fusion-column-wrapper fusion-column-has-shadow fusion-flex-justify-content-flex-start fusion-content-layout-column\"><div class=\"fusion-text fusion-text-10\"><p><span class=\"fusion-dropcap dropcap\"><span style=\"font-weight: 400;\">D<\/span><\/span><span style=\"font-weight: 400;\">och wie sollte ein solcher Raum aussehen, damit er allen Mitarbeitern eine angenehme Atmosph\u00e4re bietet? Wir zeigen Ihnen die besten Gestaltungsoptionen und M\u00f6belst\u00fccke f\u00fcr Ihren Pausenraum.<\/span><\/p>\n<\/div><div class=\"fusion-separator fusion-full-width-sep\" style=\"align-self: center;margin-left: auto;margin-right: auto;margin-top:20px;width:100%;\"><\/div><div class=\"fusion-title title fusion-title-1 fusion-sep-none fusion-title-text fusion-title-size-two\"><h2 class=\"fusion-title-heading title-heading-left fusion-responsive-typography-calculated\" style=\"margin:0;--fontSize:53;line-height:1.1;\">Wie sieht ein gut gestalteter Pausenraum aus?<\/h2><\/div><div class=\"fusion-text fusion-text-11\"><p>Der Gesetzgeber verlangt nicht nur, dass Arbeitnehmer nach einer Arbeitszeit von 6 Stunden 30 Minuten Pause machen, er regelt auch, <a href=\"https:\/\/www.arbeitsrechte.de\/pausenraum\" target=\"_blank\" rel=\"noopener\">wie ein Pausenraum auszusehen hat<\/a>. Doch welche Anforderungen gibt es zu beachten?<\/p>\n<p>Die Arbeitsst\u00e4ttenverordnung der Bundesanstalt f\u00fcr Arbeitsschutz und Arbeitsmedizin schreibt vor, dass Mitarbeitern ein Raum f\u00fcr Pausen zur Verf\u00fcgung stehen muss, der f\u00fcr diese Zeit frei von arbeitsbedingten St\u00f6rungen ist. Ist dies im B\u00fcroraum selbst nicht gegeben, ist ein gesonderter Aufenthaltsraum notwendig, der diese bewusste Auszeit von der Arbeit erm\u00f6glicht.<\/p>\n<p>Der Pausenraum sollte einfach und zu Fu\u00df unter 5 Minuten erreichbar sein und eine ausreichende Gr\u00f6\u00dfe aufweisen. Seine Fl\u00e4che muss mindestens 6 Quadratmetern plus einen zus\u00e4tzlichen Quadratmeter pro Besch\u00e4ftigtem betragen.<\/p>\n<p>Au\u00dferdem m\u00fcssen Unternehmen f\u00fcr einfach zu reinigende Tische und Sitzgelegenheiten sorgen. Diese sollten mit einer R\u00fcckenlehne ausgestattet sein, um bequemes und ergonomisches Sitzen zu erm\u00f6glichen. Eine klare Trennung von der Arbeitsst\u00e4tte ist besonders bei Berufen, bei denen L\u00e4rm entsteht, essenziell.<\/p>\n<p>Neben diesen gesetzlichen Vorgaben sollten Sie auch darauf achten, dass Aufenthaltsr\u00e4ume gut beleuchtet und bel\u00fcftet sind und \u00fcber ausreichend Fenster verf\u00fcgen. Um die Regeneration und Gesundheit der Mitarbeiter am Arbeitsplatz zu f\u00f6rdern, sollte ein guter Pausenraum dar\u00fcber hinaus zur Bewegung anregen. <a href=\"https:\/\/www.tk.de\/techniker\/magazin\/life-balance\/balance-im-job\/bewegte-pause-2103828\" target=\"_blank\" rel=\"noopener\">Bewegte Pausen<\/a> sind ein wichtiger Bestandteil eines gesunden Arbeitsalltags.<\/p>\n<\/div><div class=\"fusion-title title fusion-title-2 fusion-sep-none fusion-title-text fusion-title-size-two\"><h2 class=\"fusion-title-heading title-heading-left fusion-responsive-typography-calculated\" style=\"margin:0;--fontSize:53;line-height:1.1;\">Pausenraum gestalten: Konzept und Design<\/h2><\/div><div class=\"fusion-text fusion-text-12\"><p>Neben den genannten Anforderungen, die f\u00fcr die Gesundheit der Angestellten notwendig sind, gilt es, weitere Entscheidungen bez\u00fcglich der Raumaufteilung und des Designs von Aufenthaltsr\u00e4umen zu f\u00e4llen. Am besten setzen Sie sich hierf\u00fcr mit den Mitarbeitern zusammen und ber\u00fccksichtigen deren W\u00fcnsche und Vorstellungen bei der Planung.<\/p>\n<p>Unternehmen k\u00f6nnen zu diesem Zweck Mitarbeiterumfragen und Feedbacksitzungen durchf\u00fchren. Das hilft nicht nur dabei, den Raum optimal einzurichten, sondern zeugt auch von Wertsch\u00e4tzung und kann das Klima im Unternehmen verbessern. Folgende Fragen k\u00f6nnen dabei helfen, herauszufinden, was Ihren Mitarbeitern bei der Einrichtung dieses Raums wichtig ist:<\/p>\n<ul>\n<li>Was braucht ein Raum, indem Mitarbeiter gemeinsam Pause machen, um Ihnen ein hohes Ma\u00df an Erholung zu bieten?<\/li>\n<li>Welche Funktionen sollte der Aufenthaltsraum f\u00fcr Sie erf\u00fcllen?<\/li>\n<li>Gibt es Verbesserungsvorschl\u00e4ge hinsichtlich des Pausenraums?<\/li>\n<li>Was halten Sie von \u2026 im Pausenraum?<\/li>\n<\/ul>\n<h3>Ber\u00fccksichtigung von Raum und Budget<\/h3>\n<p>Bei der Einrichtung und Gestaltung von Pausen- und Aufenthaltsr\u00e4umen m\u00fcssen Sie selbstverst\u00e4ndlich Ihr Budget im Blick behalten. \u00dcberdies hinaus bietet jeder Raum andere M\u00f6glichkeiten, sodass Sie die Einrichtung eines Pausenraums an die individuellen Ma\u00dfe und den Schnitt anpassen sollten.<\/p>\n<h4>Optimale Raumaufteilung f\u00fcr Effizienz und Komfort<\/h4>\n<p>Je nachdem, wie viel Platz Ihnen zur Verf\u00fcgung steht, ist eine andere Raumaufteilung m\u00f6glich. Wichtig ist, den Raum m\u00f6glichst angenehm zu gestalten. Es sollte nicht der Eindruck einer unbequemen Kantine entstehen.<\/p>\n<p>Zu diesem Zweck k\u00f6nnen Sie kleinere und gr\u00f6\u00dfere Tische kombinieren. Dadurch vermeiden Sie starre Sitzgruppierungen, was Mitarbeiter in der Regel gut aufnehmen. Nicht jeder m\u00f6chte immer in einer Gruppe sitzen, sondern die Pause auch einmal allein genie\u00dfen. Nat\u00fcrlich sollten Sie aber auch Sitzm\u00f6glichkeiten f\u00fcr Gruppen einrichten. Das erm\u00f6glicht einen lockeren Austausch, st\u00e4rkt den Teamgeist und das Betriebsklima.<\/p>\n<p>Ber\u00fccksichtigen Sie au\u00dferdem die richtige Farbwahl. Gem\u00e4\u00df der Farbpsychologie haben verschiedene Farben einen <a href=\"https:\/\/www.tk.de\/techniker\/magazin\/life-balance\/balance-im-job\/bewegte-pause-2103828\" target=\"_blank\" rel=\"noopener\">unterschiedlichen Einfluss<\/a> auf das menschliche Empfinden. Blau vermittelt Entspannung und Ruhe, w\u00e4hrend Gelb und Orange fr\u00f6hlich wirken und die Stimmung heben. Auch Gr\u00fcn ist ein Klassiker f\u00fcr Aufenthaltsr\u00e4ume, da es die Kreativit\u00e4t und Entspannung anregt.<\/p>\n<p>Viele Unternehmen setzen \u00fcberdies auf eine Gem\u00fcse- und Obsttheke. Damit f\u00f6rdern Sie die gesunde und bewusste Ern\u00e4hrung Ihrer Mitarbeiter. Sie sollten sich frei bedienen k\u00f6nnen, um wichtige N\u00e4hrstoffe aufzunehmen.<\/p>\n<h4>Beleuchtungskonzepte f\u00fcr den Pausenraum<\/h4>\n<p>Gem\u00e4\u00df der <a href=\"https:\/\/www.baua.de\/DE\/Angebote\/Regelwerk\/ASR\/ASR-A4-2.html\" target=\"_blank\" rel=\"noopener\">Arbeitsst\u00e4ttenverordnung<\/a> ist ein Pausenraum ohne nat\u00fcrliches Licht nicht zul\u00e4ssig. Zudem sollte durch Fenster o. \u00c4. eine Sichtverbindung nach au\u00dfen bestehen. Wenn das Tageslicht allerdings nicht ausreicht, um den Raum entsprechend zu beleuchten, kann zus\u00e4tzlich eine k\u00fcnstliche Beleuchtung zum Einsatz kommen. Es darf kein Sicherheitsrisiko aufgrund einer zu schwachen Beleuchtung entstehen. Zudem kann eine <a href=\"https:\/\/schultz.de\/ratgeber\/ergonomische-beleuchtung\/\">schlechte Beleuchtung die allgemeine Gesundheit<\/a> und vor allem die der Augen beeintr\u00e4chtigen.<\/p>\n<\/div><\/div><\/div><div class=\"fusion-layout-column fusion_builder_column fusion-builder-column-7 fusion_builder_column_2_3 2_3 fusion-flex-column\" style=\"--awb-bg-blend:overlay;--awb-bg-size:cover;--awb-width-large:66.666666666667%;--awb-margin-top-large:0px;--awb-spacing-right-large:2.88%;--awb-margin-bottom-large:20px;--awb-spacing-left-large:2.88%;--awb-width-medium:100%;--awb-order-medium:0;--awb-spacing-right-medium:1.92%;--awb-spacing-left-medium:1.92%;--awb-width-small:100%;--awb-order-small:0;--awb-spacing-right-small:1.92%;--awb-spacing-left-small:1.92%;\"><div class=\"fusion-column-wrapper fusion-column-has-shadow fusion-flex-justify-content-flex-start fusion-content-layout-column\"><div class=\"fusion-title title fusion-title-3 fusion-sep-none fusion-title-text fusion-title-size-two\"><h2 class=\"fusion-title-heading title-heading-left fusion-responsive-typography-calculated\" style=\"margin:0;--fontSize:53;line-height:1.1;\">Pausenraum einrichten: Einrichtung und M\u00f6blierung<\/h2><\/div><div class=\"fusion-text fusion-text-13\"><p>In Pausen- und Aufenthaltsr\u00e4umen d\u00fcrfen selbstverst\u00e4ndlich auch die passenden M\u00f6bel nicht fehlen. Gefragt sind hochwertige und ergonomische M\u00f6belst\u00fccke. Diese haben einen besonders positiven Einfluss auf die Regeneration der Mitarbeiter. Betrachten Sie hochwertige Einrichtungsgegenst\u00e4nde als Wertanlage: Wenn Sie sich f\u00fcr eine hohe Qualit\u00e4t entscheiden, haben Sie lange etwas davon.<\/p>\n<h3>Tische f\u00fcr den Pausenraum<\/h3>\n<p>Nat\u00fcrlich d\u00fcrfen Tische im Pausenraum nicht fehlen. Hier k\u00f6nnen Sie aus einer Bandbreite an M\u00f6glichkeiten w\u00e4hlen. Mit einem Modell wie dem <a href=\"https:\/\/schultz.de\/produkt\/mehrzwecktisch-mit-eckigen-beinen\">Mehrzwecktisch mit eckigen Beinen<\/a> schaffen Sie viele Sitzm\u00f6glichkeiten. Sie k\u00f6nnen Ihre Aufenthaltsr\u00e4ume aber auch mit <a href=\"https:\/\/schultz.de\/besprechungstische\">Besprechungstischen<\/a> ausstatten. Ein <a href=\"https:\/\/schultz.de\/klapptische\">Klapptisch<\/a> hingegen l\u00e4sst sich bei Bedarf platzsparend verstauen und eignet sich dadurch besonders f\u00fcr kleine R\u00e4ume.<\/p>\n<p>Auch Stehtische bieten eine hervorragende M\u00f6glichkeit im Pausenraum. Vor allem dann, wenn Mitarbeiter w\u00e4hrend der Arbeit lange sitzen, schafft ein Modell wie das <a href=\"https:\/\/schultz.de\/produkt\/stehtisch-cafe-80\">Stehtisch Cafe 80<\/a> den idealen Ausgleich. Immerhin ist es f\u00fcr die Gesundheit der Mitarbeiter wichtig,<a href=\"https:\/\/schultz.de\/ratgeber\/dynamischer-arbeitsstil\/\"> zwischen Sitzen und Stehen zu wechseln<\/a>.<\/p>\n<h3>St\u00fchle f\u00fcr den Pausenraum<\/h3>\n<p>Wer seine Pause zumindest hin und wieder auch sitzend verbringen m\u00f6chte, sollte im Pausenraum die passende <a href=\"https:\/\/schultz.de\/sitzmoebel\">Sitzm\u00f6glichkeit<\/a> vorfinden. Besonders bequem und komfortabel sind Polsterst\u00fchle. Der <a href=\"https:\/\/schultz.de\/produkt\/kunstlederstuhl-11pepk-iso-ergo-11pepklgh\">Kunstlederstuhl 11PEPK ISO Ergo<\/a> beispielsweise sorgt f\u00fcr eine hohe Ergonomie und ist sehr pflegeleicht. Angenehmes Sitzen bietet jedoch auch der <a href=\"https:\/\/schultz.de\/produkt\/polsterstuhl-11p-iso-11pbl\">Polsterstuhl 11P ISO<\/a> dank seiner Polsterung aus Textil.<\/p>\n<p>Wenn Sie einen recht kleinen Pausenraum einrichten m\u00f6chten, sind platzsparende L\u00f6sungen angesagt. Stapelst\u00fchle wie der <a href=\"https:\/\/schultz.de\/produkt\/formschalenstuhl-11nb-beta-11nbr\">Formschalenstuhl 11NB Beta<\/a> oder der<a href=\"https:\/\/schultz.de\/produkt\/armlehnenstuhl-11paf-iso-11pafsw\"> Armlehnenstuhl 11PAF ISO<\/a> lassen sich nach Verwendung einfach \u00fcbereinander gestapelt verstauen.<\/p>\n<p>Eine beliebte Wahl f\u00fcr die Gestaltung von Aufenthaltsr\u00e4umen sind auch Freischwinger. Solche Modelle bestechen mit einem angenehmen Sitzkomfort, da sie <a href=\"https:\/\/schultz.de\/ratgeber\/dynamisches-sitzen\/\">dynamisches Sitzen<\/a> f\u00f6rdern. Produkte wie der <a href=\"https:\/\/schultz.de\/produkt\/freischwinger-11pef-iso\">Freischwinger 11PEF ISO<\/a> sind zudem angenehm gepolstert.<\/p>\n<h3>Sitzhocker<\/h3>\n<p>Sie k\u00f6nnen auch Sitzhocker einsetzen, um f\u00fcr eine passende Sitzgelegenheit zu sorgen. Modelle ohne R\u00fcckenlehne wie der <a href=\"https:\/\/schultz.de\/produkt\/sitzhocker-funghi\">Sitzhocker Funghi<\/a> k\u00f6nnen die R\u00fcckenmuskulatur st\u00e4rken, indem sie eine <a href=\"https:\/\/www.agr-ev.de\/de\/blog\/rueckengerechte-arbeitsplatz\/der-wackelhocker-fuer-einen-starken-ruecken\" target=\"_blank\" rel=\"noopener\">aktive, aufrechte Sitzhaltung f\u00f6rdern<\/a>.<\/p>\n<h3>Sitzball<\/h3>\n<p>Sitzb\u00e4lle wie der <a href=\"https:\/\/schultz.de\/produkt\/dotto-sitzball\">Dotto Sitzball<\/a> oder der <a href=\"https:\/\/schultz.de\/produkt\/sitzball-vluv-stov-11avski65\">Sitzball Vluv STOV<\/a> f\u00f6rdern ebenfalls aktives Sitzen und sind daher <a href=\"https:\/\/www.generali.de\/journal\/ergonomischer-arbeitsplatz-wie-gesund-ist-ein-sitzball\" target=\"_blank\" rel=\"noopener\">gut f\u00fcr die Ergonomie<\/a>. Daher eignen sie sich ebenfalls f\u00fcr die Gestaltung eines erholsamen Pausenraums.<\/p>\n<\/div><\/div><\/div><\/div><\/div><div class=\"fusion-fullwidth fullwidth-box fusion-builder-row-3 fusion-flex-container has-pattern-background has-mask-background fusion-parallax-none promotion-cta-section nonhundred-percent-fullwidth non-hundred-percent-height-scrolling\" style=\"--awb-background-position:left center;--awb-border-radius-top-left:0px;--awb-border-radius-top-right:0px;--awb-border-radius-bottom-right:0px;--awb-border-radius-bottom-left:0px;--awb-padding-top:70px;--awb-padding-bottom:70px;--awb-padding-top-small:40px;--awb-padding-bottom-small:40px;--awb-margin-top-small:-20px;--awb-background-image:linear-gradient(90deg, var(--awb-color1) 0%,rgba(255,255,255,0) 50%),url(https:\/\/schultz.de\/ratgeber\/wp-content\/uploads\/2023\/02\/2023-08-22_Chairs_gray.jpg);;--awb-background-size:cover;--awb-flex-wrap:wrap;\" data-preload-img=\"https:\/\/schultz.de\/ratgeber\/wp-content\/uploads\/2023\/02\/2023-08-22_Chairs_gray.jpg\" ><div class=\"fusion-builder-row fusion-row fusion-flex-align-items-flex-start fusion-flex-content-wrap\" style=\"max-width:1248px;margin-left: calc(-4% \/ 2 );margin-right: calc(-4% \/ 2 );\"><div class=\"fusion-layout-column fusion_builder_column fusion-builder-column-8 fusion_builder_column_1_2 1_2 fusion-flex-column fusion-flex-align-self-stretch fusion-no-small-visibility fusion-animated\" style=\"--awb-bg-size:cover;--awb-width-large:50%;--awb-margin-top-large:0px;--awb-spacing-right-large:3.84%;--awb-margin-bottom-large:20px;--awb-spacing-left-large:3.84%;--awb-width-medium:75%;--awb-order-medium:0;--awb-spacing-right-medium:2.56%;--awb-spacing-left-medium:2.56%;--awb-width-small:100%;--awb-order-small:0;--awb-spacing-right-small:1.92%;--awb-spacing-left-small:1.92%;\" data-animationType=\"fadeInLeft\" data-animationDuration=\"1.5\" data-animationOffset=\"top-into-view\"><div class=\"fusion-column-wrapper fusion-column-has-shadow fusion-flex-justify-content-center fusion-content-layout-column fusion-content-nowrap\"><div class=\"fusion-title title fusion-title-4 fusion-sep-none fusion-title-highlight fusion-animate-once fusion-highlight-underline fusion-title-size-div\" style=\"--awb-text-color:var(--awb-color7);--awb-highlight-top-margin:-5px;--awb-highlight-width:2;--awb-font-size:var(--awb-typography1-font-size);\" data-highlight=\"underline\"><div class=\"fusion-title-heading title-heading-left title-heading-tag fusion-responsive-typography-calculated\" style=\"font-family:var(--awb-typography1-font-family);font-weight:var(--awb-typography1-font-weight);font-style:var(--awb-typography1-font-style);margin:0;letter-spacing:var(--awb-typography1-letter-spacing);text-transform:var(--awb-typography1-text-transform);font-size:1em;--fontSize:53;line-height:1.1;\"><span class=\"fusion-highlighted-text-prefix\"><\/span> <span class=\"fusion-highlighted-text-wrapper\"><span class=\"fusion-highlighted-text\" style=\"color:var(--awb-color5);\">B\u00fcrost\u00fchle<\/span><svg xmlns=\"http:\/\/www.w3.org\/2000\/svg\" viewBox=\"0 0 500 150\" preserveAspectRatio=\"none\"><path d=\"M8.1,146.2c0,0,240.6-55.6,479-13.8\"><\/path><\/svg><\/span> <span class=\"fusion-highlighted-text-postfix\">f\u00fcr ergonomisches Arbeiten<\/span><\/div><\/div><div class=\"fusion-text fusion-text-14\"><p>Die Arbeitswelt erfordert flexibles Arbeiten:<br \/>\nSchonen Sie Ihren K\u00f6rper!<\/p>\n<\/div><div ><a class=\"fusion-button button-flat fusion-button-default-size button-default fusion-button-default button-1 fusion-button-default-span fusion-button-default-type\" target=\"_blank\" rel=\"noopener noreferrer\" href=\"https:\/\/schultz.de\/buerostuhl-konfigurator\"><i class=\"fa-external-link-alt fas awb-button__icon awb-button__icon--default button-icon-left\" aria-hidden=\"true\"><\/i><span class=\"fusion-button-text awb-button__text awb-button__text--default\">Jetzt konfigurieren!<\/span><\/a><\/div><\/div><\/div><div class=\"fusion-layout-column fusion_builder_column fusion-builder-column-9 fusion_builder_column_1_2 1_2 fusion-flex-column fusion-flex-align-self-stretch fusion-no-medium-visibility fusion-no-large-visibility fusion-animated\" style=\"--awb-bg-size:cover;--awb-width-large:50%;--awb-margin-top-large:0px;--awb-spacing-right-large:3.84%;--awb-margin-bottom-large:20px;--awb-spacing-left-large:3.84%;--awb-width-medium:75%;--awb-order-medium:0;--awb-spacing-right-medium:2.56%;--awb-spacing-left-medium:2.56%;--awb-width-small:100%;--awb-order-small:0;--awb-spacing-right-small:1.92%;--awb-spacing-left-small:1.92%;\" data-animationType=\"fadeInLeft\" data-animationDuration=\"1.5\" data-animationOffset=\"top-into-view\"><div class=\"fusion-column-wrapper fusion-column-has-shadow fusion-flex-justify-content-center fusion-content-layout-column fusion-content-nowrap\"><div class=\"fusion-title title fusion-title-5 fusion-sep-none fusion-title-highlight fusion-animate-once fusion-highlight-underline fusion-title-size-div\" style=\"--awb-text-color:var(--awb-color7);--awb-highlight-top-margin:-5px;--awb-highlight-width:2;--awb-font-size:28px;\" data-highlight=\"underline\"><div class=\"fusion-title-heading title-heading-left title-heading-tag fusion-responsive-typography-calculated\" style=\"font-family:var(--awb-typography1-font-family);font-weight:var(--awb-typography1-font-weight);font-style:var(--awb-typography1-font-style);margin:0;letter-spacing:var(--awb-typography1-letter-spacing);text-transform:var(--awb-typography1-text-transform);font-size:1em;--fontSize:28;line-height:1.1;\"><span class=\"fusion-highlighted-text-prefix\"><\/span> <span class=\"fusion-highlighted-text-wrapper\"><span class=\"fusion-highlighted-text\" style=\"color:var(--awb-color5);\">B\u00fcrost\u00fchle<\/span><svg xmlns=\"http:\/\/www.w3.org\/2000\/svg\" viewBox=\"0 0 500 150\" preserveAspectRatio=\"none\"><path d=\"M8.1,146.2c0,0,240.6-55.6,479-13.8\"><\/path><\/svg><\/span> <span class=\"fusion-highlighted-text-postfix\">f\u00fcr ergonomisches Arbeiten<\/span><\/div><\/div><div class=\"fusion-text fusion-text-15\"><p>Die Arbeitswelt erfordert flexibles Arbeiten: Schonen Sie Ihren K\u00f6rper!<\/p>\n<\/div><div ><a class=\"fusion-button button-flat fusion-button-default-size button-default fusion-button-default button-2 fusion-button-default-span fusion-button-default-type\" target=\"_blank\" rel=\"noopener noreferrer\" href=\"https:\/\/schultz.de\/buerostuhl-konfigurator\"><i class=\"fa-external-link-alt fas awb-button__icon awb-button__icon--default button-icon-left\" aria-hidden=\"true\"><\/i><span class=\"fusion-button-text awb-button__text awb-button__text--default\">Jetzt konfigurieren!<\/span><\/a><\/div><\/div><\/div><\/div><\/div>\n<div class=\"fusion-fullwidth fullwidth-box fusion-builder-row-4 fusion-flex-container has-pattern-background has-mask-background nonhundred-percent-fullwidth non-hundred-percent-height-scrolling\" style=\"--awb-border-radius-top-left:0px;--awb-border-radius-top-right:0px;--awb-border-radius-bottom-right:0px;--awb-border-radius-bottom-left:0px;--awb-padding-top:50px;--awb-background-color:var(--awb-color1);--awb-flex-wrap:wrap;\" ><div class=\"fusion-builder-row fusion-row fusion-flex-align-items-flex-start fusion-flex-justify-content-center fusion-flex-content-wrap\" style=\"max-width:1248px;margin-left: calc(-4% \/ 2 );margin-right: calc(-4% \/ 2 );\"><div class=\"fusion-layout-column fusion_builder_column fusion-builder-column-10 fusion_builder_column_2_3 2_3 fusion-flex-column\" style=\"--awb-bg-blend:overlay;--awb-bg-size:cover;--awb-width-large:66.666666666667%;--awb-margin-top-large:0px;--awb-spacing-right-large:2.88%;--awb-margin-bottom-large:20px;--awb-spacing-left-large:2.88%;--awb-width-medium:100%;--awb-spacing-right-medium:1.92%;--awb-spacing-left-medium:1.92%;--awb-width-small:100%;--awb-spacing-right-small:1.92%;--awb-spacing-left-small:1.92%;\"><div class=\"fusion-column-wrapper fusion-column-has-shadow fusion-flex-justify-content-flex-start fusion-content-layout-column\"><div class=\"fusion-title title fusion-title-6 fusion-sep-none fusion-title-text fusion-title-size-two\"><h2 class=\"fusion-title-heading title-heading-left fusion-responsive-typography-calculated\" style=\"margin:0;--fontSize:53;line-height:1.1;\">Aufenthaltsraum gestalten: Funktionalit\u00e4t und Ausstattung<\/h2><\/div><div class=\"fusion-text fusion-text-16\"><p>Damit ein Pausenraum Ihren Mitarbeitern die M\u00f6glichkeit f\u00fcr eine erholsame Pause bietet, reicht es oftmals nicht aus, ihn nur mit Tischen und Sitzgelegenheiten auszustatten. Erg\u00e4nzen Sie diese mit sinnvollen Gestaltungselementen, die den Komfort erh\u00f6hen und eine Wohlf\u00fchlatmosph\u00e4re schaffen.<\/p>\n<h3>Bewegung im B\u00fcroalltag<\/h3>\n<p>Ausreichend Bewegung ist vor allem bei einer vorwiegend sitzenden T\u00e4tigkeit entscheidend.<a href=\"https:\/\/aug.dguv.de\/gesundheitsschutz\/gesunde-pause-fuer-zu-hause\/\" target=\"_blank\" rel=\"noopener\"> Bewegung f\u00f6rdert die Gesundheit<\/a> und sorgt f\u00fcr ein gesteigertes Wohlbefinden sowie eine h\u00f6here Produktivit\u00e4t. Daher lohnt es sich, im Pausenraum die Bewegung zu f\u00f6rdern.<\/p>\n<p>Folgende Einrichtungsgegenst\u00e4nde k\u00f6nnen je nach Raumgr\u00f6\u00dfe und Budget f\u00fcr ein attraktives Bewegungsangebot sorgen:<\/p>\n<ul>\n<li>Kickertisch<\/li>\n<li>Tischtennisplatte<\/li>\n<li>Sprossenwand<\/li>\n<li>Spielkonsole f\u00fcr Fitnessspiele<\/li>\n<li>Ergometer<\/li>\n<\/ul>\n<h3>Ruhezonen im Pausenraum<\/h3>\n<p>Einige Mitarbeiter m\u00f6chten den Pausenraum lieber f\u00fcr die gezielte Entspannung nutzen. Auch hier stehen Ihnen eine Bandbreite an M\u00f6glichkeiten zur Verf\u00fcgung, um eine ruhige Atmosph\u00e4re zu unterst\u00fctzen. In erster Linie sind bequeme Sitzm\u00f6glichkeiten gefragt. Hier bieten sich vor allem <a href=\"https:\/\/schultz.de\/loungemoebel\">Loungem\u00f6bel<\/a> an. Zudem eignet sich f\u00fcr die Ruhezone eine Auswahl an Brettspielen und B\u00fcchern.<\/p>\n<h3>Eigene K\u00fcche im Aufenthaltsraum<\/h3>\n<p>Mitarbeiter, die gerne ihre eigene Mahlzeit f\u00fcr die Pause mitbringen, finden besonders gro\u00dfen Gefallen an einer K\u00fcchenzeile im Aufenthaltsraum. Im Optimalfall ist diese mit einer Mikrowelle zum Aufw\u00e4rmen von Mahlzeiten, einem Wasserkocher, um Tee zuzubereiten, und einer Kaffeemaschine ausgestattet. Au\u00dferdem empfiehlt sich hier der Einsatz einer Geschirrsp\u00fclmaschine.<\/p>\n<h3>Integration von Smart-TVs und Musiksystemen<\/h3>\n<p>Wenn sich Mitarbeiter durch das H\u00f6ren von Musik oder das Ansehen eines TV-Programms entspannen m\u00f6chten, kann auch ein entsprechendes System im Pausenraum sinnvoll sein. Hierbei sollten Sie beachten, eine Abgrenzung zur Ruhezone zu schaffen, damit sich andere nicht gest\u00f6rt f\u00fchlen. In einigen Unternehmen gibt es zu diesem Zweck einen separaten TV-Raum.<\/p>\n<h3>Pflanzen und Dekoration f\u00fcr ein angenehmes Ambiente<\/h3>\n<p>Dekoration darf nat\u00fcrlich auch im Pausenraum nicht fehlen. Pflanzen wird nachgesagt, eine<a href=\"https:\/\/www.zentrum-der-gesundheit.de\/news\/gesundheit\/allgemein-gesundheit\/pflanzen-steigern-produktivitaet\" target=\"_blank\" rel=\"noopener\"> beruhigende Atmosph\u00e4re zu f\u00f6rdern<\/a>. Daher macht es Sinn, im Aufenthaltsraum f\u00fcr eine entsprechende Gestaltung zu sorgen.<\/p>\n<p>Auch andere dekorative Elemente k\u00f6nnen die <a href=\"https:\/\/www.deutsche-startups.de\/2016\/11\/21\/4-tipps-fuer-mehr-produktivitaet-und-kreativitaet-im-buero\/\" target=\"_blank\" rel=\"noopener\">Entspannung und Kreativit\u00e4t f\u00f6rdern<\/a>. Hier gilt es, den Raum nicht mit Deko-Objekten zu \u00fcberladen. Sonst entsteht schnell ein unordentlicher Eindruck. Beliebt sind Wandbilder, da sie auch in kleinen R\u00e4umen Platz finden. Ruhige Naturbilder sind besonders f\u00f6rderlich f\u00fcr eine entspannte Atmosph\u00e4re. Aber auch Mitarbeiterbilder eignen sich, um das Wir-Gef\u00fchl zu st\u00e4rken.<\/p>\n<\/div><div class=\"fusion-builder-row fusion-builder-row-inner fusion-row fusion-flex-align-items-flex-start fusion-flex-justify-content-center fusion-flex-content-wrap\" style=\"width:104% !important;max-width:104% !important;margin-left: calc(-4% \/ 2 );margin-right: calc(-4% \/ 2 );\"><div class=\"fusion-layout-column fusion_builder_column_inner fusion-builder-nested-column-0 fusion_builder_column_inner_1_1 1_1 fusion-flex-column\" style=\"--awb-padding-top:30px;--awb-padding-right:30px;--awb-padding-bottom:30px;--awb-padding-left:30px;--awb-bg-color:var(--awb-custom10);--awb-bg-color-hover:var(--awb-custom10);--awb-bg-size:cover;--awb-width-large:100%;--awb-margin-top-large:0px;--awb-spacing-right-large:1.92%;--awb-margin-bottom-large:20px;--awb-spacing-left-large:1.92%;--awb-width-medium:100%;--awb-order-medium:0;--awb-spacing-right-medium:1.92%;--awb-spacing-left-medium:1.92%;--awb-width-small:100%;--awb-order-small:0;--awb-spacing-right-small:1.92%;--awb-spacing-left-small:1.92%;\"><div class=\"fusion-column-wrapper fusion-column-has-shadow fusion-flex-justify-content-flex-start fusion-content-layout-column\"><div class=\"fusion-title title fusion-title-7 fusion-sep-none fusion-title-text fusion-title-size-three\" style=\"--awb-margin-top:0px;\"><h3 class=\"fusion-title-heading title-heading-left fusion-responsive-typography-calculated\" style=\"margin:0;--fontSize:30;line-height:1.1;\">Checkliste f\u00fcr Ihren Pausenraum<\/h3><\/div><ul style=\"--awb-iconcolor:var(--awb-color1);--awb-line-height:27.2px;--awb-icon-width:27.2px;--awb-icon-height:27.2px;--awb-icon-margin:11.2px;--awb-content-margin:38.4px;--awb-circlecolor:var(--awb-color4);--awb-circle-yes-font-size:14.08px;\" class=\"fusion-checklist fusion-checklist-1 fusion-checklist-default fusion-checklist-divider type-icons\"><li class=\"fusion-li-item\" style=\"\"><span class=\"icon-wrapper circle-yes\"><i class=\"fusion-li-icon fa-angle-right fas\" aria-hidden=\"true\"><\/i><\/span><div class=\"fusion-li-item-content\">Ergonomische Sitzm\u00f6glichkeiten und Tische<\/div><\/li><li class=\"fusion-li-item\" style=\"\"><span class=\"icon-wrapper circle-yes\"><i class=\"fusion-li-icon fa-angle-right fas\" aria-hidden=\"true\"><\/i><\/span><div class=\"fusion-li-item-content\">Ruhezone<\/div><\/li><li class=\"fusion-li-item\" style=\"\"><span class=\"icon-wrapper circle-yes\"><i class=\"fusion-li-icon fa-angle-right fas\" aria-hidden=\"true\"><\/i><\/span><div class=\"fusion-li-item-content\">F\u00f6rderung der Bewegung<\/div><\/li><li class=\"fusion-li-item\" style=\"\"><span class=\"icon-wrapper circle-yes\"><i class=\"fusion-li-icon fa-angle-right fas\" aria-hidden=\"true\"><\/i><\/span><div class=\"fusion-li-item-content\">Ausreichende Beleuchtung inkl. Tageslicht<\/div><\/li><li class=\"fusion-li-item\" style=\"\"><span class=\"icon-wrapper circle-yes\"><i class=\"fusion-li-icon fa-angle-right fas\" aria-hidden=\"true\"><\/i><\/span><div class=\"fusion-li-item-content\">Dekoration und Pflanzen<\/div><\/li><li class=\"fusion-li-item\" style=\"\"><span class=\"icon-wrapper circle-yes\"><i class=\"fusion-li-icon fa-angle-right fas\" aria-hidden=\"true\"><\/i><\/span><div class=\"fusion-li-item-content\">Zum Einsatzzweck passendes Farbkonzept<\/div><\/li><li class=\"fusion-li-item\" style=\"\"><span class=\"icon-wrapper circle-yes\"><i class=\"fusion-li-icon fa-angle-right fas\" aria-hidden=\"true\"><\/i><\/span><div class=\"fusion-li-item-content\">Weitere von den Mitarbeitern gew\u00fcnschte Elemente<\/div><\/li><\/ul><\/div><\/div><\/div><div class=\"fusion-title title fusion-title-8 fusion-sep-none fusion-title-text fusion-title-size-two\"><h2 class=\"fusion-title-heading title-heading-left fusion-responsive-typography-calculated\" style=\"margin:0;--fontSize:53;line-height:1.1;\">Pausenraum gestalten: So f\u00fchlt sich jeder Mitarbeiter wohl<\/h2><\/div><div class=\"fusion-text fusion-text-17\"><p>Ein guter Pausenraum zeichnet sich dadurch aus, dass er bei jedem Mitarbeiter das Wohlbefinden f\u00f6rdert und f\u00fcr Ergonomie sowie Produktivit\u00e4t sorgt. Durch regelm\u00e4\u00dfiges Mitarbeiterfeedback l\u00e4sst sich die Atmosph\u00e4re des Pausenraumkonzepts immer weiter optimieren. Bei Schultz.de finden Sie alle n\u00f6tigen Einrichtungsgegenst\u00e4nde, mit denen Sie Ihren Pausenraum optimal gestalten k\u00f6nnen.<\/p>\n<\/div><div class=\"fusion-title title fusion-title-9 fusion-sep-none fusion-title-text fusion-title-size-two\"><h2 class=\"fusion-title-heading title-heading-left fusion-responsive-typography-calculated\" style=\"margin:0;--fontSize:53;line-height:1.1;\">FAQ: H\u00e4ufig gestellte Fragen zur Gestaltung des Pausenraums<\/h2><\/div><style type=\"text\/css\">#accordian-1 .fusion-panel:hover,#accordian-1 .fusion-panel.hover{ background-color: var(--awb-color2) } #accordian-1 .fusion-panel { border-color:var(--awb-color2); border-width:0px; background-color:var(--awb-color2); }.fusion-accordian #accordian-1 .panel-title a .fa-fusion-box:before{ font-size: 16px;width: 16px;}.fusion-accordian #accordian-1 .panel-title a .fa-fusion-box{ color: var(--awb-color1);}.fusion-accordian  #accordian-1 .panel-title a{font-family:var(--awb-typography1-font-family);font-weight:var(--awb-typography1-font-weight);font-style:var(--awb-typography1-font-style);}.fusion-accordian  #accordian-1 .panel-title a:not(:hover){}.fusion-accordian  #accordian-1 .toggle-content{font-family:var(--awb-typography4-font-family);font-weight:var(--awb-typography4-font-weight);font-style:var(--awb-typography4-font-style);}.fusion-accordian #accordian-1 .fa-fusion-box { background-color: var(--awb-color4) !important;border-color: var(--awb-color4) !important;}.fusion-accordian #accordian-1 .panel-title a:hover,.fusion-accordian #accordian-1 .panel-title a.hover { color: var(--awb-color4);}.fusion-faq-shortcode .fusion-accordian #accordian-1 .fusion-toggle-boxed-mode:hover .panel-title a { color: var(--awb-color4);}.fusion-accordian #accordian-1 .panel-title .active .fa-fusion-box,.fusion-accordian #accordian-1 .panel-title a:hover .fa-fusion-box,.fusion-accordian #accordian-1 .panel-title a.hover .fa-fusion-box { background-color: var(--awb-color4)!important;border-color: var(--awb-color4)!important;}<\/style><div class=\"fusion-faq-shortcode\" style=\"\"><div class=\"fusion-faqs-wrapper\"><div class=\"accordian fusion-accordian\"><div class=\"panel-group \" id=\"accordian-1\"><div class=\"fusion-panel fusion-toggle-no-divider fusion-toggle-boxed-mode panel-default fusion-faq-post fusion-faq-post-7524 pausenraum-gestalten \"><span class=\"entry-title rich-snippet-hidden\">Wie sollte ein Pausenraum gestaltet sein?<\/span><span class=\"vcard rich-snippet-hidden\"><span class=\"fn\"><a href=\"https:\/\/schultz.de\/ratgeber\/author\/schultz-blog_admin\/\" title=\"Beitr\u00e4ge von Nicolas Schultz\" rel=\"author\">Nicolas Schultz<\/a><\/span><\/span><span class=\"updated rich-snippet-hidden\">2024-03-12T11:03:54+01:00<\/span><div class=\"panel-heading\"><h3 id=\"faq_1-7524\" class=\"panel-title toggle\"><a data-toggle=\"collapse\" class=\"collapsed\" data-parent=\"#accordian-1\" data-target=\"#collapse-1-7524\" href=\"#collapse-1-7524\" aria-expanded=\"false\"><div class=\"fusion-toggle-icon-wrapper\"><div class=\"fusion-toggle-icon-wrapper-main\"><div class=\"fusion-toggle-icon-wrapper-sub\"><i class=\"fa-fusion-box active-icon awb-icon-minus\" aria-hidden=\"true\"><\/i><i class=\"fa-fusion-box inactive-icon awb-icon-plus\" aria-hidden=\"true\"><\/i><\/div><\/div><\/div><div class=\"fusion-toggle-heading\">Wie sollte ein Pausenraum gestaltet sein?<\/div><\/a><\/h3><\/div><div id=\"collapse-1-7524\" aria-labelledby=\"faq_1-7524\" class=\"panel-collapse collapse\"><div class=\"panel-body toggle-content post-content\"><p>Ein Pausenraum sollte ergonomische und bequeme Sitzgelegenheiten und Tische bieten und durch ein ansprechendes Einrichtungskonzept das W\u200b\u200bohlbefinden der Mitarbeiter steigern.<\/p>\n<\/div><\/div><\/div><div class=\"fusion-panel fusion-toggle-no-divider fusion-toggle-boxed-mode panel-default fusion-faq-post fusion-faq-post-7540 pausenraum-gestalten \"><span class=\"entry-title rich-snippet-hidden\">Was geh\u00f6rt in einen Aufenthaltsraum?<\/span><span class=\"vcard rich-snippet-hidden\"><span class=\"fn\"><a href=\"https:\/\/schultz.de\/ratgeber\/author\/schultz-blog_admin\/\" title=\"Beitr\u00e4ge von Nicolas Schultz\" rel=\"author\">Nicolas Schultz<\/a><\/span><\/span><span class=\"updated rich-snippet-hidden\">2024-03-12T11:03:20+01:00<\/span><div class=\"panel-heading\"><h3 id=\"faq_1-7540\" class=\"panel-title toggle\"><a data-toggle=\"collapse\" class=\"collapsed\" data-parent=\"#accordian-1\" data-target=\"#collapse-1-7540\" href=\"#collapse-1-7540\" aria-expanded=\"false\"><div class=\"fusion-toggle-icon-wrapper\"><div class=\"fusion-toggle-icon-wrapper-main\"><div class=\"fusion-toggle-icon-wrapper-sub\"><i class=\"fa-fusion-box active-icon awb-icon-minus\" aria-hidden=\"true\"><\/i><i class=\"fa-fusion-box inactive-icon awb-icon-plus\" aria-hidden=\"true\"><\/i><\/div><\/div><\/div><div class=\"fusion-toggle-heading\">Was geh\u00f6rt in einen Aufenthaltsraum?<\/div><\/a><\/h3><\/div><div id=\"collapse-1-7540\" aria-labelledby=\"faq_1-7540\" class=\"panel-collapse collapse\"><div class=\"panel-body toggle-content post-content\"><p>In einen Pausenraum geh\u00f6ren Tische, St\u00fchle sowie eine passende Dekoration und weitere Einrichtungsgegenst\u00e4nde, die zu Bewegung oder Entspannung einladen.<\/p>\n<\/div><\/div><\/div><div class=\"fusion-panel fusion-toggle-no-divider fusion-toggle-boxed-mode panel-default fusion-faq-post fusion-faq-post-7538 pausenraum-gestalten \"><span class=\"entry-title rich-snippet-hidden\">Welche Farbe f\u00fcr den Pausenraum?<\/span><span class=\"vcard rich-snippet-hidden\"><span class=\"fn\"><a href=\"https:\/\/schultz.de\/ratgeber\/author\/schultz-blog_admin\/\" title=\"Beitr\u00e4ge von Nicolas Schultz\" rel=\"author\">Nicolas Schultz<\/a><\/span><\/span><span class=\"updated rich-snippet-hidden\">2024-03-12T11:02:30+01:00<\/span><div class=\"panel-heading\"><h3 id=\"faq_1-7538\" class=\"panel-title toggle\"><a data-toggle=\"collapse\" class=\"collapsed\" data-parent=\"#accordian-1\" data-target=\"#collapse-1-7538\" href=\"#collapse-1-7538\" aria-expanded=\"false\"><div class=\"fusion-toggle-icon-wrapper\"><div class=\"fusion-toggle-icon-wrapper-main\"><div class=\"fusion-toggle-icon-wrapper-sub\"><i class=\"fa-fusion-box active-icon awb-icon-minus\" aria-hidden=\"true\"><\/i><i class=\"fa-fusion-box inactive-icon awb-icon-plus\" aria-hidden=\"true\"><\/i><\/div><\/div><\/div><div class=\"fusion-toggle-heading\">Welche Farbe f\u00fcr den Pausenraum?<\/div><\/a><\/h3><\/div><div id=\"collapse-1-7538\" aria-labelledby=\"faq_1-7538\" class=\"panel-collapse collapse\"><div class=\"panel-body toggle-content post-content\"><p>W\u00e4hlen Sie f\u00fcr den Pausenraum freundliche Farben. Gr\u00fcn, Blau, Gelb und Orange sind hier besonders beliebt. Helle Farben wirken positiv und k\u00f6nnen einen kleinen Raum optisch vergr\u00f6\u00dfern.<\/p>\n<\/div><\/div><\/div><\/div><\/div><\/div><\/div><div class=\"fusion-builder-row fusion-builder-row-inner fusion-row fusion-flex-align-items-flex-start fusion-flex-justify-content-center fusion-flex-content-wrap\" style=\"width:104% !important;max-width:104% !important;margin-left: calc(-4% \/ 2 );margin-right: calc(-4% \/ 2 );\"><div class=\"fusion-layout-column fusion_builder_column_inner fusion-builder-nested-column-1 fusion_builder_column_inner_1_1 1_1 fusion-flex-column quellenangaben\" style=\"--awb-bg-size:cover;--awb-width-large:100%;--awb-margin-top-large:40px;--awb-spacing-right-large:1.92%;--awb-margin-bottom-large:20px;--awb-spacing-left-large:1.92%;--awb-width-medium:100%;--awb-order-medium:0;--awb-spacing-right-medium:1.92%;--awb-spacing-left-medium:1.92%;--awb-width-small:100%;--awb-order-small:0;--awb-spacing-right-small:1.92%;--awb-spacing-left-small:1.92%;\"><div class=\"fusion-column-wrapper fusion-column-has-shadow fusion-flex-justify-content-flex-start fusion-content-layout-column\"><div class=\"fusion-title title fusion-title-10 fusion-sep-none fusion-title-text fusion-title-size-two\" style=\"--awb-margin-bottom:0px;\"><h2 class=\"fusion-title-heading title-heading-left fusion-responsive-typography-calculated\" style=\"margin:0;--fontSize:53;line-height:1.1;\">Quellen<\/h2><\/div><div class=\"fusion-text fusion-text-18\"><ol>\n<li>https:\/\/www.agr-ev.de\/de\/blog\/rueckengerechte-arbeitsplatz\/der-wackelhocker-fuer-einen-starken-ruecken<\/li>\n<li>https:\/\/www.generali.de\/journal\/ergonomischer-arbeitsplatz-wie-gesund-ist-ein-sitzball<\/li>\n<li>https:\/\/aug.dguv.de\/gesundheitsschutz\/gesunde-pause-fuer-zu-hause\/<\/li>\n<li>https:\/\/www.zentrum-der-gesundheit.de\/news\/gesundheit\/allgemein-gesundheit\/pflanzen-steigern-produktivitaet<\/li>\n<li>https:\/\/www.deutsche-startups.de\/2016\/11\/21\/4-tipps-fuer-mehr-produktivitaet-und-kreativitaet-im-buero\/<\/li>\n<\/ol>\n<\/div><\/div><\/div><\/div><\/div><\/div><\/div><\/div><div class=\"fusion-fullwidth fullwidth-box fusion-builder-row-5 fusion-flex-container has-pattern-background has-mask-background nonhundred-percent-fullwidth non-hundred-percent-height-scrolling\" style=\"--link_hover_color: var(--awb-color5);--link_color: var(--awb-color6);--awb-border-sizes-top:0px;--awb-border-sizes-bottom:0px;--awb-border-sizes-left:0px;--awb-border-sizes-right:0px;--awb-border-radius-top-left:0px;--awb-border-radius-top-right:0px;--awb-border-radius-bottom-right:0px;--awb-border-radius-bottom-left:0px;--awb-padding-top:40px;--awb-padding-right:40px;--awb-padding-bottom:40px;--awb-padding-left:40px;--awb-padding-top-small:20px;--awb-padding-right-small:20px;--awb-padding-bottom-small:20px;--awb-padding-left-small:20px;--awb-background-color:var(--awb-color1);--awb-flex-wrap:wrap;\" ><div class=\"fusion-builder-row fusion-row fusion-flex-align-items-stretch fusion-flex-content-wrap\" style=\"max-width:1248px;margin-left: calc(-4% \/ 2 );margin-right: calc(-4% \/ 2 );\"><div class=\"fusion-layout-column fusion_builder_column fusion-builder-column-11 fusion_builder_column_1_1 1_1 fusion-flex-column autor fusion-animated\" style=\"--awb-padding-right:20px;--awb-padding-left:20px;--awb-padding-left-small:0px;--awb-bg-blend:overlay;--awb-bg-size:cover;--awb-box-shadow:5px 0px 8px 0px hsla(var(--awb-color8-h),var(--awb-color8-s),calc( var(--awb-color8-l) - 9% ),calc( var(--awb-color8-a) - 95% ));;--awb-border-color:var(--awb-color5);--awb-border-top:2px;--awb-border-style:solid;--awb-width-large:100%;--awb-margin-top-large:25px;--awb-spacing-right-large:1.44%;--awb-margin-bottom-large:20px;--awb-spacing-left-large:1.44%;--awb-width-medium:100%;--awb-order-medium:0;--awb-spacing-right-medium:1.44%;--awb-spacing-left-medium:1.44%;--awb-width-small:100%;--awb-order-small:0;--awb-margin-top-small:0;--awb-spacing-right-small:0px;--awb-margin-bottom-small:0;--awb-spacing-left-small:1.92%;\" data-animationType=\"fadeInUp\" data-animationDuration=\"1.5\" data-animationOffset=\"top-into-view\"><div class=\"fusion-column-wrapper fusion-column-has-shadow fusion-flex-justify-content-flex-start fusion-content-layout-column\"><div class=\"fusion-text fusion-text-19\" style=\"--awb-font-size:20px;--awb-text-transform:uppercase;--awb-text-color:var(--awb-color7);--awb-margin-top:20px;\"><p><strong>\u00dcber den Autor<\/strong><\/p>\n<\/div><div class=\"fusion-builder-row fusion-builder-row-inner fusion-row fusion-flex-align-items-stretch fusion-flex-content-wrap\" style=\"width:104% !important;max-width:104% !important;margin-left: calc(-4% \/ 2 );margin-right: calc(-4% \/ 2 );\"><div class=\"fusion-layout-column fusion_builder_column_inner fusion-builder-nested-column-2 fusion-flex-column fusion-flex-align-self-stretch\" style=\"--awb-bg-position:center center;--awb-bg-size:cover;--awb-width-large:11%;--awb-margin-top-large:0px;--awb-spacing-right-large:17.454545454545%;--awb-margin-bottom-large:0px;--awb-spacing-left-large:17.454545454545%;--awb-width-medium:20%;--awb-order-medium:0;--awb-spacing-right-medium:9.6%;--awb-spacing-left-medium:9.6%;--awb-width-small:100%;--awb-order-small:0;--awb-spacing-right-small:1.92%;--awb-spacing-left-small:1.92%;\"><div class=\"fusion-column-wrapper fusion-column-has-shadow fusion-flex-justify-content-flex-start fusion-content-layout-column\"><div class=\"fusion-image-element \" style=\"--awb-caption-title-font-family:var(--h2_typography-font-family);--awb-caption-title-font-weight:var(--h2_typography-font-weight);--awb-caption-title-font-style:var(--h2_typography-font-style);--awb-caption-title-size:var(--h2_typography-font-size);--awb-caption-title-transform:var(--h2_typography-text-transform);--awb-caption-title-line-height:var(--h2_typography-line-height);--awb-caption-title-letter-spacing:var(--h2_typography-letter-spacing);\"><span class=\" fusion-imageframe imageframe-none imageframe-1 hover-type-none\"><img decoding=\"async\" src=\"https:\/\/schultz.de\/ratgeber\/wp-content\/uploads\/2023\/03\/cropped-team5-white-square-96x96.png\" alt class=\"img-responsive\"\/><\/span><\/div><\/div><\/div><div class=\"fusion-layout-column fusion_builder_column_inner fusion-builder-nested-column-3 fusion-flex-column fusion-flex-align-self-stretch\" style=\"--awb-bg-size:cover;--awb-width-large:89%;--awb-margin-top-large:0px;--awb-spacing-right-large:2.1573033707865%;--awb-margin-bottom-large:0px;--awb-spacing-left-large:2.1573033707865%;--awb-width-medium:80%;--awb-order-medium:0;--awb-spacing-right-medium:2.4%;--awb-spacing-left-medium:2.4%;--awb-width-small:100%;--awb-order-small:0;--awb-spacing-right-small:1.92%;--awb-spacing-left-small:1.92%;\"><div class=\"fusion-column-wrapper fusion-column-has-shadow fusion-flex-justify-content-flex-start fusion-content-layout-column\"><div class=\"fusion-title title fusion-title-11 fusion-sep-none fusion-title-text fusion-title-size-paragraph\" style=\"--awb-margin-bottom:0px;--awb-margin-bottom-small:0px;--awb-font-size:var(--awb-typography4-font-size);\"><p class=\"fusion-title-heading title-heading-left title-heading-tag fusion-responsive-typography-calculated\" style=\"font-family:&quot;Sofia Pro Regular&quot;;font-style:normal;font-weight:400;margin:0;letter-spacing:var(--awb-typography4-letter-spacing);text-transform:var(--awb-typography4-text-transform);font-size:1em;--fontSize:16;--minFontSize:16;line-height:var(--awb-typography4-line-height);\">Nicolas Schultz<\/p><\/div><div class=\"fusion-text fusion-text-20 autor-description\"><p>Gesch\u00e4ftsf\u00fchrer<\/p>\n<p>Durch seine Erfahrung und sein Fachwissen in der M\u00f6belbranche wei\u00df Nicolas, wie wichtig die richtige Ergonomie f\u00fcr die Gesundheit und Fitness der Menschen ist. Sein Ziel ist es, dass jeder Kunde gesund und fit bleibt und seine Arbeit oder sein Leben ohne Schmerzen und Beschwerden genie\u00dfen kann.\nNeben seiner Leidenschaft f\u00fcr die Arbeit als Gesch\u00e4ftsf\u00fchrer f\u00e4hrt er gerne mit dem Fahrrad durch den Wald und liebt es, neue Orte zu entdecken. Sein Interesse f\u00fcr das Reisen hat ihm wertvolle Einblicke in verschiedene Kulturen und Lebensweisen gegeben.<\/p>\n<\/div><\/div><\/div><\/div><\/div><\/div>\n<\/div><\/div><div class=\"fusion-fullwidth fullwidth-box fusion-builder-row-6 fusion-flex-container has-pattern-background has-mask-background post-newsletter nonhundred-percent-fullwidth non-hundred-percent-height-scrolling fusion-animated\" style=\"--awb-border-radius-top-left:0px;--awb-border-radius-top-right:0px;--awb-border-radius-bottom-right:0px;--awb-border-radius-bottom-left:0px;--awb-padding-top:30px;--awb-padding-bottom-small:20px;--awb-flex-wrap:wrap;\" data-animationType=\"fadeInUp\" data-animationDuration=\"1.5\" data-animationOffset=\"top-into-view\" ><div class=\"fusion-builder-row fusion-row fusion-flex-align-items-stretch fusion-flex-justify-content-center fusion-flex-content-wrap\" style=\"max-width:1248px;margin-left: calc(-4% \/ 2 );margin-right: calc(-4% \/ 2 );\"><div class=\"fusion-layout-column fusion_builder_column fusion-builder-column-12 fusion_builder_column_1_1 1_1 fusion-flex-column\" style=\"--awb-bg-color:var(--awb-color2);--awb-bg-color-hover:var(--awb-color2);--awb-bg-size:cover;--awb-width-large:100%;--awb-margin-top-large:40px;--awb-spacing-right-large:1.92%;--awb-margin-bottom-large:20px;--awb-spacing-left-large:1.92%;--awb-width-medium:100%;--awb-order-medium:0;--awb-spacing-right-medium:1.92%;--awb-spacing-left-medium:1.92%;--awb-width-small:100%;--awb-order-small:0;--awb-spacing-right-small:1.92%;--awb-spacing-left-small:1.92%;\"><div class=\"fusion-column-wrapper fusion-column-has-shadow fusion-flex-justify-content-flex-start fusion-content-layout-column\"><div class=\"fusion-builder-row fusion-builder-row-inner fusion-row fusion-flex-align-items-stretch fusion-flex-justify-content-center fusion-flex-content-wrap\" style=\"width:104% !important;max-width:104% !important;margin-left: calc(-4% \/ 2 );margin-right: calc(-4% \/ 2 );\"><div class=\"fusion-layout-column fusion_builder_column_inner fusion-builder-nested-column-4 fusion_builder_column_inner_1_4 1_4 fusion-flex-column\" style=\"--awb-bg-image:url(&#039;https:\/\/schultz.de\/ratgeber\/wp-content\/uploads\/2023\/03\/popup-bg.jpg&#039;);--awb-bg-position:center center;--awb-bg-size:cover;--awb-width-large:25%;--awb-margin-top-large:0px;--awb-spacing-right-large:7.68%;--awb-margin-bottom-large:0px;--awb-spacing-left-large:7.68%;--awb-width-medium:25%;--awb-order-medium:0;--awb-spacing-right-medium:7.68%;--awb-spacing-left-medium:7.68%;--awb-width-small:100%;--awb-order-small:0;--awb-spacing-right-small:1.92%;--awb-spacing-left-small:1.92%;\"><div class=\"fusion-column-wrapper fusion-column-has-shadow fusion-flex-justify-content-flex-start fusion-content-layout-column fusion-empty-column-bg-image fusion-column-has-bg-image\" data-bg-url=\"https:\/\/schultz.de\/ratgeber\/wp-content\/uploads\/2023\/03\/popup-bg.jpg\"><img decoding=\"async\" class=\"fusion-empty-dims-img-placeholder fusion-no-large-visibility fusion-no-medium-visibility\" src=\"data:image\/gif;base64,R0lGODlhAQABAAAAACH5BAEKAAEALAAAAAABAAEAAAICTAEAOw==\"><\/div><\/div><div class=\"fusion-layout-column fusion_builder_column_inner fusion-builder-nested-column-5 fusion_builder_column_inner_3_4 3_4 fusion-flex-column\" style=\"--awb-padding-top:40px;--awb-padding-top-small:40px;--awb-padding-right-small:20px;--awb-padding-left-small:20px;--awb-bg-size:cover;--awb-width-large:75%;--awb-margin-top-large:0px;--awb-spacing-right-large:2.56%;--awb-margin-bottom-large:20px;--awb-spacing-left-large:2.56%;--awb-width-medium:75%;--awb-order-medium:0;--awb-spacing-right-medium:2.56%;--awb-spacing-left-medium:2.56%;--awb-width-small:100%;--awb-order-small:0;--awb-spacing-right-small:1.92%;--awb-spacing-left-small:1.92%;\" data-scroll-devices=\"small-visibility,medium-visibility,large-visibility\"><div class=\"fusion-column-wrapper fusion-column-has-shadow fusion-flex-justify-content-flex-start fusion-content-layout-column\"><div class=\"fusion-title title fusion-title-12 fusion-sep-none fusion-title-text fusion-title-size-div\" style=\"--awb-text-color:var(--awb-color7);--awb-margin-top:0px;--awb-margin-bottom:0px;--awb-margin-bottom-small:0px;--awb-font-size:30px;\"><div class=\"fusion-title-heading title-heading-left title-heading-tag fusion-responsive-typography-calculated\" style=\"font-family:var(--awb-typography1-font-family);font-weight:var(--awb-typography1-font-weight);font-style:var(--awb-typography1-font-style);margin:0;letter-spacing:var(--awb-typography1-letter-spacing);text-transform:var(--awb-typography1-text-transform);font-size:1em;--fontSize:30;line-height:1.1;\">Erhalten Sie 5 % Rabatt auf Ihre erste Bestellung<\/div><\/div><div class=\"fusion-separator\" style=\"align-self: flex-start;margin-right:auto;margin-top:15px;margin-bottom:15px;width:100%;max-width:100px;\"><div class=\"fusion-separator-border sep-single sep-solid\" style=\"--awb-height:20px;--awb-amount:20px;--awb-sep-color:var(--awb-color4);border-color:var(--awb-color4);border-top-width:1px;\"><\/div><\/div><ul style=\"--awb-item-padding-top:0px;--awb-line-height:27.2px;--awb-icon-width:27.2px;--awb-icon-height:27.2px;--awb-icon-margin:11.2px;--awb-content-margin:38.4px;\" class=\"fusion-checklist fusion-checklist-2 type-icons newsletter-checklist\"><li class=\"fusion-li-item\" style=\"\"><span class=\"icon-wrapper circle-no\"><i class=\"fusion-li-icon fa-check fas\" aria-hidden=\"true\"><\/i><\/span><div class=\"fusion-li-item-content\">\n<p>Newsletter abonnieren \u2013 Rabatt erhalten<\/p>\n<\/div><\/li><li class=\"fusion-li-item\" style=\"\"><span class=\"icon-wrapper circle-no\"><i class=\"fusion-li-icon fa-check fas\" aria-hidden=\"true\"><\/i><\/span><div class=\"fusion-li-item-content\">\n<p>Sonderangebote und Neuheiten per E-Mail<\/p>\n<\/div><\/li><li class=\"fusion-li-item\" style=\"\"><span class=\"icon-wrapper circle-no\"><i class=\"fusion-li-icon fa-check fas\" aria-hidden=\"true\"><\/i><\/span><div class=\"fusion-li-item-content\">\n<p>Kostenlos &amp; jederzeit abbestellbar<\/p>\n<\/div><\/li><\/ul><div ><a class=\"fusion-button button-flat fusion-button-default-size button-default fusion-button-default button-3 fusion-button-default-span fusion-button-default-type\" style=\"--button_margin-top:20px;\" target=\"_blank\" rel=\"noopener noreferrer\" href=\"https:\/\/schultz.de\/newsletter\"><span class=\"fusion-button-text awb-button__text awb-button__text--default\">Newsletter abonnieren<\/span><\/a><\/div><\/div><\/div><\/div><\/div><\/div><div class=\"fusion-layout-column fusion_builder_column fusion-builder-column-13 fusion_builder_column_1_1 1_1 fusion-flex-column\" style=\"--awb-bg-size:cover;--awb-width-large:100%;--awb-margin-top-large:40px;--awb-spacing-right-large:1.92%;--awb-margin-bottom-large:20px;--awb-spacing-left-large:1.92%;--awb-width-medium:100%;--awb-order-medium:0;--awb-spacing-right-medium:1.92%;--awb-spacing-left-medium:1.92%;--awb-width-small:100%;--awb-order-small:0;--awb-spacing-right-small:1.92%;--awb-margin-bottom-small:0;--awb-spacing-left-small:1.92%;\"><div class=\"fusion-column-wrapper fusion-column-has-shadow fusion-flex-justify-content-flex-start fusion-content-layout-column\"> <div class=\"brlbs-cmpnt-container brlbs-cmpnt-content-blocker brlbs-cmpnt-with-individual-styles\" data-borlabs-cookie-content-blocker-id=\"elfsight\" data-borlabs-cookie-content=\"CjxzY3JpcHQgc3JjPSJodHRwczovL2FwcHMuZWxmc2lnaHQuY29tL3AvcGxhdGZvcm0uanMiIGRlZmVyPjwvc2NyaXB0Pgo8ZGl2IGNsYXNzPSJlbGZzaWdodC1hcHAtZTY4YmJlMzYtYjk0My00YzNhLTg0NjEtNmI2NmI1NDQxOWNlIj48L2Rpdj4K\"><div class=\"brlbs-cmpnt-cb-preset-a\"> <p class=\"brlbs-cmpnt-cb-description\">Sie sehen gerade einen Platzhalterinhalt von <strong>Elfsight<\/strong>. Um auf den eigentlichen Inhalt zuzugreifen, klicken Sie auf die Schaltfl\u00e4che unten. Bitte beachten Sie, dass dabei Daten an Drittanbieter weitergegeben werden.<\/p> <div class=\"brlbs-cmpnt-cb-buttons\"> <a class=\"brlbs-cmpnt-cb-btn\" href=\"#\" data-borlabs-cookie-unblock role=\"button\">Inhalt entsperren<\/a> <a class=\"brlbs-cmpnt-cb-btn\" href=\"#\" data-borlabs-cookie-accept-service role=\"button\" style=\"display: inherit\">Erforderlichen Service akzeptieren und Inhalte entsperren<\/a> <\/div> <a class=\"brlbs-cmpnt-cb-provider-toggle\" href=\"#\" data-borlabs-cookie-show-provider-information role=\"button\">Mehr Informationen<\/a> <\/div><\/div><\/div><\/div><\/div><\/div>\n<\/p>\n","protected":false},"excerpt":{"rendered":"","protected":false},"author":2,"featured_media":7513,"comment_status":"open","ping_status":"open","sticky":false,"template":"","format":"standard","meta":{"_acf_changed":false,"footnotes":""},"categories":[85],"tags":[],"class_list":["post-7485","post","type-post","status-publish","format-standard","has-post-thumbnail","hentry","category-gestaltung-und-einrichtung"],"acf":[],"yoast_head":"<!-- This site is optimized with the Yoast SEO plugin v26.5 - https:\/\/yoast.com\/wordpress\/plugins\/seo\/ -->\n<title>Pausenraum gestalten und einrichten \u25ba So geht&#039;s<\/title>\n<meta name=\"description\" content=\"Erhalten Sie wertvolle Tipps und Ideen, um Ihren Pausenraum zu gestalten und eine entspannende Umgebung f\u00fcr Ihre Mitarbeiter zu schaffen. \u279c Jetzt lesen.\" \/>\n<meta name=\"robots\" content=\"index, follow, max-snippet:-1, max-image-preview:large, max-video-preview:-1\" \/>\n<link rel=\"canonical\" href=\"https:\/\/schultz.de\/ratgeber\/pausenraum-gestalten\/\" \/>\n<meta property=\"og:locale\" content=\"de_DE\" \/>\n<meta property=\"og:type\" content=\"article\" \/>\n<meta property=\"og:title\" content=\"Pausenraum gestalten und einrichten \u25ba So geht&#039;s\" \/>\n<meta property=\"og:description\" content=\"Erhalten Sie wertvolle Tipps und Ideen, um Ihren Pausenraum zu gestalten und eine entspannende Umgebung f\u00fcr Ihre Mitarbeiter zu schaffen. \u279c Jetzt lesen.\" \/>\n<meta property=\"og:url\" content=\"https:\/\/schultz.de\/ratgeber\/pausenraum-gestalten\/\" \/>\n<meta property=\"og:site_name\" content=\"Schultz Ratgeber\" \/>\n<meta property=\"article:publisher\" content=\"https:\/\/www.facebook.com\/schultz.de\/\" \/>\n<meta property=\"article:published_time\" content=\"2024-03-13T12:08:38+00:00\" \/>\n<meta property=\"article:modified_time\" content=\"2024-03-27T04:02:24+00:00\" \/>\n<meta property=\"og:image\" content=\"https:\/\/schultz.de\/ratgeber\/wp-content\/uploads\/2024\/03\/Pausenraum-gestalten.jpg\" \/>\n\t<meta property=\"og:image:width\" content=\"1920\" \/>\n\t<meta property=\"og:image:height\" content=\"962\" \/>\n\t<meta property=\"og:image:type\" content=\"image\/jpeg\" \/>\n<meta name=\"author\" content=\"Nicolas Schultz\" \/>\n<script type=\"application\/ld+json\" class=\"yoast-schema-graph\">{\"@context\":\"https:\/\/schema.org\",\"@graph\":[{\"@type\":\"Article\",\"@id\":\"https:\/\/schultz.de\/ratgeber\/pausenraum-gestalten\/#article\",\"isPartOf\":{\"@id\":\"https:\/\/schultz.de\/ratgeber\/pausenraum-gestalten\/\"},\"author\":{\"name\":\"Nicolas Schultz\",\"@id\":\"https:\/\/schultz.de\/ratgeber\/#\/schema\/person\/fd10318afcbad7472f446bdd3d2a0af4\"},\"headline\":\"Pausenraum gestalten: So schaffen Sie ein angenehmes Ambiente\",\"datePublished\":\"2024-03-13T12:08:38+00:00\",\"dateModified\":\"2024-03-27T04:02:24+00:00\",\"mainEntityOfPage\":{\"@id\":\"https:\/\/schultz.de\/ratgeber\/pausenraum-gestalten\/\"},\"wordCount\":5040,\"commentCount\":0,\"publisher\":{\"@id\":\"https:\/\/schultz.de\/ratgeber\/#organization\"},\"image\":{\"@id\":\"https:\/\/schultz.de\/ratgeber\/pausenraum-gestalten\/#primaryimage\"},\"thumbnailUrl\":\"https:\/\/schultz.de\/ratgeber\/wp-content\/uploads\/2024\/03\/Pausenraum-gestalten.webp\",\"articleSection\":[\"Gestaltung und Einrichtung\"],\"inLanguage\":\"de\",\"potentialAction\":[{\"@type\":\"CommentAction\",\"name\":\"Comment\",\"target\":[\"https:\/\/schultz.de\/ratgeber\/pausenraum-gestalten\/#respond\"]}]},{\"@type\":\"WebPage\",\"@id\":\"https:\/\/schultz.de\/ratgeber\/pausenraum-gestalten\/\",\"url\":\"https:\/\/schultz.de\/ratgeber\/pausenraum-gestalten\/\",\"name\":\"Pausenraum gestalten und einrichten \u25ba So geht's\",\"isPartOf\":{\"@id\":\"https:\/\/schultz.de\/ratgeber\/#website\"},\"primaryImageOfPage\":{\"@id\":\"https:\/\/schultz.de\/ratgeber\/pausenraum-gestalten\/#primaryimage\"},\"image\":{\"@id\":\"https:\/\/schultz.de\/ratgeber\/pausenraum-gestalten\/#primaryimage\"},\"thumbnailUrl\":\"https:\/\/schultz.de\/ratgeber\/wp-content\/uploads\/2024\/03\/Pausenraum-gestalten.webp\",\"datePublished\":\"2024-03-13T12:08:38+00:00\",\"dateModified\":\"2024-03-27T04:02:24+00:00\",\"description\":\"Erhalten Sie wertvolle Tipps und Ideen, um Ihren Pausenraum zu gestalten und eine entspannende Umgebung f\u00fcr Ihre Mitarbeiter zu schaffen. \u279c Jetzt lesen.\",\"breadcrumb\":{\"@id\":\"https:\/\/schultz.de\/ratgeber\/pausenraum-gestalten\/#breadcrumb\"},\"inLanguage\":\"de\",\"potentialAction\":[{\"@type\":\"ReadAction\",\"target\":[\"https:\/\/schultz.de\/ratgeber\/pausenraum-gestalten\/\"]}]},{\"@type\":\"ImageObject\",\"inLanguage\":\"de\",\"@id\":\"https:\/\/schultz.de\/ratgeber\/pausenraum-gestalten\/#primaryimage\",\"url\":\"https:\/\/schultz.de\/ratgeber\/wp-content\/uploads\/2024\/03\/Pausenraum-gestalten.webp\",\"contentUrl\":\"https:\/\/schultz.de\/ratgeber\/wp-content\/uploads\/2024\/03\/Pausenraum-gestalten.webp\",\"width\":1920,\"height\":962,\"caption\":\"Ein modern gestalteter Pausenraum mit Ziegelwand, Holzboden und einer Mischung aus runden und eckigen Tischen.\"},{\"@type\":\"BreadcrumbList\",\"@id\":\"https:\/\/schultz.de\/ratgeber\/pausenraum-gestalten\/#breadcrumb\",\"itemListElement\":[{\"@type\":\"ListItem\",\"position\":1,\"name\":\"Home\",\"item\":\"https:\/\/schultz.de\/ratgeber\/\"},{\"@type\":\"ListItem\",\"position\":2,\"name\":\"Pausenraum gestalten: So schaffen Sie ein angenehmes Ambiente\"}]},{\"@type\":\"WebSite\",\"@id\":\"https:\/\/schultz.de\/ratgeber\/#website\",\"url\":\"https:\/\/schultz.de\/ratgeber\/\",\"name\":\"SCHULTZ Ratgeber\",\"description\":\"\",\"publisher\":{\"@id\":\"https:\/\/schultz.de\/ratgeber\/#organization\"},\"potentialAction\":[{\"@type\":\"SearchAction\",\"target\":{\"@type\":\"EntryPoint\",\"urlTemplate\":\"https:\/\/schultz.de\/ratgeber\/?s={search_term_string}\"},\"query-input\":{\"@type\":\"PropertyValueSpecification\",\"valueRequired\":true,\"valueName\":\"search_term_string\"}}],\"inLanguage\":\"de\"},{\"@type\":\"Organization\",\"@id\":\"https:\/\/schultz.de\/ratgeber\/#organization\",\"name\":\"SCHULTZ\",\"url\":\"https:\/\/schultz.de\/ratgeber\/\",\"logo\":{\"@type\":\"ImageObject\",\"inLanguage\":\"de\",\"@id\":\"https:\/\/schultz.de\/ratgeber\/#\/schema\/logo\/image\/\",\"url\":\"\",\"contentUrl\":\"\",\"caption\":\"SCHULTZ\"},\"image\":{\"@id\":\"https:\/\/schultz.de\/ratgeber\/#\/schema\/logo\/image\/\"},\"sameAs\":[\"https:\/\/www.facebook.com\/schultz.de\/\",\"https:\/\/www.linkedin.com\/company\/schultz-moebel\/\",\"https:\/\/www.instagram.com\/schultz_bueromoebel\/\",\"https:\/\/www.youtube.com\/user\/SchultzEinrichtungen\"]},{\"@type\":\"Person\",\"@id\":\"https:\/\/schultz.de\/ratgeber\/#\/schema\/person\/fd10318afcbad7472f446bdd3d2a0af4\",\"name\":\"Nicolas Schultz\",\"image\":{\"@type\":\"ImageObject\",\"inLanguage\":\"de\",\"@id\":\"https:\/\/schultz.de\/ratgeber\/#\/schema\/person\/image\/\",\"url\":\"https:\/\/schultz.de\/ratgeber\/wp-content\/uploads\/2023\/03\/cropped-team5-white-square-96x96.png\",\"contentUrl\":\"https:\/\/schultz.de\/ratgeber\/wp-content\/uploads\/2023\/03\/cropped-team5-white-square-96x96.png\",\"caption\":\"Nicolas Schultz\"},\"description\":\"Gesch\u00e4ftsf\u00fchrer Durch seine Erfahrung und sein Fachwissen in der M\u00f6belbranche wei\u00df Nicolas, wie wichtig die richtige Ergonomie f\u00fcr die Gesundheit und Fitness der Menschen ist. Sein Ziel ist es, dass jeder Kunde gesund und fit bleibt und seine Arbeit oder sein Leben ohne Schmerzen und Beschwerden genie\u00dfen kann. Neben seiner Leidenschaft f\u00fcr die Arbeit als Gesch\u00e4ftsf\u00fchrer f\u00e4hrt er gerne mit dem Fahrrad durch den Wald und liebt es, neue Orte zu entdecken. Sein Interesse f\u00fcr das Reisen hat ihm wertvolle Einblicke in verschiedene Kulturen und Lebensweisen gegeben.\",\"url\":\"https:\/\/schultz.de\/ratgeber\/author\/schultz-blog_admin\/\"}]}<\/script>\n<!-- \/ Yoast SEO plugin. -->","yoast_head_json":{"title":"Pausenraum gestalten und einrichten \u25ba So geht's","description":"Erhalten Sie wertvolle Tipps und Ideen, um Ihren Pausenraum zu gestalten und eine entspannende Umgebung f\u00fcr Ihre Mitarbeiter zu schaffen. \u279c Jetzt lesen.","robots":{"index":"index","follow":"follow","max-snippet":"max-snippet:-1","max-image-preview":"max-image-preview:large","max-video-preview":"max-video-preview:-1"},"canonical":"https:\/\/schultz.de\/ratgeber\/pausenraum-gestalten\/","og_locale":"de_DE","og_type":"article","og_title":"Pausenraum gestalten und einrichten \u25ba So geht's","og_description":"Erhalten Sie wertvolle Tipps und Ideen, um Ihren Pausenraum zu gestalten und eine entspannende Umgebung f\u00fcr Ihre Mitarbeiter zu schaffen. \u279c Jetzt lesen.","og_url":"https:\/\/schultz.de\/ratgeber\/pausenraum-gestalten\/","og_site_name":"Schultz Ratgeber","article_publisher":"https:\/\/www.facebook.com\/schultz.de\/","article_published_time":"2024-03-13T12:08:38+00:00","article_modified_time":"2024-03-27T04:02:24+00:00","og_image":[{"width":1920,"height":962,"url":"https:\/\/schultz.de\/ratgeber\/wp-content\/uploads\/2024\/03\/Pausenraum-gestalten.jpg","type":"image\/jpeg"}],"author":"Nicolas Schultz","schema":{"@context":"https:\/\/schema.org","@graph":[{"@type":"Article","@id":"https:\/\/schultz.de\/ratgeber\/pausenraum-gestalten\/#article","isPartOf":{"@id":"https:\/\/schultz.de\/ratgeber\/pausenraum-gestalten\/"},"author":{"name":"Nicolas Schultz","@id":"https:\/\/schultz.de\/ratgeber\/#\/schema\/person\/fd10318afcbad7472f446bdd3d2a0af4"},"headline":"Pausenraum gestalten: So schaffen Sie ein angenehmes Ambiente","datePublished":"2024-03-13T12:08:38+00:00","dateModified":"2024-03-27T04:02:24+00:00","mainEntityOfPage":{"@id":"https:\/\/schultz.de\/ratgeber\/pausenraum-gestalten\/"},"wordCount":5040,"commentCount":0,"publisher":{"@id":"https:\/\/schultz.de\/ratgeber\/#organization"},"image":{"@id":"https:\/\/schultz.de\/ratgeber\/pausenraum-gestalten\/#primaryimage"},"thumbnailUrl":"https:\/\/schultz.de\/ratgeber\/wp-content\/uploads\/2024\/03\/Pausenraum-gestalten.webp","articleSection":["Gestaltung und Einrichtung"],"inLanguage":"de","potentialAction":[{"@type":"CommentAction","name":"Comment","target":["https:\/\/schultz.de\/ratgeber\/pausenraum-gestalten\/#respond"]}]},{"@type":"WebPage","@id":"https:\/\/schultz.de\/ratgeber\/pausenraum-gestalten\/","url":"https:\/\/schultz.de\/ratgeber\/pausenraum-gestalten\/","name":"Pausenraum gestalten und einrichten \u25ba So geht's","isPartOf":{"@id":"https:\/\/schultz.de\/ratgeber\/#website"},"primaryImageOfPage":{"@id":"https:\/\/schultz.de\/ratgeber\/pausenraum-gestalten\/#primaryimage"},"image":{"@id":"https:\/\/schultz.de\/ratgeber\/pausenraum-gestalten\/#primaryimage"},"thumbnailUrl":"https:\/\/schultz.de\/ratgeber\/wp-content\/uploads\/2024\/03\/Pausenraum-gestalten.webp","datePublished":"2024-03-13T12:08:38+00:00","dateModified":"2024-03-27T04:02:24+00:00","description":"Erhalten Sie wertvolle Tipps und Ideen, um Ihren Pausenraum zu gestalten und eine entspannende Umgebung f\u00fcr Ihre Mitarbeiter zu schaffen. \u279c Jetzt lesen.","breadcrumb":{"@id":"https:\/\/schultz.de\/ratgeber\/pausenraum-gestalten\/#breadcrumb"},"inLanguage":"de","potentialAction":[{"@type":"ReadAction","target":["https:\/\/schultz.de\/ratgeber\/pausenraum-gestalten\/"]}]},{"@type":"ImageObject","inLanguage":"de","@id":"https:\/\/schultz.de\/ratgeber\/pausenraum-gestalten\/#primaryimage","url":"https:\/\/schultz.de\/ratgeber\/wp-content\/uploads\/2024\/03\/Pausenraum-gestalten.webp","contentUrl":"https:\/\/schultz.de\/ratgeber\/wp-content\/uploads\/2024\/03\/Pausenraum-gestalten.webp","width":1920,"height":962,"caption":"Ein modern gestalteter Pausenraum mit Ziegelwand, Holzboden und einer Mischung aus runden und eckigen Tischen."},{"@type":"BreadcrumbList","@id":"https:\/\/schultz.de\/ratgeber\/pausenraum-gestalten\/#breadcrumb","itemListElement":[{"@type":"ListItem","position":1,"name":"Home","item":"https:\/\/schultz.de\/ratgeber\/"},{"@type":"ListItem","position":2,"name":"Pausenraum gestalten: So schaffen Sie ein angenehmes Ambiente"}]},{"@type":"WebSite","@id":"https:\/\/schultz.de\/ratgeber\/#website","url":"https:\/\/schultz.de\/ratgeber\/","name":"SCHULTZ Ratgeber","description":"","publisher":{"@id":"https:\/\/schultz.de\/ratgeber\/#organization"},"potentialAction":[{"@type":"SearchAction","target":{"@type":"EntryPoint","urlTemplate":"https:\/\/schultz.de\/ratgeber\/?s={search_term_string}"},"query-input":{"@type":"PropertyValueSpecification","valueRequired":true,"valueName":"search_term_string"}}],"inLanguage":"de"},{"@type":"Organization","@id":"https:\/\/schultz.de\/ratgeber\/#organization","name":"SCHULTZ","url":"https:\/\/schultz.de\/ratgeber\/","logo":{"@type":"ImageObject","inLanguage":"de","@id":"https:\/\/schultz.de\/ratgeber\/#\/schema\/logo\/image\/","url":"","contentUrl":"","caption":"SCHULTZ"},"image":{"@id":"https:\/\/schultz.de\/ratgeber\/#\/schema\/logo\/image\/"},"sameAs":["https:\/\/www.facebook.com\/schultz.de\/","https:\/\/www.linkedin.com\/company\/schultz-moebel\/","https:\/\/www.instagram.com\/schultz_bueromoebel\/","https:\/\/www.youtube.com\/user\/SchultzEinrichtungen"]},{"@type":"Person","@id":"https:\/\/schultz.de\/ratgeber\/#\/schema\/person\/fd10318afcbad7472f446bdd3d2a0af4","name":"Nicolas Schultz","image":{"@type":"ImageObject","inLanguage":"de","@id":"https:\/\/schultz.de\/ratgeber\/#\/schema\/person\/image\/","url":"https:\/\/schultz.de\/ratgeber\/wp-content\/uploads\/2023\/03\/cropped-team5-white-square-96x96.png","contentUrl":"https:\/\/schultz.de\/ratgeber\/wp-content\/uploads\/2023\/03\/cropped-team5-white-square-96x96.png","caption":"Nicolas Schultz"},"description":"Gesch\u00e4ftsf\u00fchrer Durch seine Erfahrung und sein Fachwissen in der M\u00f6belbranche wei\u00df Nicolas, wie wichtig die richtige Ergonomie f\u00fcr die Gesundheit und Fitness der Menschen ist. Sein Ziel ist es, dass jeder Kunde gesund und fit bleibt und seine Arbeit oder sein Leben ohne Schmerzen und Beschwerden genie\u00dfen kann. Neben seiner Leidenschaft f\u00fcr die Arbeit als Gesch\u00e4ftsf\u00fchrer f\u00e4hrt er gerne mit dem Fahrrad durch den Wald und liebt es, neue Orte zu entdecken. Sein Interesse f\u00fcr das Reisen hat ihm wertvolle Einblicke in verschiedene Kulturen und Lebensweisen gegeben.","url":"https:\/\/schultz.de\/ratgeber\/author\/schultz-blog_admin\/"}]}},"_links":{"self":[{"href":"https:\/\/schultz.de\/ratgeber\/wp-json\/wp\/v2\/posts\/7485","targetHints":{"allow":["GET"]}}],"collection":[{"href":"https:\/\/schultz.de\/ratgeber\/wp-json\/wp\/v2\/posts"}],"about":[{"href":"https:\/\/schultz.de\/ratgeber\/wp-json\/wp\/v2\/types\/post"}],"author":[{"embeddable":true,"href":"https:\/\/schultz.de\/ratgeber\/wp-json\/wp\/v2\/users\/2"}],"replies":[{"embeddable":true,"href":"https:\/\/schultz.de\/ratgeber\/wp-json\/wp\/v2\/comments?post=7485"}],"version-history":[{"count":5,"href":"https:\/\/schultz.de\/ratgeber\/wp-json\/wp\/v2\/posts\/7485\/revisions"}],"predecessor-version":[{"id":7794,"href":"https:\/\/schultz.de\/ratgeber\/wp-json\/wp\/v2\/posts\/7485\/revisions\/7794"}],"wp:featuredmedia":[{"embeddable":true,"href":"https:\/\/schultz.de\/ratgeber\/wp-json\/wp\/v2\/media\/7513"}],"wp:attachment":[{"href":"https:\/\/schultz.de\/ratgeber\/wp-json\/wp\/v2\/media?parent=7485"}],"wp:term":[{"taxonomy":"category","embeddable":true,"href":"https:\/\/schultz.de\/ratgeber\/wp-json\/wp\/v2\/categories?post=7485"},{"taxonomy":"post_tag","embeddable":true,"href":"https:\/\/schultz.de\/ratgeber\/wp-json\/wp\/v2\/tags?post=7485"}],"curies":[{"name":"wp","href":"https:\/\/api.w.org\/{rel}","templated":true}]}}