{"id":6228,"date":"2023-10-19T10:05:49","date_gmt":"2023-10-19T08:05:49","guid":{"rendered":"https:\/\/schultz.de\/ratgeber\/?p=6228"},"modified":"2025-07-30T15:05:29","modified_gmt":"2025-07-30T13:05:29","slug":"schreibtisch-masse","status":"publish","type":"post","link":"https:\/\/schultz.de\/ratgeber\/schreibtisch-masse\/","title":{"rendered":"So finden Sie die optimale Schreibtischgr\u00f6\u00dfe f\u00fcr Ihr B\u00fcro"},"content":{"rendered":"<p><div class=\"fusion-fullwidth fullwidth-box fusion-builder-row-1 fusion-flex-container has-pattern-background has-mask-background nonhundred-percent-fullwidth non-hundred-percent-height-scrolling\" style=\"--awb-border-sizes-top:0px;--awb-border-sizes-bottom:0px;--awb-border-sizes-left:0px;--awb-border-sizes-right:0px;--awb-border-radius-top-left:0px;--awb-border-radius-top-right:0px;--awb-border-radius-bottom-right:0px;--awb-border-radius-bottom-left:0px;--awb-padding-top:40px;--awb-padding-right:40px;--awb-padding-left:40px;--awb-background-color:var(--awb-color1);--awb-flex-wrap:wrap;\" ><div class=\"fusion-builder-row fusion-row fusion-flex-align-items-flex-start fusion-flex-content-wrap\" style=\"max-width:1248px;margin-left: calc(-4% \/ 2 );margin-right: calc(-4% \/ 2 );\"><div class=\"fusion-layout-column fusion_builder_column fusion-builder-column-0 fusion_builder_column_1_2 1_2 fusion-flex-column\" style=\"--awb-bg-color:rgba(255,255,255,0);--awb-bg-color-hover:rgba(255,255,255,0);--awb-bg-size:cover;--awb-border-color:var(--awb-color5);--awb-border-top:0px;--awb-border-style:solid;--awb-width-large:50%;--awb-margin-top-large:0px;--awb-spacing-right-large:3.84%;--awb-margin-bottom-large:20px;--awb-spacing-left-large:3.84%;--awb-width-medium:100%;--awb-order-medium:0;--awb-spacing-right-medium:1.92%;--awb-spacing-left-medium:1.92%;--awb-width-small:100%;--awb-order-small:0;--awb-spacing-right-small:1.92%;--awb-spacing-left-small:1.92%;\"><div class=\"fusion-column-wrapper fusion-column-has-shadow fusion-flex-justify-content-flex-start fusion-content-layout-column\"><div class=\"fusion-text fusion-text-1\" style=\"--awb-font-size:var(--awb-typography2-font-size);--awb-line-height:var(--awb-typography2-line-height);--awb-letter-spacing:var(--awb-typography2-letter-spacing);--awb-text-transform:none;--awb-text-font-family:var(--awb-typography2-font-family);--awb-text-font-weight:var(--awb-typography2-font-weight);--awb-text-font-style:var(--awb-typography2-font-style);\"><p>Haben Sie manchmal das Gef\u00fchl, in Ihrem B\u00fcro eingeengt zu sein? Oder vielleicht haben Sie auch viel zu viel Platz, sodass Sie sich regelm\u00e4\u00dfig strecken m\u00fcssen, um das Telefon oder wichtige Dokumente zu erreichen. Dann hat Ihr Schreibtisch sehr wahrscheinlich nicht die optimale Gr\u00f6\u00dfe f\u00fcr Ihr B\u00fcro.<\/p>\n<\/div><\/div><\/div><div class=\"fusion-layout-column fusion_builder_column fusion-builder-column-1 fusion_builder_column_1_2 1_2 fusion-flex-column\" style=\"--awb-padding-top:20px;--awb-padding-right:20px;--awb-padding-bottom:20px;--awb-padding-left:20px;--awb-bg-color:var(--awb-color3);--awb-bg-color-hover:var(--awb-color3);--awb-bg-size:cover;--awb-border-color:var(--awb-color5);--awb-border-top:0px;--awb-border-style:solid;--awb-width-large:50%;--awb-margin-top-large:0px;--awb-spacing-right-large:3.84%;--awb-margin-bottom-large:20px;--awb-spacing-left-large:3.84%;--awb-width-medium:100%;--awb-order-medium:0;--awb-spacing-right-medium:1.92%;--awb-spacing-left-medium:1.92%;--awb-width-small:100%;--awb-order-small:0;--awb-spacing-right-small:1.92%;--awb-spacing-left-small:1.92%;\" data-scroll-devices=\"small-visibility,medium-visibility,large-visibility\"><div class=\"fusion-column-wrapper fusion-column-has-shadow fusion-flex-justify-content-flex-start fusion-content-layout-column\"><div class=\"fusion-text fusion-text-2 fusion-text-no-margin\" style=\"--awb-font-size:20px;--awb-text-transform:uppercase;--awb-text-color:var(--awb-color7);--awb-margin-bottom:10px;\"><p><strong>Inhaltsverzeichnis<\/strong><\/p>\n<\/div><div class=\"awb-toc-el awb-toc-el--1\" data-awb-toc-id=\"1\" data-awb-toc-options=\"{&quot;allowed_heading_tags&quot;:{&quot;h2&quot;:0},&quot;ignore_headings&quot;:&quot;.related-posts h2,#reply-title, ul h4&quot;,&quot;ignore_headings_words&quot;:&quot;Produktdesign|10 Euro Gutschein sichern&quot;,&quot;enable_cache&quot;:&quot;yes&quot;,&quot;highlight_current_heading&quot;:&quot;no&quot;,&quot;hide_hidden_titles&quot;:&quot;yes&quot;,&quot;limit_container&quot;:&quot;all&quot;,&quot;select_custom_headings&quot;:&quot;&quot;,&quot;icon&quot;:&quot;fa-flag fas&quot;,&quot;counter_type&quot;:&quot;decimal&quot;}\" style=\"--awb-item-color:var(--awb-color6);--awb-list-indent:1em;--awb-counter-type:counters(awb-toc, &quot;.&quot;, decimal) &quot;. &quot;;--awb-item-overflow:hidden;--awb-item-white-space:nowrap;--awb-item-text-overflow:ellipsis;\"><div class=\"awb-toc-el__content\"><ul class=\"awb-toc-el__list awb-toc-el__list--0\"><li class=\"awb-toc-el__list-item\"><a class=\"awb-toc-el__item-anchor\" href=\"#toc_Warum_ist_die_Schreibtischgroe_wichtig\">Warum ist die Schreibtischgr\u00f6\u00dfe wichtig?<\/a><\/li><li class=\"awb-toc-el__list-item\"><a class=\"awb-toc-el__item-anchor\" href=\"#toc_Standardmae_fur_Schreibtische\">Standardma\u00dfe f\u00fcr Schreibtische<\/a><\/li><li class=\"awb-toc-el__list-item\"><a class=\"awb-toc-el__item-anchor\" href=\"#toc_So_wahlen_Sie_die_optimale_Schreibtischgroe_aus\">So w\u00e4hlen Sie die optimale Schreibtischgr\u00f6\u00dfe aus<\/a><\/li><li class=\"awb-toc-el__list-item\"><a class=\"awb-toc-el__item-anchor\" href=\"#toc_Beliebte_SchreibtischMae_im_Uberblick\">Beliebte Schreibtisch-Ma\u00dfe im \u00dcberblick<\/a><\/li><li class=\"awb-toc-el__list-item\"><a class=\"awb-toc-el__item-anchor\" href=\"#toc_Haufige_Fragen_zu_SchreibtischMaen\">H\u00e4ufige Fragen zu Schreibtisch-Ma\u00dfen<\/a><\/li><li class=\"awb-toc-el__list-item\"><a class=\"awb-toc-el__item-anchor\" href=\"#toc_Fazit_Finden_der_richtigen_Schreibtischmae\">Fazit: Finden der richtigen Schreibtischma\u00dfe<\/a><\/li><li class=\"awb-toc-el__list-item\"><a class=\"awb-toc-el__item-anchor\" href=\"#toc_Quellen\">Quellen<\/a><\/li><\/ul><\/div><\/div><\/div><\/div>\n<div class=\"fusion-layout-column fusion_builder_column fusion-builder-column-2 fusion_builder_column_1_4 1_4 fusion-flex-column fusion-flex-align-self-stretch meta-box fusion-animated\" style=\"--awb-bg-blend:overlay;--awb-bg-size:cover;--awb-box-shadow:5px 0px 8px 0px hsla(var(--awb-color8-h),var(--awb-color8-s),calc( var(--awb-color8-l) - 9% ),calc( var(--awb-color8-a) - 95% ));;--awb-border-color:var(--awb-color5);--awb-border-top:2px;--awb-border-style:solid;--awb-width-large:25%;--awb-margin-top-large:25px;--awb-spacing-right-large:5.76%;--awb-margin-bottom-large:20px;--awb-spacing-left-large:7.68%;--awb-width-medium:50%;--awb-order-medium:0;--awb-spacing-right-medium:2.88%;--awb-spacing-left-medium:3.84%;--awb-width-small:100%;--awb-order-small:0;--awb-spacing-right-small:1.92%;--awb-spacing-left-small:1.92%;\" data-animationType=\"fadeInUp\" data-animationDuration=\"1.0\" data-animationOffset=\"top-into-view\"><div class=\"fusion-column-wrapper fusion-column-has-shadow fusion-flex-justify-content-flex-start fusion-content-layout-column\"><div class=\"fusion-text fusion-text-3 fusion-text-no-margin\" style=\"--awb-content-alignment:center;--awb-font-size:20px;--awb-text-transform:uppercase;--awb-text-color:var(--awb-color7);--awb-margin-top:20px;\"><p><strong>Autor<\/strong><\/p>\n<\/div><div class=\"fusion-text fusion-text-4\" style=\"--awb-content-alignment:center;--awb-margin-top:5px;\"><p>Nicolas Schultz<\/p>\n<\/div><\/div><\/div>\n<div class=\"fusion-layout-column fusion_builder_column fusion-builder-column-3 fusion_builder_column_1_4 1_4 fusion-flex-column fusion-flex-align-self-stretch meta-box fusion-animated\" style=\"--awb-bg-blend:overlay;--awb-bg-size:cover;--awb-box-shadow:5px 0px 8px 0px hsla(var(--awb-color8-h),var(--awb-color8-s),calc( var(--awb-color8-l) - 9% ),calc( var(--awb-color8-a) - 95% ));;--awb-border-color:var(--awb-color5);--awb-border-top:2px;--awb-border-style:solid;--awb-width-large:25%;--awb-margin-top-large:25px;--awb-spacing-right-large:5.76%;--awb-margin-bottom-large:20px;--awb-spacing-left-large:5.76%;--awb-width-medium:50%;--awb-order-medium:0;--awb-spacing-right-medium:2.88%;--awb-spacing-left-medium:2.88%;--awb-width-small:100%;--awb-order-small:0;--awb-margin-top-small:0;--awb-spacing-right-small:1.92%;--awb-spacing-left-small:1.92%;\" data-animationType=\"fadeInUp\" data-animationDuration=\"1.5\" data-animationOffset=\"top-into-view\"><div class=\"fusion-column-wrapper fusion-column-has-shadow fusion-flex-justify-content-flex-start fusion-content-layout-column\"><div class=\"fusion-text fusion-text-5 fusion-text-no-margin\" style=\"--awb-content-alignment:center;--awb-font-size:20px;--awb-text-transform:uppercase;--awb-text-color:var(--awb-color7);--awb-margin-top:20px;\"><p><strong>Kategorie<\/strong><\/p>\n<\/div><div class=\"fusion-text fusion-text-6\" style=\"--awb-content-alignment:center;--awb-margin-top:5px;\"><\/div><\/div><\/div>\n<div class=\"fusion-layout-column fusion_builder_column fusion-builder-column-4 fusion_builder_column_1_4 1_4 fusion-flex-column fusion-flex-align-self-stretch meta-box fusion-animated\" style=\"--awb-bg-blend:overlay;--awb-bg-size:cover;--awb-box-shadow:5px 0px 8px 0px hsla(var(--awb-color8-h),var(--awb-color8-s),calc( var(--awb-color8-l) - 9% ),calc( var(--awb-color8-a) - 95% ));;--awb-border-color:var(--awb-color5);--awb-border-top:2px;--awb-border-style:solid;--awb-width-large:25%;--awb-margin-top-large:25px;--awb-spacing-right-large:5.76%;--awb-margin-bottom-large:20px;--awb-spacing-left-large:5.76%;--awb-width-medium:50%;--awb-order-medium:0;--awb-spacing-right-medium:2.88%;--awb-spacing-left-medium:2.88%;--awb-width-small:100%;--awb-order-small:0;--awb-margin-top-small:0;--awb-spacing-right-small:1.92%;--awb-spacing-left-small:1.92%;\" data-animationType=\"fadeInUp\" data-animationDuration=\"2.0\" data-animationOffset=\"top-into-view\"><div class=\"fusion-column-wrapper fusion-column-has-shadow fusion-flex-justify-content-flex-start fusion-content-layout-column\"><div class=\"fusion-text fusion-text-7 fusion-text-no-margin\" style=\"--awb-content-alignment:center;--awb-font-size:20px;--awb-text-transform:uppercase;--awb-text-color:var(--awb-color7);--awb-margin-top:20px;\"><p><strong>Aktualisiert<\/strong><\/p>\n<\/div><div class=\"fusion-text fusion-text-8\" style=\"--awb-content-alignment:center;--awb-margin-top:5px;\"><p>30. Juli 2025<\/p>\n<\/div><\/div><\/div>\n<div class=\"fusion-layout-column fusion_builder_column fusion-builder-column-5 fusion_builder_column_1_4 1_4 fusion-flex-column fusion-flex-align-self-stretch meta-box fusion-animated\" style=\"--awb-padding-bottom:15px;--awb-bg-blend:overlay;--awb-bg-size:cover;--awb-box-shadow:5px 0px 8px 0px hsla(var(--awb-color8-h),var(--awb-color8-s),calc( var(--awb-color8-l) - 9% ),calc( var(--awb-color8-a) - 95% ));;--awb-border-color:var(--awb-color5);--awb-border-top:2px;--awb-border-style:solid;--awb-width-large:25%;--awb-margin-top-large:25px;--awb-spacing-right-large:7.68%;--awb-margin-bottom-large:20px;--awb-spacing-left-large:5.76%;--awb-width-medium:50%;--awb-order-medium:0;--awb-spacing-right-medium:3.84%;--awb-spacing-left-medium:2.88%;--awb-width-small:100%;--awb-order-small:0;--awb-margin-top-small:0;--awb-spacing-right-small:1.92%;--awb-spacing-left-small:1.92%;\" data-animationType=\"fadeInUp\" data-animationDuration=\"2.5\" data-animationOffset=\"top-into-view\"><div class=\"fusion-column-wrapper fusion-column-has-shadow fusion-flex-justify-content-flex-start fusion-content-layout-column\"><div class=\"fusion-text fusion-text-9 fusion-text-no-margin\" style=\"--awb-content-alignment:center;--awb-font-size:20px;--awb-text-transform:uppercase;--awb-text-color:var(--awb-color7);--awb-margin-top:20px;\"><p><strong>Teilen<br \/>\n<\/strong><\/p>\n<\/div><div class=\"fusion-sharing-box fusion-sharing-box-1 hh-social-sharing\" style=\"background-color:var(--awb-color1);border-color:#cccccc;--awb-margin-top:0px;--awb-margin-right:0px;--awb-margin-bottom:0px;--awb-margin-left:0px;--awb-separator-border-color:#cccccc;--awb-separator-border-sizes:0px;--awb-alignment:center;--awb-layout:row;--awb-alignment-small:space-between;--awb-stacked-align-small:center;\" data-title=\"So finden Sie die optimale Schreibtischgr\u00f6\u00dfe f\u00fcr Ihr B\u00fcro\" data-description=\"Haben Sie manchmal das Gef\u00fchl, in Ihrem B\u00fcro eingeengt zu sein? Oder vielleicht haben Sie auch viel zu viel Platz, sodass Sie sich regelm\u00e4\u00dfig strecken m\u00fcssen, um das Telefon oder wichtige Dokumente zu erreichen. Dann hat Ihr Schreibtisch sehr wahrscheinlich nicht die optimale Gr\u00f6\u00dfe f\u00fcr Ihr B\u00fcro.\" data-link=\"https:\/\/schultz.de\/ratgeber\/schreibtisch-masse\/\"><div class=\"fusion-social-networks sharingbox-shortcode-icon-wrapper sharingbox-shortcode-icon-wrapper-1\"><span><a href=\"https:\/\/www.facebook.com\/sharer.php?u=https%3A%2F%2Fschultz.de%2Fratgeber%2Fschreibtisch-masse%2F&amp;t=So%20finden%20Sie%20die%20optimale%20Schreibtischgr%C3%B6%C3%9Fe%20f%C3%BCr%20Ihr%20B%C3%BCro\" target=\"_blank\" rel=\"noreferrer\" title=\"Facebook\" aria-label=\"Facebook\" data-placement=\"bottom\" data-toggle=\"tooltip\" data-title=\"Facebook\"><i class=\"fusion-social-network-icon fusion-tooltip fusion-facebook awb-icon-facebook\" style=\"color:var(--awb-color6);\" aria-hidden=\"true\"><\/i><\/a><\/span><span><a href=\"https:\/\/x.com\/intent\/post?text=So%20finden%20Sie%20die%20optimale%20Schreibtischgr%C3%B6%C3%9Fe%20f%C3%BCr%20Ihr%20B%C3%BCro&amp;url=https%3A%2F%2Fschultz.de%2Fratgeber%2Fschreibtisch-masse%2F\" target=\"_blank\" rel=\"noopener noreferrer\" title=\"X\" aria-label=\"X\" data-placement=\"bottom\" data-toggle=\"tooltip\" data-title=\"X\"><i class=\"fusion-social-network-icon fusion-tooltip fusion-twitter awb-icon-twitter\" style=\"color:var(--awb-color6);\" aria-hidden=\"true\"><\/i><\/a><\/span><span><a href=\"https:\/\/www.linkedin.com\/shareArticle?mini=true&amp;url=https%3A%2F%2Fschultz.de%2Fratgeber%2Fschreibtisch-masse%2F&amp;title=So%20finden%20Sie%20die%20optimale%20Schreibtischgr%C3%B6%C3%9Fe%20f%C3%BCr%20Ihr%20B%C3%BCro&amp;summary=Haben%20Sie%20manchmal%20das%20Gef%C3%BChl%2C%20in%20Ihrem%20B%C3%BCro%20eingeengt%20zu%20sein%3F%20Oder%20vielleicht%20haben%20Sie%20auch%20viel%20zu%20viel%20Platz%2C%20sodass%20Sie%20sich%20regelm%C3%A4%C3%9Fig%20strecken%20m%C3%BCssen%2C%20um%20das%20Telefon%20oder%20wichtige%20Dokumente%20zu%20erreichen.%20Dann%20hat%20Ihr%20Schreibtisch%20sehr%20wahrscheinlich%20nicht%20die%20optimale%20Gr%C3%B6%C3%9Fe%20f%C3%BCr%20Ihr%20B%C3%BCro.\" target=\"_blank\" rel=\"noopener noreferrer\" title=\"LinkedIn\" aria-label=\"LinkedIn\" data-placement=\"bottom\" data-toggle=\"tooltip\" data-title=\"LinkedIn\"><i class=\"fusion-social-network-icon fusion-tooltip fusion-linkedin awb-icon-linkedin\" style=\"color:var(--awb-color6);\" aria-hidden=\"true\"><\/i><\/a><\/span><span><a href=\"https:\/\/www.xing.com\/social_plugins\/share\/new?sc_p=xing-share&amp;h=1&amp;url=https%3A%2F%2Fschultz.de%2Fratgeber%2Fschreibtisch-masse%2F\" target=\"_blank\" rel=\"noopener noreferrer\" title=\"Xing\" aria-label=\"Xing\" data-placement=\"bottom\" data-toggle=\"tooltip\" data-title=\"Xing\"><i class=\"fusion-social-network-icon fusion-tooltip fusion-xing awb-icon-xing\" style=\"color:var(--awb-color6);\" aria-hidden=\"true\"><\/i><\/a><\/span><\/div><\/div><\/div><\/div>\n<\/div><\/div><div class=\"fusion-fullwidth fullwidth-box fusion-builder-row-2 fusion-flex-container has-pattern-background has-mask-background nonhundred-percent-fullwidth non-hundred-percent-height-scrolling\" style=\"--awb-border-radius-top-left:0px;--awb-border-radius-top-right:0px;--awb-border-radius-bottom-right:0px;--awb-border-radius-bottom-left:0px;--awb-padding-top:40px;--awb-padding-bottom:40px;--awb-background-color:var(--awb-color1);--awb-flex-wrap:wrap;\" ><div class=\"fusion-builder-row fusion-row fusion-flex-align-items-flex-start fusion-flex-justify-content-center fusion-flex-content-wrap\" style=\"max-width:1248px;margin-left: calc(-4% \/ 2 );margin-right: calc(-4% \/ 2 );\"><div class=\"fusion-layout-column fusion_builder_column fusion-builder-column-6 fusion_builder_column_2_3 2_3 fusion-flex-column\" style=\"--awb-bg-blend:overlay;--awb-bg-size:cover;--awb-width-large:66.666666666667%;--awb-margin-top-large:0px;--awb-spacing-right-large:2.88%;--awb-margin-bottom-large:25px;--awb-spacing-left-large:2.88%;--awb-width-medium:100%;--awb-spacing-right-medium:1.92%;--awb-spacing-left-medium:1.92%;--awb-width-small:100%;--awb-spacing-right-small:1.92%;--awb-spacing-left-small:1.92%;\"><div class=\"fusion-column-wrapper fusion-column-has-shadow fusion-flex-justify-content-flex-start fusion-content-layout-column\"><div class=\"fusion-text fusion-text-10\"><p><span class=\"fusion-dropcap dropcap\"><span style=\"font-weight: 400;\">U<\/span><\/span><span style=\"font-weight: 400;\">nternehmen, Selbstst\u00e4ndige und auch Angestellte, die auf der Suche nach hochwertigen und ergonomischen B\u00fcrom\u00f6beln sind, sollten dabei auch auf die Gr\u00f6\u00dfe des Schreibtisches achten. Deshalb haben wir Ihnen hier die wichtigsten Informationen und Tipps zusammengefasst. So finden Sie die optimale Schreibtischgr\u00f6\u00dfe f\u00fcr Ihr B\u00fcro!<\/span><\/p>\n<\/div><div class=\"fusion-separator fusion-full-width-sep\" style=\"align-self: center;margin-left: auto;margin-right: auto;margin-top:20px;width:100%;\"><\/div><div class=\"fusion-title title fusion-title-1 fusion-sep-none fusion-title-text fusion-title-size-two\"><h2 class=\"fusion-title-heading title-heading-left fusion-responsive-typography-calculated\" style=\"margin:0;--fontSize:53;line-height:1.1;\">Warum ist die Schreibtischgr\u00f6\u00dfe wichtig?<\/h2><\/div><div class=\"fusion-text fusion-text-11\"><p>Aber warum ist die Gr\u00f6\u00dfe des Schreibtischs \u00fcberhaupt so wichtig? Reicht es nicht aus, wenn man gen\u00fcgend Platz f\u00fcr seinen Laptop hat? Und wie kann man zu viel Platz haben?<\/p>\n<p>Das schauen wir uns im Folgenden genauer an und gehen zugleich auf die Anpassungsf\u00e4higkeit des Tischs, Ihr Budget, die Raumgr\u00f6\u00dfe und den Stil Ihres neuen B\u00fcrom\u00f6belst\u00fccks ein!<\/p>\n<h3>Einfluss auf Gesundheit, Produktivit\u00e4t und Komfort<\/h3>\n<p>Ein ergonomischer Schreibtisch in der richtigen Gr\u00f6\u00dfe kann Ihre Gesundheit und den Komfort am Arbeitsplatz unterst\u00fctzen sowie die <a href=\"https:\/\/www.wissenschaft.de\/gesellschaft-psychologie\/mit-diesen-massnahmen-steigt-die-produktivitaet-im-buero\/\" target=\"_blank\" rel=\"noopener noreferrer\">Produktivit\u00e4t steigern<\/a>.<\/p>\n<p>Denn wenn die Arbeitsfl\u00e4che Ihres Schreibtischs zu gro\u00df oder auch zu klein ist, kann dies dazu f\u00fchren, dass Sie sich verdrehen und eine ungesunde Sitzhaltung einnehmen. Das kann langfristig zu gesundheitlichen Problemen wie R\u00fcckenschmerzen und Verspannungen f\u00fchren.<br \/>\nAu\u00dferdem lenken Schmerzen und Unbehagen am Arbeitsplatz von der Arbeit ab, was Ihre Produktivit\u00e4t und Leistungsf\u00e4higkeit beeintr\u00e4chtigt.<\/p>\n<p>Bedenken Sie auch, dass ein zu gro\u00dfer Schreibtisch ein wahrer Staubf\u00e4nger sein und schnell zu Unordnung f\u00fchren kann, ein zu kleiner Schreibtisch zu Platzmangel. Beides demotiviert Sie m\u00f6glicherweise und erschwert Arbeitsabl\u00e4ufe.<br \/>\nIn<a href=\"https:\/\/schultz.de\/ratgeber\/richtig-am-schreibtisch-sitzen\/\"> unserem Ratgeber zum richtigen Sitzen<\/a> erfahren Sie ausf\u00fchrlicher, welche Punkte Sie dabei alles beachten sollten.<\/p>\n<h3>Anpassung an die individuellen Bed\u00fcrfnisse und Arbeitsweisen<\/h3>\n<p>Jeder K\u00f6rper, jeder Mitarbeiter und auch jeder Job ist unterschiedlich, sodass ein wichtiger Pluspunkt der ergonomischen B\u00fcrom\u00f6bel die hohe Anpassungsf\u00e4higkeit ist.<br \/>\nSie haben beispielsweise die M\u00f6glichkeit, den B\u00fcrostuhl ideal Ihrem K\u00f6rper anzupassen oder eben auch einen Schreibtisch auf Ihre Bed\u00fcrfnisse zuzuschneiden. Dies kann geschehen, indem Sie einen Schreibtisch mit H\u00f6henverstellung w\u00e4hlen und diesen dann jeweils auf die f\u00fcr Sie richtige H\u00f6he zum Arbeiten im Sitzen und Stehen einstellen. <a href=\"https:\/\/schultz.de\/ratgeber\/sinnvoll-hoehenverstellbare-schreibtische\/\">Wie sinnvoll ein h\u00f6henverstellbarer Schreibtisch ist<\/a>, behandeln wir im verlinkten Beitrag.<\/p>\n<p>Aber auch die Wahl der richtigen Gr\u00f6\u00dfe der Schreibtischplatte ist hier wichtig, denn manche Menschen brauchen mehr oder <a href=\"https:\/\/schultz.de\/ratgeber\/schreibtisch-ideen-fuer-wenig-platz\/\">weniger Platz<\/a>, um ihren Job effektiv auszu\u00fcben.<\/p>\n<p>Generell gilt, dass der Schreibtisch gro\u00df genug sein sollte, um auf, in und unter ihm alle wichtigen Arbeitsmittel in bequemer Reichweite platzieren zu k\u00f6nnen. So sollten Sie etwa Tastatur, Maus, Dokumente und andere Utensilien m\u00fchelos erreichen k\u00f6nnen, ohne sich verdrehen oder zu sehr strecken zu m\u00fcssen. Die Schreibtischgr\u00f6\u00dfe sollte Ihren Arbeitsfluss nicht behindern.<\/p>\n<h3>Ber\u00fccksichtigung von Raumgr\u00f6\u00dfe, Budget und Stil<\/h3>\n<p>Fakt ist: Nicht jeder Schreibtisch ist die ideale Wahl f\u00fcr Ihre Bed\u00fcrfnisse. Doch dank der gro\u00dfen Auswahl auf dem Markt, gibt es viele Modelle f\u00fcr verschiedene Raumgr\u00f6\u00dfen, Budgets und auch f\u00fcr Ihren pers\u00f6nlichen Stil.<\/p>\n<p>Die Gr\u00f6\u00dfe Ihres verf\u00fcgbaren Raums ist ein wichtiger Aspekt bei der Auswahl. Wenn Sie \u00fcber begrenzten Platz verf\u00fcgen, sei es im B\u00fcro oder im Homeoffice, schr\u00e4nkt dies Ihre Optionen bereits deutlich ein. Optional, besteht jedoch auch die M\u00f6glichkeit, dass Sie sich f\u00fcr ein ma\u00dfgeschneidertes Modell entscheiden, das perfekt auf Ihren Raum zugeschnitten ist.<\/p>\n<h3>Gesetzliche Vorgaben und Normen zur Schreibtischgr\u00f6\u00dfe<\/h3>\n<p>Nicht jeder Arbeitnehmer kennt seine gesetzlichen Verpflichtungen bei der Einrichtung von B\u00fcros, wie sie im <a href=\"https:\/\/www.arbeitsrechte.de\/ergonomie-am-arbeitsplatz\/\" target=\"_blank\" rel=\"noopener noreferrer\">Arbeitsschutzgesetz (ArbSchG), in der Arbeitsst\u00e4ttenverordnung (ArbSt\u00e4ttV) und in der DIN EN 527-1:2011<\/a> festgelegt sind.<\/p>\n<p>Diese gesetzlichen Vorgaben dienen dazu, die Sicherheit und Gesundheit der Mitarbeiter zu betonen und sicherzustellen, dass der Arbeitgeber die erforderlichen ergonomischen Ma\u00dfnahmen ergreift.<\/p>\n<\/div><div class=\"fusion-content-boxes content-boxes columns row fusion-columns-1 fusion-columns-total-1 fusion-content-boxes-1 content-boxes-icon-on-side content-left\" style=\"--awb-hover-accent-color:var(--awb-color5);--awb-circle-hover-accent-color:transparent;--awb-item-margin-bottom:40px;\" data-animationOffset=\"top-into-view\"><div style=\"--awb-backgroundcolor:var(--awb-custom10);--awb-content-padding-left:50px;\" class=\"fusion-column content-box-column content-box-column content-box-column-1 col-lg-12 col-md-12 col-sm-12 fusion-content-box-hover content-box-column-last content-box-column-last-in-row\"><div class=\"col content-box-wrapper content-wrapper-background link-area-link-icon icon-hover-animation-fade\" data-animationOffset=\"top-into-view\"><div class=\"heading heading-with-icon icon-left\"><div class=\"icon\"><i style=\"background-color:transparent;border-color:transparent;height:auto;width: 30px;line-height:normal;font-size:30px;\" aria-hidden=\"true\" class=\"fontawesome-icon fa-info fas circle-no\"><\/i><\/div><div class=\"content-box-heading fusion-responsive-typography-calculated\" style=\"--body_typography-font-size:20px;--fontSize:20;line-height:var(--awb-typography4-line-height);padding-left:50px;\">Wichtig:<\/div><\/div><div class=\"fusion-clearfix\"><\/div><div class=\"content-container\">\n<p>Beachten Sie allerdings, dass der Arbeitgeber nur den Schreibtisch und andere ergonomische M\u00f6bel bereitstellen muss. Es liegt an Ihnen, diese Ihrem K\u00f6rper anzupassen und so eine ideale Haltung am Arbeitsplatz zu gew\u00e4hrleisten.<\/p>\n<\/div><\/div><\/div><div class=\"fusion-clearfix\"><\/div><\/div><\/div><\/div><div class=\"fusion-layout-column fusion_builder_column fusion-builder-column-7 fusion_builder_column_2_3 2_3 fusion-flex-column\" style=\"--awb-bg-blend:overlay;--awb-bg-size:cover;--awb-width-large:66.666666666667%;--awb-margin-top-large:0px;--awb-spacing-right-large:2.88%;--awb-margin-bottom-large:20px;--awb-spacing-left-large:2.88%;--awb-width-medium:100%;--awb-order-medium:0;--awb-spacing-right-medium:1.92%;--awb-spacing-left-medium:1.92%;--awb-width-small:100%;--awb-order-small:0;--awb-spacing-right-small:1.92%;--awb-spacing-left-small:1.92%;\"><div class=\"fusion-column-wrapper fusion-column-has-shadow fusion-flex-justify-content-flex-start fusion-content-layout-column\"><div class=\"fusion-title title fusion-title-2 fusion-sep-none fusion-title-text fusion-title-size-two\"><h2 class=\"fusion-title-heading title-heading-left fusion-responsive-typography-calculated\" style=\"margin:0;--fontSize:53;line-height:1.1;\">Standardma\u00dfe f\u00fcr Schreibtische<\/h2><\/div><div class=\"fusion-text fusion-text-12\"><p>Wir k\u00f6nnen uns B\u00fcros ohne Schreibtische gar nicht vorstellen, doch gibt es diese in unz\u00e4hligen Ausf\u00fchrungen und Gr\u00f6\u00dfen \u2013 wie sollen Sie da blo\u00df die ideale Entscheidung treffen? Hier schauen wir uns die Standardma\u00dfe in Deutschland f\u00fcr Schreibtische an und kl\u00e4ren die Vorteile und Nachteile.<\/p>\n<h3>Die g\u00e4ngigen Schreibtischma\u00dfe in Deutschland<\/h3>\n<p>Die Bundesanstalt f\u00fcr Arbeitsschutz und Arbeitsmedizin (BAuA) empfiehlt in der <a href=\"https:\/\/publikationen.dguv.de\/regelwerk\/dguv-informationen\/409\/bildschirm-und-bueroarbeitsplaetze-leitfaden-fuer-die-gestaltung\" target=\"_blank\" rel=\"noopener noreferrer\">DGUV Information 215-410<\/a> ein Mindestma\u00df f\u00fcr Schreibtischplatten von 120 cm Breite und 80 cm Tiefe vor, was den Ma\u00dfen vieler Schreibtische auf dem Markt entspricht. Ben\u00f6tigen Sie mehr als einen Bildschirm, arbeiten in gr\u00f6\u00dferem Umfang mit Schriftgut oder wechseln h\u00e4ufiger Ihre T\u00e4tigkeit, betr\u00e4gt die <a href=\"https:\/\/www.komnet.nrw.de\/_sitetools\/dialog\/24456\" target=\"_blank\" rel=\"noopener noreferrer\">Mindestbreite 160 cm<\/a>. Die g\u00e4ngige H\u00f6he liegt bei 72 cm. Doch sind dies wirklich die idealen Ma\u00dfe f\u00fcr Ihr B\u00fcro?<\/p>\n<\/div><div class=\"fusion-title title fusion-title-3 fusion-sep-none fusion-title-text fusion-title-size-three\"><h3 class=\"fusion-title-heading title-heading-left fusion-responsive-typography-calculated\" style=\"margin:0;--fontSize:30;line-height:1.1;\">Vorteile von Standardma\u00dfen<\/h3><\/div><div class=\"fusion-builder-row fusion-builder-row-inner fusion-row fusion-flex-align-items-flex-start fusion-flex-justify-content-center fusion-flex-content-wrap\" style=\"width:104% !important;max-width:104% !important;margin-left: calc(-4% \/ 2 );margin-right: calc(-4% \/ 2 );\"><div class=\"fusion-layout-column fusion_builder_column_inner fusion-builder-nested-column-0 fusion_builder_column_inner_1_1 1_1 fusion-flex-column checklist\" style=\"--awb-bg-size:cover;--awb-width-large:100%;--awb-margin-top-large:0px;--awb-spacing-right-large:1.92%;--awb-margin-bottom-large:20px;--awb-spacing-left-large:1.92%;--awb-width-medium:50%;--awb-order-medium:0;--awb-spacing-right-medium:3.84%;--awb-spacing-left-medium:3.84%;--awb-width-small:100%;--awb-order-small:0;--awb-spacing-right-small:1.92%;--awb-spacing-left-small:1.92%;\"><div class=\"fusion-column-wrapper fusion-column-has-shadow fusion-flex-justify-content-flex-start fusion-content-layout-column\"><ul style=\"--awb-line-height:27.2px;--awb-icon-width:27.2px;--awb-icon-height:27.2px;--awb-icon-margin:11.2px;--awb-content-margin:38.4px;\" class=\"fusion-checklist fusion-checklist-1 fusion-checklist-default fusion-checklist-divider type-icons\"><li class=\"fusion-li-item\" style=\"\"><span class=\"icon-wrapper circle-no\"><i class=\"fusion-li-icon fa-check fas\" aria-hidden=\"true\"><\/i><\/span><div class=\"fusion-li-item-content\">\n<p><strong>Einfache Verf\u00fcgbarkeit:<\/strong> Wie bereits erw\u00e4hnt finden Sie Schreibtische mit den klassischen Ma\u00dfen in jedem M\u00f6belgesch\u00e4ft, sodass es sehr einfach ist, ein Modell zu kaufen.<\/p>\n<\/div><\/li><li class=\"fusion-li-item\" style=\"\"><span class=\"icon-wrapper circle-no\"><i class=\"fusion-li-icon fa-check fas\" aria-hidden=\"true\"><\/i><\/span><div class=\"fusion-li-item-content\">\n<p><strong>Preiswerte Option:<\/strong> Aufgrund ihrer Massenproduktion und der breiten Akzeptanz sind Schreibtische mit Standardma\u00dfen in der Regel kosteng\u00fcnstiger als ma\u00dfgefertigte Alternativen. Dies kann f\u00fcr Unternehmen und Privatpersonen mit begrenztem Budget \u00e4u\u00dferst attraktiv sein.<\/p>\n<\/div><\/li><\/ul><\/div><\/div><\/div><div class=\"fusion-title title fusion-title-4 fusion-sep-none fusion-title-text fusion-title-size-three\"><h3 class=\"fusion-title-heading title-heading-left fusion-responsive-typography-calculated\" style=\"margin:0;--fontSize:30;line-height:1.1;\">Nachteile von Standardma\u00dfen<\/h3><\/div><div class=\"fusion-builder-row fusion-builder-row-inner fusion-row fusion-flex-align-items-flex-start fusion-flex-justify-content-center fusion-flex-content-wrap\" style=\"width:104% !important;max-width:104% !important;margin-left: calc(-4% \/ 2 );margin-right: calc(-4% \/ 2 );\"><div class=\"fusion-layout-column fusion_builder_column_inner fusion-builder-nested-column-1 fusion_builder_column_inner_1_1 1_1 fusion-flex-column checklist\" style=\"--awb-bg-size:cover;--awb-width-large:100%;--awb-margin-top-large:0px;--awb-spacing-right-large:1.92%;--awb-margin-bottom-large:20px;--awb-spacing-left-large:1.92%;--awb-width-medium:50%;--awb-order-medium:0;--awb-spacing-right-medium:3.84%;--awb-spacing-left-medium:3.84%;--awb-width-small:100%;--awb-order-small:0;--awb-spacing-right-small:1.92%;--awb-spacing-left-small:1.92%;\"><div class=\"fusion-column-wrapper fusion-column-has-shadow fusion-flex-justify-content-flex-start fusion-content-layout-column\"><ul style=\"--awb-iconcolor:#ff2200;--awb-line-height:27.2px;--awb-icon-width:27.2px;--awb-icon-height:27.2px;--awb-icon-margin:11.2px;--awb-content-margin:38.4px;\" class=\"fusion-checklist fusion-checklist-2 fusion-checklist-default fusion-checklist-divider type-icons\"><li class=\"fusion-li-item\" style=\"\"><span class=\"icon-wrapper circle-no\"><i class=\"fusion-li-icon fa-times fas\" aria-hidden=\"true\"><\/i><\/span><div class=\"fusion-li-item-content\"><b>Nicht f\u00fcr alle Nutzer geeignet:<\/b> Ob durch eine unterschiedliche K\u00f6rpergr\u00f6\u00dfe oder auch eine andere Arbeitsweise \u2013 diese Standardma\u00dfe sind nicht f\u00fcr jede Person geeignet. Manche Menschen brauchen mehr Platz, manche weniger.<\/div><\/li><li class=\"fusion-li-item\" style=\"\"><span class=\"icon-wrapper circle-no\"><i class=\"fusion-li-icon fa-times fas\" aria-hidden=\"true\"><\/i><\/span><div class=\"fusion-li-item-content\">\n<p><strong>Platzprobleme in kleinen R\u00e4umen:<\/strong> F\u00fcr ein kleines B\u00fcro oder Homeoffice kann die Arbeitsfl\u00e4che eines Schreibtischs mit Standardma\u00dfen zu gro\u00df sein und wertvollen Platz beanspruchen. Dies kann die Bewegungsfreiheit einschr\u00e4nken und die Raumgestaltung erschweren.<\/p>\n<\/div><\/li><\/ul><\/div><\/div><\/div><\/div><\/div><\/div><\/div><div class=\"fusion-fullwidth fullwidth-box fusion-builder-row-3 fusion-flex-container has-pattern-background has-mask-background fusion-parallax-none promotion-cta-section nonhundred-percent-fullwidth non-hundred-percent-height-scrolling\" style=\"--awb-background-position:left center;--awb-border-radius-top-left:0px;--awb-border-radius-top-right:0px;--awb-border-radius-bottom-right:0px;--awb-border-radius-bottom-left:0px;--awb-padding-top:70px;--awb-padding-bottom:70px;--awb-padding-top-small:40px;--awb-padding-bottom-small:40px;--awb-margin-top-small:-20px;--awb-background-image:linear-gradient(90deg, var(--awb-color1) 0%,rgba(255,255,255,0) 50%),url(https:\/\/schultz.de\/ratgeber\/wp-content\/uploads\/2023\/02\/2023-08-22_eDesk_gray.jpg);;--awb-background-size:cover;--awb-flex-wrap:wrap;\" data-preload-img=\"https:\/\/schultz.de\/ratgeber\/wp-content\/uploads\/2023\/02\/2023-08-22_eDesk_gray.jpg\" ><div class=\"fusion-builder-row fusion-row fusion-flex-align-items-flex-start fusion-flex-content-wrap\" style=\"max-width:1248px;margin-left: calc(-4% \/ 2 );margin-right: calc(-4% \/ 2 );\"><div class=\"fusion-layout-column fusion_builder_column fusion-builder-column-8 fusion_builder_column_1_2 1_2 fusion-flex-column fusion-flex-align-self-stretch fusion-no-small-visibility fusion-animated\" style=\"--awb-bg-size:cover;--awb-width-large:50%;--awb-margin-top-large:0px;--awb-spacing-right-large:3.84%;--awb-margin-bottom-large:20px;--awb-spacing-left-large:3.84%;--awb-width-medium:75%;--awb-order-medium:0;--awb-spacing-right-medium:2.56%;--awb-spacing-left-medium:2.56%;--awb-width-small:100%;--awb-order-small:0;--awb-spacing-right-small:1.92%;--awb-spacing-left-small:1.92%;\" data-animationType=\"fadeInLeft\" data-animationDuration=\"1.5\" data-animationOffset=\"top-into-view\"><div class=\"fusion-column-wrapper fusion-column-has-shadow fusion-flex-justify-content-center fusion-content-layout-column fusion-content-nowrap\"><div class=\"fusion-title title fusion-title-5 fusion-sep-none fusion-title-highlight fusion-animate-once fusion-highlight-underline fusion-title-size-div\" style=\"--awb-text-color:var(--awb-color7);--awb-highlight-top-margin:-5px;--awb-highlight-width:2;--awb-font-size:var(--awb-typography1-font-size);\" data-highlight=\"underline\"><div class=\"fusion-title-heading title-heading-left title-heading-tag fusion-responsive-typography-calculated\" style=\"font-family:var(--awb-typography1-font-family);font-weight:var(--awb-typography1-font-weight);font-style:var(--awb-typography1-font-style);margin:0;letter-spacing:var(--awb-typography1-letter-spacing);text-transform:var(--awb-typography1-text-transform);font-size:1em;--fontSize:53;line-height:1.1;\"><span class=\"fusion-highlighted-text-prefix\"><\/span> <span class=\"fusion-highlighted-text-wrapper\"><span class=\"fusion-highlighted-text\" style=\"color:var(--awb-color5);\">Schreibtische<\/span><svg xmlns=\"http:\/\/www.w3.org\/2000\/svg\" viewBox=\"0 0 500 150\" preserveAspectRatio=\"none\"><path d=\"M8.1,146.2c0,0,240.6-55.6,479-13.8\"><\/path><\/svg><\/span> <span class=\"fusion-highlighted-text-postfix\">f\u00fcr ergonomisches Arbeiten<\/span><\/div><\/div><div class=\"fusion-text fusion-text-13\"><p>Die Arbeitswelt erfordert flexibles Arbeiten:<br \/>\nSchonen Sie Ihren K\u00f6rper!<\/p>\n<\/div><div ><a class=\"fusion-button button-flat fusion-button-default-size button-default fusion-button-default button-1 fusion-button-default-span fusion-button-default-type\" target=\"_blank\" rel=\"noopener noreferrer\" href=\"https:\/\/schultz.de\/hoehenverstellbare-schreibtische\"><i class=\"fa-external-link-alt fas awb-button__icon awb-button__icon--default button-icon-left\" aria-hidden=\"true\"><\/i><span class=\"fusion-button-text awb-button__text awb-button__text--default\">Jetzt konfigurieren!<\/span><\/a><\/div><\/div><\/div><div class=\"fusion-layout-column fusion_builder_column fusion-builder-column-9 fusion_builder_column_1_2 1_2 fusion-flex-column fusion-flex-align-self-stretch fusion-no-medium-visibility fusion-no-large-visibility fusion-animated\" style=\"--awb-bg-size:cover;--awb-width-large:50%;--awb-margin-top-large:0px;--awb-spacing-right-large:3.84%;--awb-margin-bottom-large:20px;--awb-spacing-left-large:3.84%;--awb-width-medium:75%;--awb-order-medium:0;--awb-spacing-right-medium:2.56%;--awb-spacing-left-medium:2.56%;--awb-width-small:100%;--awb-order-small:0;--awb-spacing-right-small:1.92%;--awb-spacing-left-small:1.92%;\" data-animationType=\"fadeInLeft\" data-animationDuration=\"1.5\" data-animationOffset=\"top-into-view\"><div class=\"fusion-column-wrapper fusion-column-has-shadow fusion-flex-justify-content-center fusion-content-layout-column fusion-content-nowrap\"><div class=\"fusion-title title fusion-title-6 fusion-sep-none fusion-title-highlight fusion-animate-once fusion-highlight-underline fusion-title-size-div\" style=\"--awb-text-color:var(--awb-color7);--awb-highlight-top-margin:-5px;--awb-highlight-width:2;--awb-font-size:28px;\" data-highlight=\"underline\"><div class=\"fusion-title-heading title-heading-left title-heading-tag fusion-responsive-typography-calculated\" style=\"font-family:var(--awb-typography1-font-family);font-weight:var(--awb-typography1-font-weight);font-style:var(--awb-typography1-font-style);margin:0;letter-spacing:var(--awb-typography1-letter-spacing);text-transform:var(--awb-typography1-text-transform);font-size:1em;--fontSize:28;line-height:1.1;\"><span class=\"fusion-highlighted-text-prefix\"><\/span> <span class=\"fusion-highlighted-text-wrapper\"><span class=\"fusion-highlighted-text\" style=\"color:var(--awb-color5);\">Schreibtische<\/span><svg xmlns=\"http:\/\/www.w3.org\/2000\/svg\" viewBox=\"0 0 500 150\" preserveAspectRatio=\"none\"><path d=\"M8.1,146.2c0,0,240.6-55.6,479-13.8\"><\/path><\/svg><\/span> <span class=\"fusion-highlighted-text-postfix\">f\u00fcr ergonomisches Arbeiten<\/span><\/div><\/div><div class=\"fusion-text fusion-text-14\"><p>Die Arbeitswelt erfordert flexibles Arbeiten: Schonen Sie Ihren K\u00f6rper!<\/p>\n<\/div><div ><a class=\"fusion-button button-flat fusion-button-default-size button-default fusion-button-default button-2 fusion-button-default-span fusion-button-default-type\" target=\"_blank\" rel=\"noopener noreferrer\" href=\"https:\/\/schultz.de\/hoehenverstellbare-schreibtische\"><i class=\"fa-external-link-alt fas awb-button__icon awb-button__icon--default button-icon-left\" aria-hidden=\"true\"><\/i><span class=\"fusion-button-text awb-button__text awb-button__text--default\">Jetzt konfigurieren!<\/span><\/a><\/div><\/div><\/div><\/div><\/div>\n<div class=\"fusion-fullwidth fullwidth-box fusion-builder-row-4 fusion-flex-container has-pattern-background has-mask-background nonhundred-percent-fullwidth non-hundred-percent-height-scrolling\" style=\"--awb-border-radius-top-left:0px;--awb-border-radius-top-right:0px;--awb-border-radius-bottom-right:0px;--awb-border-radius-bottom-left:0px;--awb-padding-top:50px;--awb-background-color:var(--awb-color1);--awb-flex-wrap:wrap;\" ><div class=\"fusion-builder-row fusion-row fusion-flex-align-items-flex-start fusion-flex-justify-content-center fusion-flex-content-wrap\" style=\"max-width:1248px;margin-left: calc(-4% \/ 2 );margin-right: calc(-4% \/ 2 );\"><div class=\"fusion-layout-column fusion_builder_column fusion-builder-column-10 fusion_builder_column_2_3 2_3 fusion-flex-column\" style=\"--awb-bg-blend:overlay;--awb-bg-size:cover;--awb-width-large:66.666666666667%;--awb-margin-top-large:0px;--awb-spacing-right-large:2.88%;--awb-margin-bottom-large:20px;--awb-spacing-left-large:2.88%;--awb-width-medium:100%;--awb-spacing-right-medium:1.92%;--awb-spacing-left-medium:1.92%;--awb-width-small:100%;--awb-spacing-right-small:1.92%;--awb-spacing-left-small:1.92%;\"><div class=\"fusion-column-wrapper fusion-column-has-shadow fusion-flex-justify-content-flex-start fusion-content-layout-column\"><div class=\"fusion-title title fusion-title-7 fusion-sep-none fusion-title-text fusion-title-size-two\"><h2 class=\"fusion-title-heading title-heading-left fusion-responsive-typography-calculated\" style=\"margin:0;--fontSize:53;line-height:1.1;\">So w\u00e4hlen Sie die optimale Schreibtischgr\u00f6\u00dfe aus<\/h2><\/div><div class=\"fusion-text fusion-text-15\"><p>Sie sind aktuell auf der Suche nach einem Schreibtisch und fragen sich, welche Schreibtischgr\u00f6\u00dfe f\u00fcr Sie ideal ist? Dann sind Sie hier genau richtig, denn wir haben die besten Tipps und Tricks f\u00fcr Sie parat!<\/p>\n<h3>Bestimmung des verf\u00fcgbaren Platzes und der idealen Position<\/h3>\n<p>Schauen Sie zuerst, wie viel Platz Sie in Ihrem B\u00fcro f\u00fcr einen Tisch haben. Beachten Sie dabei auch, wo sich die T\u00fcren und Fenster befinden.<\/p>\n<p>Es ist n\u00e4mlich nicht nur wichtig, ob Sie den Platz f\u00fcr einen Schreibtisch haben, sondern zugleich, wie dieser ausgerichtet werden sollte, um beispielsweise einen direkten Lichteinfall durch das Fenster auf den Bildschirm oder in Ihr Gesicht zu vermeiden.<\/p>\n<p>Au\u00dferdem sollten Sie bei der Positionierung Faktoren wie Luftzug, L\u00e4rmquellen und die Blickrichtung der Kollegen an den Nachbartischen ber\u00fccksichtigen.<\/p>\n<p>Wenn Sie die genauen Ma\u00dfe kennen und bereits eine Idee f\u00fcr die Ausrichtung haben, dann fallen so einige Optionen weg und die Auswahl ist etwas einfacher.<\/p>\n<h3>Schreibtischtiefe: Auf den Monitor kommt es an<\/h3>\n<p>Fragen Sie sich, wie tief Ihre Arbeitsfl\u00e4che sein sollte, um Ihren Laptop oder PC, Ihre Maus und Tastatur sowie gegebenenfalls andere Arbeitsmaterialien und Dokumente bequem vor sich positionieren zu k\u00f6nnen. Vor allem die Gr\u00f6\u00dfe Ihres Monitors ist hierbei ein wichtiger Aspekt.<br \/>\nIhre Platte sollte f\u00fcr einen normalen Monitor mindestens 80 cm tief sein, f\u00fcr einen gro\u00dfen Monitor sind es 100 cm. Denn es ist wichtig, dass Sie Ihren Monitor nicht zu nah vor sich aufstellen, da dies Ihre <a href=\"https:\/\/www.tk.de\/techniker\/magazin\/sport\/gesunder-ruecken\/ruecken-monitor-richtig-aufstellen-2009242\" target=\"_blank\" rel=\"noopener noreferrer\">Augen zu stark belastet<\/a>.<\/p>\n<\/div><div class=\"fusion-content-boxes content-boxes columns row fusion-columns-1 fusion-columns-total-1 fusion-content-boxes-2 content-boxes-icon-on-side content-left\" style=\"--awb-hover-accent-color:var(--awb-color5);--awb-circle-hover-accent-color:transparent;--awb-item-margin-bottom:40px;\" data-animationOffset=\"top-into-view\"><div style=\"--awb-backgroundcolor:var(--awb-custom10);--awb-content-padding-left:50px;\" class=\"fusion-column content-box-column content-box-column content-box-column-1 col-lg-12 col-md-12 col-sm-12 fusion-content-box-hover content-box-column-last content-box-column-last-in-row\"><div class=\"col content-box-wrapper content-wrapper-background link-area-link-icon icon-hover-animation-fade\" data-animationOffset=\"top-into-view\"><div class=\"heading heading-with-icon icon-left\"><div class=\"icon\"><i style=\"background-color:transparent;border-color:transparent;height:auto;width: 30px;line-height:normal;font-size:30px;\" aria-hidden=\"true\" class=\"fontawesome-icon fa-info fas circle-no\"><\/i><\/div><div class=\"content-box-heading fusion-responsive-typography-calculated\" style=\"--body_typography-font-size:20px;--fontSize:20;line-height:var(--awb-typography4-line-height);padding-left:50px;\">Eine gute Faustregel ist:<\/div><\/div><div class=\"fusion-clearfix\"><\/div><div class=\"content-container\">\n<p>Sorgen Sie f\u00fcr eine Arml\u00e4nge Abstand zwischen Ihnen und Ihrem Monitor. Der genaue Mindestabstand richtet sich jedoch nach der Bildschirmgr\u00f6\u00dfe.<\/p>\n<\/div><\/div><\/div><div class=\"fusion-clearfix\"><\/div><\/div><div class=\"fusion-text fusion-text-16\"><p>Zus\u00e4tzlich zum n\u00f6tigen Abstand zum Bildschirm sollten Sie bei der Wahl der Tischplattentiefe auch ber\u00fccksichtigen, wie viel Platz Sie f\u00fcr die Bildschirmhalterung, Kabel sowie wichtige Arbeitsmaterialien oder Dokumente, die Sie vor sich platzieren m\u00f6chten, ben\u00f6tigen. A4-Dokumente beanspruchen beispielsweise 30 cm Platz zwischen Tastatur und Bildschirm.<br \/>\nWeitere Tipps zum <a href=\"https:\/\/schultz.de\/ratgeber\/monitor-richtig-einstellen\/\">Monitor einstellen<\/a> finden Sie hier..<\/p>\n<p>Reicht die Tiefe Ihres Schreibtischs nicht aus, k\u00f6nnen Sie die Tiefe vergr\u00f6\u00dfern, indem Sie einen Tastaturauszug, eine vormontierte Tastaturablage oder eine Tischverl\u00e4ngerung nutzen. Idealerweise bietet diese auch Platz f\u00fcr Ihre Maus. Die Tastatur sollte 10 cm von der Tischkante entfernt liegen.<\/p>\n<h3>Schreibtischbreite: Ausreichend Beinfreiheit<\/h3>\n<p>Wir empfehlen eine Plattenbreite von mindestens 120 cm, wenn Sie lediglich an einem Bildschirm arbeiten und nur wenige Arbeitsmaterialien ben\u00f6tigen. Arbeiten Sie an <a href=\"https:\/\/schultz.de\/ratgeber\/mit-zwei-bildschirmen-arbeiten\/\">zwei oder mehreren Bildschirmen<\/a>, mit vielen verschiedenen Dokumenten oder wechseln h\u00e4ufig Ihre T\u00e4tigkeit, sollte die Breite mindestens 160 cm betragen.<\/p>\n<p>Die optimale Breite h\u00e4ngt also von Ihren Arbeitsaufgaben und Ihrem Bed\u00fcrfnis nach Aufstell- und Ablagefl\u00e4che, etwa in Form von Organizern und Ablagesystemen, ab. Sie sollten ausreichend Raum f\u00fcr eine bequeme Arbeitsposition, das Platzieren von Arbeitsmaterialien in Reichweite und gen\u00fcgend Beinfreiheit unter dem Schreibtisch haben, um <a href=\"https:\/\/schultz.de\/ratgeber\/dynamisches-sitzen\/\">dynamisch zu sitzen<\/a>.<\/p>\n<h3>Schreibtischh\u00f6he: Die richtige K\u00f6rperhaltung<\/h3>\n<p>Im Idealfall arbeiten Sie an einem <a href=\"https:\/\/schultz.de\/hoehenverstellbare-schreibtische\" target=\"_blank\" rel=\"noopener\">h\u00f6henverstellbaren Schreibtisch<\/a>. Dann sind Sie komplett frei, wie hoch Sie Ihren Schreibtisch ausrichten, und haben sogar die Option, im Stehen zu arbeiten. Worauf Sie achten sollten beim Kauf, haben wir Ihnen hier ausf\u00fchrlich beschrieben.<br \/>\nSollten Sie sich nicht f\u00fcr solch ein Modell entscheiden, dann ist es wichtig, einen Schreibtisch zu finden, der <a href=\"https:\/\/schultz.de\/ratgeber\/optimale-schreibtischhoehe\/\">die ideale H\u00f6he f\u00fcr Ihre K\u00f6rpergr\u00f6\u00dfe und -proportionen<\/a> hat. Denn nur dann k\u00f6nnen Sie eine gesunde K\u00f6rperhaltung einnehmen. Achten Sie dabei auch darauf, dass Ihr <a href=\"https:\/\/schultz.de\/ratgeber\/buerostuhl-einstellen\/\">B\u00fcrostuhl ebenfalls optimal eingestellt<\/a> ist.<\/p>\n<p>Nicht verstellbare Schreibtische haben in der Regel eine H\u00f6he von 72 bis 76 cm, was f\u00fcr Personen mit einer durchschnittlichen K\u00f6rpergr\u00f6\u00dfe (circa zwischen 170 und 180 cm) angemessen ist.<\/p>\n<\/div><div class=\"fusion-content-boxes content-boxes columns row fusion-columns-1 fusion-columns-total-1 fusion-content-boxes-3 content-boxes-icon-on-side content-left\" style=\"--awb-iconcolor:#f20000;--awb-hover-accent-color:#f20000;--awb-circle-hover-accent-color:transparent;--awb-item-margin-bottom:40px;\" data-animationOffset=\"top-into-view\"><div style=\"--awb-backgroundcolor:#f8eeee;--awb-iconcolor:#f20000;--awb-content-padding-left:50px;\" class=\"fusion-column content-box-column content-box-column content-box-column-1 col-lg-12 col-md-12 col-sm-12 fusion-content-box-hover content-box-column-last content-box-column-last-in-row\"><div class=\"col content-box-wrapper content-wrapper-background link-area-link-icon icon-hover-animation-fade\" data-animationOffset=\"top-into-view\"><div class=\"heading heading-with-icon icon-left\"><div class=\"icon\"><i style=\"background-color:transparent;border-color:transparent;height:auto;width: 30px;line-height:normal;font-size:30px;\" aria-hidden=\"true\" class=\"fontawesome-icon fa-info fas circle-no\"><\/i><\/div><div class=\"content-box-heading fusion-responsive-typography-calculated\" style=\"--body_typography-font-size:20px;--fontSize:20;line-height:var(--awb-typography4-line-height);padding-left:50px;\">Achten Sie darauf,<\/div><\/div><div class=\"fusion-clearfix\"><\/div><div class=\"content-container\">\n<p>dass Ihre F\u00fc\u00dfe flach auf dem Boden stehen k\u00f6nnen, Sie eine aufrechte Haltung haben, Ihre Unterarme im 90-Grad-Winkel auf dem Schreibtisch (oder optional der Armlehne) aufliegen und Ihr Blick geradeaus auf den Monitor gerichtet ist.<\/p>\n<\/div><\/div><\/div><div class=\"fusion-clearfix\"><\/div><\/div><div class=\"fusion-title title fusion-title-8 fusion-sep-none fusion-title-text fusion-title-size-two\"><h2 class=\"fusion-title-heading title-heading-left fusion-responsive-typography-calculated\" style=\"margin:0;--fontSize:53;line-height:1.1;\">Beliebte Schreibtisch-Ma\u00dfe im \u00dcberblick<\/h2><\/div><div class=\"fusion-text fusion-text-17\"><p>Auf der Suche nach einem passenden Schreibtisch finden Sie hier eine Auswahl verschiedener beliebter Abmessungen aus unserem Shop:<\/p>\n<ul>\n<li><a href=\"https:\/\/schultz.de\/schreibtisch-140x80\">Schreibtische in den Ma\u00dfen 140 x 80 cm<\/a><\/li>\n<li><a href=\"https:\/\/schultz.de\/schreibtisch-160x80\">Schreibtische in 160 x 80 cm<\/a><\/li>\n<li><a href=\"https:\/\/schultz.de\/schreibtisch-180x80\">Schreibtische mit den Ma\u00dfen 180 x 80 cm<\/a><\/li>\n<li><a href=\"https:\/\/schultz.de\/schreibtisch-200x80\">Gro\u00dfz\u00fcgige Schreibtische mit 200 x 80 cm<\/a><\/li>\n<\/ul>\n<p>Sie haben die Wahl zwischen statischen oder h\u00f6henverstellbaren Modellen sowie verschiedenen Farben und Designs. Viele der Schreibtische sind ebenfalls voll konfigurierbar. Dadurch k\u00f6nnen Sie Ihren Wunschtisch ganz individuell nach Ihren Bed\u00fcrfnissen anpassen.<\/p>\n<\/div><div class=\"fusion-title title fusion-title-9 fusion-sep-none fusion-title-text fusion-title-size-two\"><h2 class=\"fusion-title-heading title-heading-left fusion-responsive-typography-calculated\" style=\"margin:0;--fontSize:53;line-height:1.1;\">H\u00e4ufige Fragen zu Schreibtisch-Ma\u00dfen<\/h2><\/div><div class=\"fusion-text fusion-text-18\"><p>Nachdem wir Ihnen reichliche Informationen zum Thema \u201eoptimale Schreibtischgr\u00f6\u00dfe f\u00fcr Ihr B\u00fcro\u201c gegeben haben, m\u00f6chten wir nun die am h\u00e4ufigsten gestellten Fragen beantworten.<\/p>\n<\/div><style type=\"text\/css\">#accordian-1 .fusion-panel:hover,#accordian-1 .fusion-panel.hover{ background-color: var(--awb-color2) } #accordian-1 .fusion-panel { border-color:var(--awb-color2); border-width:0px; background-color:var(--awb-color2); }.fusion-accordian #accordian-1 .panel-title a .fa-fusion-box:before{ font-size: 16px;width: 16px;}.fusion-accordian #accordian-1 .panel-title a .fa-fusion-box{ color: var(--awb-color1);}.fusion-accordian  #accordian-1 .panel-title a{font-family:var(--awb-typography1-font-family);font-weight:var(--awb-typography1-font-weight);font-style:var(--awb-typography1-font-style);}.fusion-accordian  #accordian-1 .panel-title a:not(:hover){}.fusion-accordian  #accordian-1 .toggle-content{font-family:var(--awb-typography4-font-family);font-weight:var(--awb-typography4-font-weight);font-style:var(--awb-typography4-font-style);}.fusion-accordian #accordian-1 .fa-fusion-box { background-color: var(--awb-color4) !important;border-color: var(--awb-color4) !important;}.fusion-accordian #accordian-1 .panel-title a:hover,.fusion-accordian #accordian-1 .panel-title a.hover { color: var(--awb-color4);}.fusion-faq-shortcode .fusion-accordian #accordian-1 .fusion-toggle-boxed-mode:hover .panel-title a { color: var(--awb-color4);}.fusion-accordian #accordian-1 .panel-title .active .fa-fusion-box,.fusion-accordian #accordian-1 .panel-title a:hover .fa-fusion-box,.fusion-accordian #accordian-1 .panel-title a.hover .fa-fusion-box { background-color: var(--awb-color4)!important;border-color: var(--awb-color4)!important;}<\/style><div class=\"fusion-faq-shortcode\" style=\"\"><div class=\"fusion-faqs-wrapper\"><div class=\"accordian fusion-accordian\"><div class=\"panel-group \" id=\"accordian-1\"><div class=\"fusion-panel fusion-toggle-no-divider fusion-toggle-boxed-mode panel-default fusion-faq-post fusion-faq-post-6455 schreibtisch-masse \"><span class=\"entry-title rich-snippet-hidden\">Wie tief ist ein B\u00fcroschreibtisch normalerweise?<\/span><span class=\"vcard rich-snippet-hidden\"><span class=\"fn\"><a href=\"https:\/\/schultz.de\/ratgeber\/author\/schultz-blog_admin\/\" title=\"Beitr\u00e4ge von Nicolas Schultz\" rel=\"author\">Nicolas Schultz<\/a><\/span><\/span><span class=\"updated rich-snippet-hidden\">2023-10-20T11:14:11+02:00<\/span><div class=\"panel-heading\"><h3 id=\"faq_1-6455\" class=\"panel-title toggle\"><a data-toggle=\"collapse\" class=\"collapsed\" data-parent=\"#accordian-1\" data-target=\"#collapse-1-6455\" href=\"#collapse-1-6455\" aria-expanded=\"false\"><div class=\"fusion-toggle-icon-wrapper\"><div class=\"fusion-toggle-icon-wrapper-main\"><div class=\"fusion-toggle-icon-wrapper-sub\"><i class=\"fa-fusion-box active-icon awb-icon-minus\" aria-hidden=\"true\"><\/i><i class=\"fa-fusion-box inactive-icon awb-icon-plus\" aria-hidden=\"true\"><\/i><\/div><\/div><\/div><div class=\"fusion-toggle-heading\">Wie tief ist ein B\u00fcroschreibtisch normalerweise?<\/div><\/a><\/h3><\/div><div id=\"collapse-1-6455\" aria-labelledby=\"faq_1-6455\" class=\"panel-collapse collapse\"><div class=\"panel-body toggle-content post-content\"><p><span style=\"font-weight: 400;\">Die Tiefe eines standardm\u00e4\u00dfigen B\u00fcroschreibtischs betr\u00e4gt in der Regel etwa 80 cm, kann jedoch je nach Modell variieren und f\u00fcr Arbeitspl\u00e4tze ohne Monitor auch geringer ausfallen.<\/span><\/p>\n<\/div><\/div><\/div><div class=\"fusion-panel fusion-toggle-no-divider fusion-toggle-boxed-mode panel-default fusion-faq-post fusion-faq-post-6453 schreibtisch-masse \"><span class=\"entry-title rich-snippet-hidden\">Wie tief sollte ein Schreibtisch mit Monitor sein?<\/span><span class=\"vcard rich-snippet-hidden\"><span class=\"fn\"><a href=\"https:\/\/schultz.de\/ratgeber\/author\/schultz-blog_admin\/\" title=\"Beitr\u00e4ge von Nicolas Schultz\" rel=\"author\">Nicolas Schultz<\/a><\/span><\/span><span class=\"updated rich-snippet-hidden\">2023-10-20T11:13:16+02:00<\/span><div class=\"panel-heading\"><h3 id=\"faq_1-6453\" class=\"panel-title toggle\"><a data-toggle=\"collapse\" class=\"collapsed\" data-parent=\"#accordian-1\" data-target=\"#collapse-1-6453\" href=\"#collapse-1-6453\" aria-expanded=\"false\"><div class=\"fusion-toggle-icon-wrapper\"><div class=\"fusion-toggle-icon-wrapper-main\"><div class=\"fusion-toggle-icon-wrapper-sub\"><i class=\"fa-fusion-box active-icon awb-icon-minus\" aria-hidden=\"true\"><\/i><i class=\"fa-fusion-box inactive-icon awb-icon-plus\" aria-hidden=\"true\"><\/i><\/div><\/div><\/div><div class=\"fusion-toggle-heading\">Wie tief sollte ein Schreibtisch mit Monitor sein?<\/div><\/a><\/h3><\/div><div id=\"collapse-1-6453\" aria-labelledby=\"faq_1-6453\" class=\"panel-collapse collapse\"><div class=\"panel-body toggle-content post-content\"><p><span style=\"font-weight: 400;\">Generell empfehlen wir eine Tiefe von mindestens 80 cm, um gen\u00fcgend Platz f\u00fcr einen Monitor zu haben. Die optimale Tiefe h\u00e4ngt allerdings von der Gr\u00f6\u00dfe des Monitors ab.<\/span><\/p>\n<\/div><\/div><\/div><div class=\"fusion-panel fusion-toggle-no-divider fusion-toggle-boxed-mode panel-default fusion-faq-post fusion-faq-post-6451 schreibtisch-masse \"><span class=\"entry-title rich-snippet-hidden\">Wie gro\u00df muss ein Schreibtisch sein?<\/span><span class=\"vcard rich-snippet-hidden\"><span class=\"fn\"><a href=\"https:\/\/schultz.de\/ratgeber\/author\/schultz-blog_admin\/\" title=\"Beitr\u00e4ge von Nicolas Schultz\" rel=\"author\">Nicolas Schultz<\/a><\/span><\/span><span class=\"updated rich-snippet-hidden\">2023-10-20T11:12:17+02:00<\/span><div class=\"panel-heading\"><h3 id=\"faq_1-6451\" class=\"panel-title toggle\"><a data-toggle=\"collapse\" class=\"collapsed\" data-parent=\"#accordian-1\" data-target=\"#collapse-1-6451\" href=\"#collapse-1-6451\" aria-expanded=\"false\"><div class=\"fusion-toggle-icon-wrapper\"><div class=\"fusion-toggle-icon-wrapper-main\"><div class=\"fusion-toggle-icon-wrapper-sub\"><i class=\"fa-fusion-box active-icon awb-icon-minus\" aria-hidden=\"true\"><\/i><i class=\"fa-fusion-box inactive-icon awb-icon-plus\" aria-hidden=\"true\"><\/i><\/div><\/div><\/div><div class=\"fusion-toggle-heading\">Wie gro\u00df muss ein Schreibtisch sein?<\/div><\/a><\/h3><\/div><div id=\"collapse-1-6451\" aria-labelledby=\"faq_1-6451\" class=\"panel-collapse collapse\"><div class=\"panel-body toggle-content post-content\"><p><span style=\"font-weight: 400;\">Wir k\u00f6nnen nicht pauschalisieren, wie gro\u00df ein Schreibtisch sein sollte, da dies individuell von der Person sowie der Arbeitsweise und den ben\u00f6tigten Arbeitsmitteln abh\u00e4ngt. Standardm\u00e4\u00dfig sollte dieser aber mindestens 120 cm breit sein.<\/span><\/p>\n<\/div><\/div><\/div><\/div><\/div><\/div><\/div><div class=\"fusion-title title fusion-title-10 fusion-sep-none fusion-title-text fusion-title-size-two\"><h2 class=\"fusion-title-heading title-heading-left fusion-responsive-typography-calculated\" style=\"margin:0;--fontSize:53;line-height:1.1;\">Fazit: Finden der richtigen Schreibtischma\u00dfe<\/h2><\/div><div class=\"fusion-text fusion-text-19\"><p>Wenn es um die <a href=\"https:\/\/schultz.de\/ratgeber\/ergonomie-am-arbeitsplatz\/\">Ergonomie am Arbeitsplatz<\/a> geht, denken viele Arbeitnehmer und Arbeitgeber nicht unbedingt an die Schreibtischgr\u00f6\u00dfe. Wie Sie in diesem Artikel erfahren haben, ist diese jedoch es ein wichtiger Aspekt, der das Wohlbefinden und die Produktivit\u00e4t am Arbeitsplatz f\u00f6rdern kann. Die ideale Schreibtischgr\u00f6\u00dfe zu finden, ist jedoch eine Aufgabe, die ganz individuell, basierend auf der K\u00f6rpergr\u00f6\u00dfe, dem Beruf und den ben\u00f6tigten Arbeitsmitteln, zu bew\u00e4ltigen ist.<\/p>\n<p>Mit ein wenig Recherche und einigen einfachen Messungen werden Sie sicher die richtige Schreibtischgr\u00f6\u00dfe f\u00fcr all Ihre Arbeitsanforderungen finden. So stellen Sie sicher, dass Ihr Arbeitsplatz so komfortabel, effizient und ergonomisch wie m\u00f6glich eingerichtet ist, um das Beste aus Ihren Arbeitsstunden herauszuholen.<\/p>\n<\/div><div class=\"fusion-builder-row fusion-builder-row-inner fusion-row fusion-flex-align-items-flex-start fusion-flex-justify-content-center fusion-flex-content-wrap\" style=\"width:104% !important;max-width:104% !important;margin-left: calc(-4% \/ 2 );margin-right: calc(-4% \/ 2 );\"><div class=\"fusion-layout-column fusion_builder_column_inner fusion-builder-nested-column-2 fusion_builder_column_inner_1_1 1_1 fusion-flex-column quellenangaben\" style=\"--awb-bg-size:cover;--awb-width-large:100%;--awb-margin-top-large:0px;--awb-spacing-right-large:1.92%;--awb-margin-bottom-large:0px;--awb-spacing-left-large:1.92%;--awb-width-medium:100%;--awb-order-medium:0;--awb-spacing-right-medium:1.92%;--awb-spacing-left-medium:1.92%;--awb-width-small:100%;--awb-order-small:0;--awb-spacing-right-small:1.92%;--awb-spacing-left-small:1.92%;\"><div class=\"fusion-column-wrapper fusion-column-has-shadow fusion-flex-justify-content-flex-start fusion-content-layout-column\"><div class=\"fusion-title title fusion-title-11 fusion-sep-none fusion-title-text fusion-title-size-two\" style=\"--awb-margin-bottom:0px;\"><h2 class=\"fusion-title-heading title-heading-left fusion-responsive-typography-calculated\" style=\"margin:0;--fontSize:53;line-height:1.1;\">Quellen<\/h2><\/div><div class=\"fusion-text fusion-text-20\"><ol>\n<li>https:\/\/www.wissenschaft.de\/gesellschaft-psychologie\/mit-diesen-massnahmen-steigt-die-produktivitaet-im-buero\/<\/li>\n<li>https:\/\/www.arbeitsrechte.de\/ergonomie-am-arbeitsplatz\/<\/li>\n<li>https:\/\/publikationen.dguv.de\/regelwerk\/dguv-informationen\/409\/bildschirm-und-bueroarbeitsplaetze-leitfaden-fuer-die-gestaltung<\/li>\n<li>https:\/\/www.komnet.nrw.de\/_sitetools\/dialog\/24456<\/li>\n<li>https:\/\/www.tk.de\/techniker\/magazin\/sport\/gesunder-ruecken\/ruecken-monitor-richtig-aufstellen-2009242<\/li>\n<\/ol>\n<\/div><\/div><\/div><\/div><\/div><\/div><\/div><\/div><div class=\"fusion-fullwidth fullwidth-box fusion-builder-row-5 fusion-flex-container has-pattern-background has-mask-background nonhundred-percent-fullwidth non-hundred-percent-height-scrolling\" style=\"--link_hover_color: var(--awb-color5);--link_color: var(--awb-color6);--awb-border-sizes-top:0px;--awb-border-sizes-bottom:0px;--awb-border-sizes-left:0px;--awb-border-sizes-right:0px;--awb-border-radius-top-left:0px;--awb-border-radius-top-right:0px;--awb-border-radius-bottom-right:0px;--awb-border-radius-bottom-left:0px;--awb-padding-top:40px;--awb-padding-right:40px;--awb-padding-bottom:40px;--awb-padding-left:40px;--awb-padding-top-small:20px;--awb-padding-right-small:20px;--awb-padding-bottom-small:20px;--awb-padding-left-small:20px;--awb-background-color:var(--awb-color1);--awb-flex-wrap:wrap;\" ><div class=\"fusion-builder-row fusion-row fusion-flex-align-items-stretch fusion-flex-content-wrap\" style=\"max-width:1248px;margin-left: calc(-4% \/ 2 );margin-right: calc(-4% \/ 2 );\"><div class=\"fusion-layout-column fusion_builder_column fusion-builder-column-11 fusion_builder_column_1_1 1_1 fusion-flex-column autor fusion-animated\" style=\"--awb-padding-right:20px;--awb-padding-left:20px;--awb-padding-left-small:0px;--awb-bg-blend:overlay;--awb-bg-size:cover;--awb-box-shadow:5px 0px 8px 0px hsla(var(--awb-color8-h),var(--awb-color8-s),calc( var(--awb-color8-l) - 9% ),calc( var(--awb-color8-a) - 95% ));;--awb-border-color:var(--awb-color5);--awb-border-top:2px;--awb-border-style:solid;--awb-width-large:100%;--awb-margin-top-large:25px;--awb-spacing-right-large:1.44%;--awb-margin-bottom-large:20px;--awb-spacing-left-large:1.44%;--awb-width-medium:100%;--awb-order-medium:0;--awb-spacing-right-medium:1.44%;--awb-spacing-left-medium:1.44%;--awb-width-small:100%;--awb-order-small:0;--awb-margin-top-small:0;--awb-spacing-right-small:0px;--awb-margin-bottom-small:0;--awb-spacing-left-small:1.92%;\" data-animationType=\"fadeInUp\" data-animationDuration=\"1.5\" data-animationOffset=\"top-into-view\"><div class=\"fusion-column-wrapper fusion-column-has-shadow fusion-flex-justify-content-flex-start fusion-content-layout-column\"><div class=\"fusion-text fusion-text-21\" style=\"--awb-font-size:20px;--awb-text-transform:uppercase;--awb-text-color:var(--awb-color7);--awb-margin-top:20px;\"><p><strong>\u00dcber den Autor<\/strong><\/p>\n<\/div><div class=\"fusion-builder-row fusion-builder-row-inner fusion-row fusion-flex-align-items-stretch fusion-flex-content-wrap\" style=\"width:104% !important;max-width:104% !important;margin-left: calc(-4% \/ 2 );margin-right: calc(-4% \/ 2 );\"><div class=\"fusion-layout-column fusion_builder_column_inner fusion-builder-nested-column-3 fusion-flex-column fusion-flex-align-self-stretch\" style=\"--awb-bg-position:center center;--awb-bg-size:cover;--awb-width-large:11%;--awb-margin-top-large:0px;--awb-spacing-right-large:17.454545454545%;--awb-margin-bottom-large:0px;--awb-spacing-left-large:17.454545454545%;--awb-width-medium:20%;--awb-order-medium:0;--awb-spacing-right-medium:9.6%;--awb-spacing-left-medium:9.6%;--awb-width-small:100%;--awb-order-small:0;--awb-spacing-right-small:1.92%;--awb-spacing-left-small:1.92%;\"><div class=\"fusion-column-wrapper fusion-column-has-shadow fusion-flex-justify-content-flex-start fusion-content-layout-column\"><div class=\"fusion-image-element \" style=\"--awb-caption-title-font-family:var(--h2_typography-font-family);--awb-caption-title-font-weight:var(--h2_typography-font-weight);--awb-caption-title-font-style:var(--h2_typography-font-style);--awb-caption-title-size:var(--h2_typography-font-size);--awb-caption-title-transform:var(--h2_typography-text-transform);--awb-caption-title-line-height:var(--h2_typography-line-height);--awb-caption-title-letter-spacing:var(--h2_typography-letter-spacing);\"><span class=\" fusion-imageframe imageframe-none imageframe-1 hover-type-none\"><img decoding=\"async\" src=\"https:\/\/schultz.de\/ratgeber\/wp-content\/uploads\/2023\/03\/cropped-team5-white-square-96x96.png\" alt class=\"img-responsive\"\/><\/span><\/div><\/div><\/div><div class=\"fusion-layout-column fusion_builder_column_inner fusion-builder-nested-column-4 fusion-flex-column fusion-flex-align-self-stretch\" style=\"--awb-bg-size:cover;--awb-width-large:89%;--awb-margin-top-large:0px;--awb-spacing-right-large:2.1573033707865%;--awb-margin-bottom-large:0px;--awb-spacing-left-large:2.1573033707865%;--awb-width-medium:80%;--awb-order-medium:0;--awb-spacing-right-medium:2.4%;--awb-spacing-left-medium:2.4%;--awb-width-small:100%;--awb-order-small:0;--awb-spacing-right-small:1.92%;--awb-spacing-left-small:1.92%;\"><div class=\"fusion-column-wrapper fusion-column-has-shadow fusion-flex-justify-content-flex-start fusion-content-layout-column\"><div class=\"fusion-title title fusion-title-12 fusion-sep-none fusion-title-text fusion-title-size-paragraph\" style=\"--awb-margin-bottom:0px;--awb-margin-bottom-small:0px;--awb-font-size:var(--awb-typography4-font-size);\"><p class=\"fusion-title-heading title-heading-left title-heading-tag fusion-responsive-typography-calculated\" style=\"font-family:&quot;Sofia Pro Regular&quot;;font-style:normal;font-weight:400;margin:0;letter-spacing:var(--awb-typography4-letter-spacing);text-transform:var(--awb-typography4-text-transform);font-size:1em;--fontSize:16;--minFontSize:16;line-height:var(--awb-typography4-line-height);\">Nicolas Schultz<\/p><\/div><div class=\"fusion-text fusion-text-22 autor-description\"><p>Gesch\u00e4ftsf\u00fchrer<\/p>\n<p>Durch seine Erfahrung und sein Fachwissen in der M\u00f6belbranche wei\u00df Nicolas, wie wichtig die richtige Ergonomie f\u00fcr die Gesundheit und Fitness der Menschen ist. Sein Ziel ist es, dass jeder Kunde gesund und fit bleibt und seine Arbeit oder sein Leben ohne Schmerzen und Beschwerden genie\u00dfen kann.\nNeben seiner Leidenschaft f\u00fcr die Arbeit als Gesch\u00e4ftsf\u00fchrer f\u00e4hrt er gerne mit dem Fahrrad durch den Wald und liebt es, neue Orte zu entdecken. Sein Interesse f\u00fcr das Reisen hat ihm wertvolle Einblicke in verschiedene Kulturen und Lebensweisen gegeben.<\/p>\n<\/div><\/div><\/div><\/div><\/div><\/div>\n<\/div><\/div><div class=\"fusion-fullwidth fullwidth-box fusion-builder-row-6 fusion-flex-container has-pattern-background has-mask-background post-newsletter nonhundred-percent-fullwidth non-hundred-percent-height-scrolling fusion-animated\" style=\"--awb-border-radius-top-left:0px;--awb-border-radius-top-right:0px;--awb-border-radius-bottom-right:0px;--awb-border-radius-bottom-left:0px;--awb-padding-top:30px;--awb-padding-bottom-small:20px;--awb-flex-wrap:wrap;\" data-animationType=\"fadeInUp\" data-animationDuration=\"1.5\" data-animationOffset=\"top-into-view\" ><div class=\"fusion-builder-row fusion-row fusion-flex-align-items-stretch fusion-flex-justify-content-center fusion-flex-content-wrap\" style=\"max-width:1248px;margin-left: calc(-4% \/ 2 );margin-right: calc(-4% \/ 2 );\"><div class=\"fusion-layout-column fusion_builder_column fusion-builder-column-12 fusion_builder_column_1_1 1_1 fusion-flex-column\" style=\"--awb-bg-color:var(--awb-color2);--awb-bg-color-hover:var(--awb-color2);--awb-bg-size:cover;--awb-width-large:100%;--awb-margin-top-large:40px;--awb-spacing-right-large:1.92%;--awb-margin-bottom-large:20px;--awb-spacing-left-large:1.92%;--awb-width-medium:100%;--awb-order-medium:0;--awb-spacing-right-medium:1.92%;--awb-spacing-left-medium:1.92%;--awb-width-small:100%;--awb-order-small:0;--awb-spacing-right-small:1.92%;--awb-spacing-left-small:1.92%;\"><div class=\"fusion-column-wrapper fusion-column-has-shadow fusion-flex-justify-content-flex-start fusion-content-layout-column\"><div class=\"fusion-builder-row fusion-builder-row-inner fusion-row fusion-flex-align-items-stretch fusion-flex-justify-content-center fusion-flex-content-wrap\" style=\"width:104% !important;max-width:104% !important;margin-left: calc(-4% \/ 2 );margin-right: calc(-4% \/ 2 );\"><div class=\"fusion-layout-column fusion_builder_column_inner fusion-builder-nested-column-5 fusion_builder_column_inner_1_4 1_4 fusion-flex-column\" style=\"--awb-bg-image:url(&#039;https:\/\/schultz.de\/ratgeber\/wp-content\/uploads\/2023\/03\/popup-bg.jpg&#039;);--awb-bg-position:center center;--awb-bg-size:cover;--awb-width-large:25%;--awb-margin-top-large:0px;--awb-spacing-right-large:7.68%;--awb-margin-bottom-large:0px;--awb-spacing-left-large:7.68%;--awb-width-medium:25%;--awb-order-medium:0;--awb-spacing-right-medium:7.68%;--awb-spacing-left-medium:7.68%;--awb-width-small:100%;--awb-order-small:0;--awb-spacing-right-small:1.92%;--awb-spacing-left-small:1.92%;\"><div class=\"fusion-column-wrapper fusion-column-has-shadow fusion-flex-justify-content-flex-start fusion-content-layout-column fusion-empty-column-bg-image fusion-column-has-bg-image\" data-bg-url=\"https:\/\/schultz.de\/ratgeber\/wp-content\/uploads\/2023\/03\/popup-bg.jpg\"><img decoding=\"async\" class=\"fusion-empty-dims-img-placeholder fusion-no-large-visibility fusion-no-medium-visibility\" src=\"data:image\/gif;base64,R0lGODlhAQABAAAAACH5BAEKAAEALAAAAAABAAEAAAICTAEAOw==\"><\/div><\/div><div class=\"fusion-layout-column fusion_builder_column_inner fusion-builder-nested-column-6 fusion_builder_column_inner_3_4 3_4 fusion-flex-column\" style=\"--awb-padding-top:40px;--awb-padding-top-small:40px;--awb-padding-right-small:20px;--awb-padding-left-small:20px;--awb-bg-size:cover;--awb-width-large:75%;--awb-margin-top-large:0px;--awb-spacing-right-large:2.56%;--awb-margin-bottom-large:20px;--awb-spacing-left-large:2.56%;--awb-width-medium:75%;--awb-order-medium:0;--awb-spacing-right-medium:2.56%;--awb-spacing-left-medium:2.56%;--awb-width-small:100%;--awb-order-small:0;--awb-spacing-right-small:1.92%;--awb-spacing-left-small:1.92%;\" data-scroll-devices=\"small-visibility,medium-visibility,large-visibility\"><div class=\"fusion-column-wrapper fusion-column-has-shadow fusion-flex-justify-content-flex-start fusion-content-layout-column\"><div class=\"fusion-title title fusion-title-13 fusion-sep-none fusion-title-text fusion-title-size-div\" style=\"--awb-text-color:var(--awb-color7);--awb-margin-top:0px;--awb-margin-bottom:0px;--awb-margin-bottom-small:0px;--awb-font-size:30px;\"><div class=\"fusion-title-heading title-heading-left title-heading-tag fusion-responsive-typography-calculated\" style=\"font-family:var(--awb-typography1-font-family);font-weight:var(--awb-typography1-font-weight);font-style:var(--awb-typography1-font-style);margin:0;letter-spacing:var(--awb-typography1-letter-spacing);text-transform:var(--awb-typography1-text-transform);font-size:1em;--fontSize:30;line-height:1.1;\">Erhalten Sie 5 % Rabatt auf Ihre erste Bestellung<\/div><\/div><div class=\"fusion-separator\" style=\"align-self: flex-start;margin-right:auto;margin-top:15px;margin-bottom:15px;width:100%;max-width:100px;\"><div class=\"fusion-separator-border sep-single sep-solid\" style=\"--awb-height:20px;--awb-amount:20px;--awb-sep-color:var(--awb-color4);border-color:var(--awb-color4);border-top-width:1px;\"><\/div><\/div><ul style=\"--awb-item-padding-top:0px;--awb-line-height:27.2px;--awb-icon-width:27.2px;--awb-icon-height:27.2px;--awb-icon-margin:11.2px;--awb-content-margin:38.4px;\" class=\"fusion-checklist fusion-checklist-3 type-icons newsletter-checklist\"><li class=\"fusion-li-item\" style=\"\"><span class=\"icon-wrapper circle-no\"><i class=\"fusion-li-icon fa-check fas\" aria-hidden=\"true\"><\/i><\/span><div class=\"fusion-li-item-content\">\n<p>Newsletter abonnieren \u2013 Rabatt erhalten<\/p>\n<\/div><\/li><li class=\"fusion-li-item\" style=\"\"><span class=\"icon-wrapper circle-no\"><i class=\"fusion-li-icon fa-check fas\" aria-hidden=\"true\"><\/i><\/span><div class=\"fusion-li-item-content\">\n<p>Sonderangebote und Neuheiten per E-Mail<\/p>\n<\/div><\/li><li class=\"fusion-li-item\" style=\"\"><span class=\"icon-wrapper circle-no\"><i class=\"fusion-li-icon fa-check fas\" aria-hidden=\"true\"><\/i><\/span><div class=\"fusion-li-item-content\">\n<p>Kostenlos &amp; jederzeit abbestellbar<\/p>\n<\/div><\/li><\/ul><div ><a class=\"fusion-button button-flat fusion-button-default-size button-default fusion-button-default button-3 fusion-button-default-span fusion-button-default-type\" style=\"--button_margin-top:20px;\" target=\"_blank\" rel=\"noopener noreferrer\" href=\"https:\/\/schultz.de\/newsletter\"><span class=\"fusion-button-text awb-button__text awb-button__text--default\">Newsletter abonnieren<\/span><\/a><\/div><\/div><\/div><\/div><\/div><\/div><div class=\"fusion-layout-column fusion_builder_column fusion-builder-column-13 fusion_builder_column_1_1 1_1 fusion-flex-column\" style=\"--awb-bg-size:cover;--awb-width-large:100%;--awb-margin-top-large:40px;--awb-spacing-right-large:1.92%;--awb-margin-bottom-large:20px;--awb-spacing-left-large:1.92%;--awb-width-medium:100%;--awb-order-medium:0;--awb-spacing-right-medium:1.92%;--awb-spacing-left-medium:1.92%;--awb-width-small:100%;--awb-order-small:0;--awb-spacing-right-small:1.92%;--awb-margin-bottom-small:0;--awb-spacing-left-small:1.92%;\"><div class=\"fusion-column-wrapper fusion-column-has-shadow fusion-flex-justify-content-flex-start fusion-content-layout-column\"> <div class=\"brlbs-cmpnt-container brlbs-cmpnt-content-blocker brlbs-cmpnt-with-individual-styles\" data-borlabs-cookie-content-blocker-id=\"elfsight\" data-borlabs-cookie-content=\"CjxzY3JpcHQgc3JjPSJodHRwczovL2FwcHMuZWxmc2lnaHQuY29tL3AvcGxhdGZvcm0uanMiIGRlZmVyPjwvc2NyaXB0Pgo8ZGl2IGNsYXNzPSJlbGZzaWdodC1hcHAtZTY4YmJlMzYtYjk0My00YzNhLTg0NjEtNmI2NmI1NDQxOWNlIj48L2Rpdj4K\"><div class=\"brlbs-cmpnt-cb-preset-a\"> <p class=\"brlbs-cmpnt-cb-description\">Sie sehen gerade einen Platzhalterinhalt von <strong>Elfsight<\/strong>. Um auf den eigentlichen Inhalt zuzugreifen, klicken Sie auf die Schaltfl\u00e4che unten. Bitte beachten Sie, dass dabei Daten an Drittanbieter weitergegeben werden.<\/p> <div class=\"brlbs-cmpnt-cb-buttons\"> <a class=\"brlbs-cmpnt-cb-btn\" href=\"#\" data-borlabs-cookie-unblock role=\"button\">Inhalt entsperren<\/a> <a class=\"brlbs-cmpnt-cb-btn\" href=\"#\" data-borlabs-cookie-accept-service role=\"button\" style=\"display: inherit\">Erforderlichen Service akzeptieren und Inhalte entsperren<\/a> <\/div> <a class=\"brlbs-cmpnt-cb-provider-toggle\" href=\"#\" data-borlabs-cookie-show-provider-information role=\"button\">Mehr Informationen<\/a> <\/div><\/div><\/div><\/div><\/div><\/div>\n<\/p>\n","protected":false},"excerpt":{"rendered":"","protected":false},"author":2,"featured_media":3483,"comment_status":"open","ping_status":"open","sticky":false,"template":"","format":"standard","meta":{"_acf_changed":false,"footnotes":""},"categories":[60],"tags":[],"class_list":["post-6228","post","type-post","status-publish","format-standard","has-post-thumbnail","hentry","category-ergonomie-im-buero"],"acf":[],"yoast_head":"<!-- This site is optimized with the Yoast SEO plugin v26.5 - https:\/\/yoast.com\/wordpress\/plugins\/seo\/ -->\n<title>Die richtigen Schreibtisch Ma\u00dfe: Darauf sollten Sie achten!<\/title>\n<meta name=\"description\" content=\"Die richtigen Schreibtisch-Ma\u00dfe sind wichtig f\u00fcr einen gesunden Arbeitsplatz. \u2192 Erfahren Sie wie Sie die passende Gr\u00f6\u00dfe bestimmten.\" \/>\n<meta name=\"robots\" content=\"index, follow, max-snippet:-1, max-image-preview:large, max-video-preview:-1\" \/>\n<link rel=\"canonical\" href=\"https:\/\/schultz.de\/ratgeber\/schreibtisch-masse\/\" \/>\n<meta property=\"og:locale\" content=\"de_DE\" \/>\n<meta property=\"og:type\" content=\"article\" \/>\n<meta property=\"og:title\" content=\"Die richtigen Schreibtisch Ma\u00dfe: Darauf sollten Sie achten!\" \/>\n<meta property=\"og:description\" content=\"Die richtigen Schreibtisch-Ma\u00dfe sind wichtig f\u00fcr einen gesunden Arbeitsplatz. \u2192 Erfahren Sie wie Sie die passende Gr\u00f6\u00dfe bestimmten.\" \/>\n<meta property=\"og:url\" content=\"https:\/\/schultz.de\/ratgeber\/schreibtisch-masse\/\" \/>\n<meta property=\"og:site_name\" content=\"Schultz Ratgeber\" \/>\n<meta property=\"article:publisher\" content=\"https:\/\/www.facebook.com\/schultz.de\/\" \/>\n<meta property=\"article:published_time\" content=\"2023-10-19T08:05:49+00:00\" \/>\n<meta property=\"article:modified_time\" content=\"2025-07-30T13:05:29+00:00\" \/>\n<meta property=\"og:image\" content=\"https:\/\/schultz.de\/ratgeber\/wp-content\/uploads\/2023\/03\/2022-10-20_Office_Camera.012_7.jpg\" \/>\n\t<meta property=\"og:image:width\" content=\"1920\" \/>\n\t<meta property=\"og:image:height\" content=\"960\" \/>\n\t<meta property=\"og:image:type\" content=\"image\/jpeg\" \/>\n<meta name=\"author\" content=\"Nicolas Schultz\" \/>\n<script type=\"application\/ld+json\" class=\"yoast-schema-graph\">{\"@context\":\"https:\/\/schema.org\",\"@graph\":[{\"@type\":\"Article\",\"@id\":\"https:\/\/schultz.de\/ratgeber\/schreibtisch-masse\/#article\",\"isPartOf\":{\"@id\":\"https:\/\/schultz.de\/ratgeber\/schreibtisch-masse\/\"},\"author\":{\"name\":\"Nicolas Schultz\",\"@id\":\"https:\/\/schultz.de\/ratgeber\/#\/schema\/person\/fd10318afcbad7472f446bdd3d2a0af4\"},\"headline\":\"So finden Sie die optimale Schreibtischgr\u00f6\u00dfe f\u00fcr Ihr B\u00fcro\",\"datePublished\":\"2023-10-19T08:05:49+00:00\",\"dateModified\":\"2025-07-30T13:05:29+00:00\",\"mainEntityOfPage\":{\"@id\":\"https:\/\/schultz.de\/ratgeber\/schreibtisch-masse\/\"},\"wordCount\":6012,\"commentCount\":0,\"publisher\":{\"@id\":\"https:\/\/schultz.de\/ratgeber\/#organization\"},\"image\":{\"@id\":\"https:\/\/schultz.de\/ratgeber\/schreibtisch-masse\/#primaryimage\"},\"thumbnailUrl\":\"https:\/\/schultz.de\/ratgeber\/wp-content\/uploads\/2023\/03\/2022-10-20_Office_Camera.012_7.webp\",\"articleSection\":[\"Ergonomie im B\u00fcro\"],\"inLanguage\":\"de\",\"potentialAction\":[{\"@type\":\"CommentAction\",\"name\":\"Comment\",\"target\":[\"https:\/\/schultz.de\/ratgeber\/schreibtisch-masse\/#respond\"]}]},{\"@type\":\"WebPage\",\"@id\":\"https:\/\/schultz.de\/ratgeber\/schreibtisch-masse\/\",\"url\":\"https:\/\/schultz.de\/ratgeber\/schreibtisch-masse\/\",\"name\":\"Die richtigen Schreibtisch Ma\u00dfe: Darauf sollten Sie achten!\",\"isPartOf\":{\"@id\":\"https:\/\/schultz.de\/ratgeber\/#website\"},\"primaryImageOfPage\":{\"@id\":\"https:\/\/schultz.de\/ratgeber\/schreibtisch-masse\/#primaryimage\"},\"image\":{\"@id\":\"https:\/\/schultz.de\/ratgeber\/schreibtisch-masse\/#primaryimage\"},\"thumbnailUrl\":\"https:\/\/schultz.de\/ratgeber\/wp-content\/uploads\/2023\/03\/2022-10-20_Office_Camera.012_7.webp\",\"datePublished\":\"2023-10-19T08:05:49+00:00\",\"dateModified\":\"2025-07-30T13:05:29+00:00\",\"description\":\"Die richtigen Schreibtisch-Ma\u00dfe sind wichtig f\u00fcr einen gesunden Arbeitsplatz. \u2192 Erfahren Sie wie Sie die passende Gr\u00f6\u00dfe bestimmten.\",\"breadcrumb\":{\"@id\":\"https:\/\/schultz.de\/ratgeber\/schreibtisch-masse\/#breadcrumb\"},\"inLanguage\":\"de\",\"potentialAction\":[{\"@type\":\"ReadAction\",\"target\":[\"https:\/\/schultz.de\/ratgeber\/schreibtisch-masse\/\"]}]},{\"@type\":\"ImageObject\",\"inLanguage\":\"de\",\"@id\":\"https:\/\/schultz.de\/ratgeber\/schreibtisch-masse\/#primaryimage\",\"url\":\"https:\/\/schultz.de\/ratgeber\/wp-content\/uploads\/2023\/03\/2022-10-20_Office_Camera.012_7.webp\",\"contentUrl\":\"https:\/\/schultz.de\/ratgeber\/wp-content\/uploads\/2023\/03\/2022-10-20_Office_Camera.012_7.webp\",\"width\":1920,\"height\":960,\"caption\":\"3 ergonomische Arbeitspl\u00e4tze in einem Gro\u00dfraumb\u00fcro aus der Vogelperspektive\"},{\"@type\":\"BreadcrumbList\",\"@id\":\"https:\/\/schultz.de\/ratgeber\/schreibtisch-masse\/#breadcrumb\",\"itemListElement\":[{\"@type\":\"ListItem\",\"position\":1,\"name\":\"Home\",\"item\":\"https:\/\/schultz.de\/ratgeber\/\"},{\"@type\":\"ListItem\",\"position\":2,\"name\":\"So finden Sie die optimale Schreibtischgr\u00f6\u00dfe f\u00fcr Ihr B\u00fcro\"}]},{\"@type\":\"WebSite\",\"@id\":\"https:\/\/schultz.de\/ratgeber\/#website\",\"url\":\"https:\/\/schultz.de\/ratgeber\/\",\"name\":\"SCHULTZ Ratgeber\",\"description\":\"\",\"publisher\":{\"@id\":\"https:\/\/schultz.de\/ratgeber\/#organization\"},\"potentialAction\":[{\"@type\":\"SearchAction\",\"target\":{\"@type\":\"EntryPoint\",\"urlTemplate\":\"https:\/\/schultz.de\/ratgeber\/?s={search_term_string}\"},\"query-input\":{\"@type\":\"PropertyValueSpecification\",\"valueRequired\":true,\"valueName\":\"search_term_string\"}}],\"inLanguage\":\"de\"},{\"@type\":\"Organization\",\"@id\":\"https:\/\/schultz.de\/ratgeber\/#organization\",\"name\":\"SCHULTZ\",\"url\":\"https:\/\/schultz.de\/ratgeber\/\",\"logo\":{\"@type\":\"ImageObject\",\"inLanguage\":\"de\",\"@id\":\"https:\/\/schultz.de\/ratgeber\/#\/schema\/logo\/image\/\",\"url\":\"\",\"contentUrl\":\"\",\"caption\":\"SCHULTZ\"},\"image\":{\"@id\":\"https:\/\/schultz.de\/ratgeber\/#\/schema\/logo\/image\/\"},\"sameAs\":[\"https:\/\/www.facebook.com\/schultz.de\/\",\"https:\/\/www.linkedin.com\/company\/schultz-moebel\/\",\"https:\/\/www.instagram.com\/schultz_bueromoebel\/\",\"https:\/\/www.youtube.com\/user\/SchultzEinrichtungen\"]},{\"@type\":\"Person\",\"@id\":\"https:\/\/schultz.de\/ratgeber\/#\/schema\/person\/fd10318afcbad7472f446bdd3d2a0af4\",\"name\":\"Nicolas Schultz\",\"image\":{\"@type\":\"ImageObject\",\"inLanguage\":\"de\",\"@id\":\"https:\/\/schultz.de\/ratgeber\/#\/schema\/person\/image\/\",\"url\":\"https:\/\/schultz.de\/ratgeber\/wp-content\/uploads\/2023\/03\/cropped-team5-white-square-96x96.png\",\"contentUrl\":\"https:\/\/schultz.de\/ratgeber\/wp-content\/uploads\/2023\/03\/cropped-team5-white-square-96x96.png\",\"caption\":\"Nicolas Schultz\"},\"description\":\"Gesch\u00e4ftsf\u00fchrer Durch seine Erfahrung und sein Fachwissen in der M\u00f6belbranche wei\u00df Nicolas, wie wichtig die richtige Ergonomie f\u00fcr die Gesundheit und Fitness der Menschen ist. Sein Ziel ist es, dass jeder Kunde gesund und fit bleibt und seine Arbeit oder sein Leben ohne Schmerzen und Beschwerden genie\u00dfen kann. Neben seiner Leidenschaft f\u00fcr die Arbeit als Gesch\u00e4ftsf\u00fchrer f\u00e4hrt er gerne mit dem Fahrrad durch den Wald und liebt es, neue Orte zu entdecken. Sein Interesse f\u00fcr das Reisen hat ihm wertvolle Einblicke in verschiedene Kulturen und Lebensweisen gegeben.\",\"url\":\"https:\/\/schultz.de\/ratgeber\/author\/schultz-blog_admin\/\"}]}<\/script>\n<!-- \/ Yoast SEO plugin. -->","yoast_head_json":{"title":"Die richtigen Schreibtisch Ma\u00dfe: Darauf sollten Sie achten!","description":"Die richtigen Schreibtisch-Ma\u00dfe sind wichtig f\u00fcr einen gesunden Arbeitsplatz. \u2192 Erfahren Sie wie Sie die passende Gr\u00f6\u00dfe bestimmten.","robots":{"index":"index","follow":"follow","max-snippet":"max-snippet:-1","max-image-preview":"max-image-preview:large","max-video-preview":"max-video-preview:-1"},"canonical":"https:\/\/schultz.de\/ratgeber\/schreibtisch-masse\/","og_locale":"de_DE","og_type":"article","og_title":"Die richtigen Schreibtisch Ma\u00dfe: Darauf sollten Sie achten!","og_description":"Die richtigen Schreibtisch-Ma\u00dfe sind wichtig f\u00fcr einen gesunden Arbeitsplatz. \u2192 Erfahren Sie wie Sie die passende Gr\u00f6\u00dfe bestimmten.","og_url":"https:\/\/schultz.de\/ratgeber\/schreibtisch-masse\/","og_site_name":"Schultz Ratgeber","article_publisher":"https:\/\/www.facebook.com\/schultz.de\/","article_published_time":"2023-10-19T08:05:49+00:00","article_modified_time":"2025-07-30T13:05:29+00:00","og_image":[{"width":1920,"height":960,"url":"https:\/\/schultz.de\/ratgeber\/wp-content\/uploads\/2023\/03\/2022-10-20_Office_Camera.012_7.jpg","type":"image\/jpeg"}],"author":"Nicolas Schultz","schema":{"@context":"https:\/\/schema.org","@graph":[{"@type":"Article","@id":"https:\/\/schultz.de\/ratgeber\/schreibtisch-masse\/#article","isPartOf":{"@id":"https:\/\/schultz.de\/ratgeber\/schreibtisch-masse\/"},"author":{"name":"Nicolas Schultz","@id":"https:\/\/schultz.de\/ratgeber\/#\/schema\/person\/fd10318afcbad7472f446bdd3d2a0af4"},"headline":"So finden Sie die optimale Schreibtischgr\u00f6\u00dfe f\u00fcr Ihr B\u00fcro","datePublished":"2023-10-19T08:05:49+00:00","dateModified":"2025-07-30T13:05:29+00:00","mainEntityOfPage":{"@id":"https:\/\/schultz.de\/ratgeber\/schreibtisch-masse\/"},"wordCount":6012,"commentCount":0,"publisher":{"@id":"https:\/\/schultz.de\/ratgeber\/#organization"},"image":{"@id":"https:\/\/schultz.de\/ratgeber\/schreibtisch-masse\/#primaryimage"},"thumbnailUrl":"https:\/\/schultz.de\/ratgeber\/wp-content\/uploads\/2023\/03\/2022-10-20_Office_Camera.012_7.webp","articleSection":["Ergonomie im B\u00fcro"],"inLanguage":"de","potentialAction":[{"@type":"CommentAction","name":"Comment","target":["https:\/\/schultz.de\/ratgeber\/schreibtisch-masse\/#respond"]}]},{"@type":"WebPage","@id":"https:\/\/schultz.de\/ratgeber\/schreibtisch-masse\/","url":"https:\/\/schultz.de\/ratgeber\/schreibtisch-masse\/","name":"Die richtigen Schreibtisch Ma\u00dfe: Darauf sollten Sie achten!","isPartOf":{"@id":"https:\/\/schultz.de\/ratgeber\/#website"},"primaryImageOfPage":{"@id":"https:\/\/schultz.de\/ratgeber\/schreibtisch-masse\/#primaryimage"},"image":{"@id":"https:\/\/schultz.de\/ratgeber\/schreibtisch-masse\/#primaryimage"},"thumbnailUrl":"https:\/\/schultz.de\/ratgeber\/wp-content\/uploads\/2023\/03\/2022-10-20_Office_Camera.012_7.webp","datePublished":"2023-10-19T08:05:49+00:00","dateModified":"2025-07-30T13:05:29+00:00","description":"Die richtigen Schreibtisch-Ma\u00dfe sind wichtig f\u00fcr einen gesunden Arbeitsplatz. \u2192 Erfahren Sie wie Sie die passende Gr\u00f6\u00dfe bestimmten.","breadcrumb":{"@id":"https:\/\/schultz.de\/ratgeber\/schreibtisch-masse\/#breadcrumb"},"inLanguage":"de","potentialAction":[{"@type":"ReadAction","target":["https:\/\/schultz.de\/ratgeber\/schreibtisch-masse\/"]}]},{"@type":"ImageObject","inLanguage":"de","@id":"https:\/\/schultz.de\/ratgeber\/schreibtisch-masse\/#primaryimage","url":"https:\/\/schultz.de\/ratgeber\/wp-content\/uploads\/2023\/03\/2022-10-20_Office_Camera.012_7.webp","contentUrl":"https:\/\/schultz.de\/ratgeber\/wp-content\/uploads\/2023\/03\/2022-10-20_Office_Camera.012_7.webp","width":1920,"height":960,"caption":"3 ergonomische Arbeitspl\u00e4tze in einem Gro\u00dfraumb\u00fcro aus der Vogelperspektive"},{"@type":"BreadcrumbList","@id":"https:\/\/schultz.de\/ratgeber\/schreibtisch-masse\/#breadcrumb","itemListElement":[{"@type":"ListItem","position":1,"name":"Home","item":"https:\/\/schultz.de\/ratgeber\/"},{"@type":"ListItem","position":2,"name":"So finden Sie die optimale Schreibtischgr\u00f6\u00dfe f\u00fcr Ihr B\u00fcro"}]},{"@type":"WebSite","@id":"https:\/\/schultz.de\/ratgeber\/#website","url":"https:\/\/schultz.de\/ratgeber\/","name":"SCHULTZ Ratgeber","description":"","publisher":{"@id":"https:\/\/schultz.de\/ratgeber\/#organization"},"potentialAction":[{"@type":"SearchAction","target":{"@type":"EntryPoint","urlTemplate":"https:\/\/schultz.de\/ratgeber\/?s={search_term_string}"},"query-input":{"@type":"PropertyValueSpecification","valueRequired":true,"valueName":"search_term_string"}}],"inLanguage":"de"},{"@type":"Organization","@id":"https:\/\/schultz.de\/ratgeber\/#organization","name":"SCHULTZ","url":"https:\/\/schultz.de\/ratgeber\/","logo":{"@type":"ImageObject","inLanguage":"de","@id":"https:\/\/schultz.de\/ratgeber\/#\/schema\/logo\/image\/","url":"","contentUrl":"","caption":"SCHULTZ"},"image":{"@id":"https:\/\/schultz.de\/ratgeber\/#\/schema\/logo\/image\/"},"sameAs":["https:\/\/www.facebook.com\/schultz.de\/","https:\/\/www.linkedin.com\/company\/schultz-moebel\/","https:\/\/www.instagram.com\/schultz_bueromoebel\/","https:\/\/www.youtube.com\/user\/SchultzEinrichtungen"]},{"@type":"Person","@id":"https:\/\/schultz.de\/ratgeber\/#\/schema\/person\/fd10318afcbad7472f446bdd3d2a0af4","name":"Nicolas Schultz","image":{"@type":"ImageObject","inLanguage":"de","@id":"https:\/\/schultz.de\/ratgeber\/#\/schema\/person\/image\/","url":"https:\/\/schultz.de\/ratgeber\/wp-content\/uploads\/2023\/03\/cropped-team5-white-square-96x96.png","contentUrl":"https:\/\/schultz.de\/ratgeber\/wp-content\/uploads\/2023\/03\/cropped-team5-white-square-96x96.png","caption":"Nicolas Schultz"},"description":"Gesch\u00e4ftsf\u00fchrer Durch seine Erfahrung und sein Fachwissen in der M\u00f6belbranche wei\u00df Nicolas, wie wichtig die richtige Ergonomie f\u00fcr die Gesundheit und Fitness der Menschen ist. Sein Ziel ist es, dass jeder Kunde gesund und fit bleibt und seine Arbeit oder sein Leben ohne Schmerzen und Beschwerden genie\u00dfen kann. Neben seiner Leidenschaft f\u00fcr die Arbeit als Gesch\u00e4ftsf\u00fchrer f\u00e4hrt er gerne mit dem Fahrrad durch den Wald und liebt es, neue Orte zu entdecken. Sein Interesse f\u00fcr das Reisen hat ihm wertvolle Einblicke in verschiedene Kulturen und Lebensweisen gegeben.","url":"https:\/\/schultz.de\/ratgeber\/author\/schultz-blog_admin\/"}]}},"_links":{"self":[{"href":"https:\/\/schultz.de\/ratgeber\/wp-json\/wp\/v2\/posts\/6228","targetHints":{"allow":["GET"]}}],"collection":[{"href":"https:\/\/schultz.de\/ratgeber\/wp-json\/wp\/v2\/posts"}],"about":[{"href":"https:\/\/schultz.de\/ratgeber\/wp-json\/wp\/v2\/types\/post"}],"author":[{"embeddable":true,"href":"https:\/\/schultz.de\/ratgeber\/wp-json\/wp\/v2\/users\/2"}],"replies":[{"embeddable":true,"href":"https:\/\/schultz.de\/ratgeber\/wp-json\/wp\/v2\/comments?post=6228"}],"version-history":[{"count":6,"href":"https:\/\/schultz.de\/ratgeber\/wp-json\/wp\/v2\/posts\/6228\/revisions"}],"predecessor-version":[{"id":10162,"href":"https:\/\/schultz.de\/ratgeber\/wp-json\/wp\/v2\/posts\/6228\/revisions\/10162"}],"wp:featuredmedia":[{"embeddable":true,"href":"https:\/\/schultz.de\/ratgeber\/wp-json\/wp\/v2\/media\/3483"}],"wp:attachment":[{"href":"https:\/\/schultz.de\/ratgeber\/wp-json\/wp\/v2\/media?parent=6228"}],"wp:term":[{"taxonomy":"category","embeddable":true,"href":"https:\/\/schultz.de\/ratgeber\/wp-json\/wp\/v2\/categories?post=6228"},{"taxonomy":"post_tag","embeddable":true,"href":"https:\/\/schultz.de\/ratgeber\/wp-json\/wp\/v2\/tags?post=6228"}],"curies":[{"name":"wp","href":"https:\/\/api.w.org\/{rel}","templated":true}]}}