{"id":5249,"date":"2023-09-26T14:49:24","date_gmt":"2023-09-26T12:49:24","guid":{"rendered":"https:\/\/schultz.de\/ratgeber\/?p=5249"},"modified":"2025-02-07T17:25:32","modified_gmt":"2025-02-07T16:25:32","slug":"laerm-im-buero","status":"publish","type":"post","link":"https:\/\/schultz.de\/ratgeber\/laerm-im-buero\/","title":{"rendered":"L\u00e4rm im B\u00fcro: So senken Sie die Lautst\u00e4rke und sch\u00fctzen Ihre Gesundheit"},"content":{"rendered":"<p><div class=\"fusion-fullwidth fullwidth-box fusion-builder-row-1 fusion-flex-container has-pattern-background has-mask-background nonhundred-percent-fullwidth non-hundred-percent-height-scrolling\" style=\"--awb-border-sizes-top:0px;--awb-border-sizes-bottom:0px;--awb-border-sizes-left:0px;--awb-border-sizes-right:0px;--awb-border-radius-top-left:0px;--awb-border-radius-top-right:0px;--awb-border-radius-bottom-right:0px;--awb-border-radius-bottom-left:0px;--awb-padding-top:40px;--awb-padding-right:40px;--awb-padding-left:40px;--awb-background-color:var(--awb-color1);--awb-flex-wrap:wrap;\" ><div class=\"fusion-builder-row fusion-row fusion-flex-align-items-flex-start fusion-flex-content-wrap\" style=\"max-width:1248px;margin-left: calc(-4% \/ 2 );margin-right: calc(-4% \/ 2 );\"><div class=\"fusion-layout-column fusion_builder_column fusion-builder-column-0 fusion_builder_column_1_2 1_2 fusion-flex-column\" style=\"--awb-bg-color:rgba(255,255,255,0);--awb-bg-color-hover:rgba(255,255,255,0);--awb-bg-size:cover;--awb-border-color:var(--awb-color5);--awb-border-top:0px;--awb-border-style:solid;--awb-width-large:50%;--awb-margin-top-large:0px;--awb-spacing-right-large:3.84%;--awb-margin-bottom-large:20px;--awb-spacing-left-large:3.84%;--awb-width-medium:100%;--awb-order-medium:0;--awb-spacing-right-medium:1.92%;--awb-spacing-left-medium:1.92%;--awb-width-small:100%;--awb-order-small:0;--awb-spacing-right-small:1.92%;--awb-spacing-left-small:1.92%;\"><div class=\"fusion-column-wrapper fusion-column-has-shadow fusion-flex-justify-content-flex-start fusion-content-layout-column\"><div class=\"fusion-text fusion-text-1\" style=\"--awb-font-size:var(--awb-typography2-font-size);--awb-line-height:var(--awb-typography2-line-height);--awb-letter-spacing:var(--awb-typography2-letter-spacing);--awb-text-transform:none;--awb-text-font-family:var(--awb-typography2-font-family);--awb-text-font-weight:var(--awb-typography2-font-weight);--awb-text-font-style:var(--awb-typography2-font-style);\"><p>L\u00e4rm kann krank machen. Die Folgen f\u00fcr die Gesundheit sind vielf\u00e4ltig und auch die Konzentrationsf\u00e4higkeit und das Wohlbefinden leiden darunter. Daher sollten Sie auch den Aspekt der L\u00e4rmbelastung ber\u00fccksichtigen, wenn Sie die <a href=\"https:\/\/schultz.de\/ratgeber\/ergonomie-am-arbeitsplatz\/\">Ergonomie am Arbeitsplatz<\/a> optimieren m\u00f6chten.<\/p>\n<p>Dieser Artikel geht auf die wichtigsten Ursachen von L\u00e4rm ein und erkl\u00e4rt Ihnen, mit welchen Ma\u00dfnahmen Sie Ihren Arbeitsalltag oder den Ihrer Angestellten ruhiger gestalten k\u00f6nnen.<\/p>\n<\/div><div class=\"fusion-builder-row fusion-builder-row-inner fusion-row fusion-flex-align-items-flex-start fusion-flex-content-wrap\" style=\"width:104% !important;max-width:104% !important;margin-left: calc(-4% \/ 2 );margin-right: calc(-4% \/ 2 );\"><div class=\"fusion-layout-column fusion_builder_column_inner fusion-builder-nested-column-0 fusion_builder_column_inner_1_6 1_6 fusion-flex-column fusion-flex-align-self-center\" style=\"--awb-bg-size:cover;--awb-width-large:16.666666666667%;--awb-margin-top-large:0px;--awb-spacing-right-large:11.52%;--awb-margin-bottom-large:0px;--awb-spacing-left-large:11.52%;--awb-width-medium:100%;--awb-order-medium:0;--awb-spacing-right-medium:1.92%;--awb-spacing-left-medium:1.92%;--awb-width-small:100%;--awb-order-small:0;--awb-spacing-right-small:1.92%;--awb-spacing-left-small:1.92%;\" data-scroll-devices=\"small-visibility,medium-visibility,large-visibility\"><div class=\"fusion-column-wrapper fusion-column-has-shadow fusion-flex-justify-content-center fusion-content-layout-column\"><div class=\"fusion-image-element \" style=\"text-align:center;--awb-caption-title-font-family:var(--h2_typography-font-family);--awb-caption-title-font-weight:var(--h2_typography-font-weight);--awb-caption-title-font-style:var(--h2_typography-font-style);--awb-caption-title-size:var(--h2_typography-font-size);--awb-caption-title-transform:var(--h2_typography-text-transform);--awb-caption-title-line-height:var(--h2_typography-line-height);--awb-caption-title-letter-spacing:var(--h2_typography-letter-spacing);\"><span class=\" fusion-imageframe imageframe-none imageframe-1 hover-type-none\"><img decoding=\"async\" width=\"679\" height=\"679\" title=\"cropped-katharina-weiten.jpg\" src=\"https:\/\/schultz.de\/ratgeber\/wp-content\/uploads\/2023\/09\/cropped-katharina-weiten.webp\" alt class=\"img-responsive wp-image-5412\" srcset=\"https:\/\/schultz.de\/ratgeber\/wp-content\/uploads\/2023\/09\/cropped-katharina-weiten-200x200.webp 200w, https:\/\/schultz.de\/ratgeber\/wp-content\/uploads\/2023\/09\/cropped-katharina-weiten-400x400.webp 400w, https:\/\/schultz.de\/ratgeber\/wp-content\/uploads\/2023\/09\/cropped-katharina-weiten-600x600.webp 600w, https:\/\/schultz.de\/ratgeber\/wp-content\/uploads\/2023\/09\/cropped-katharina-weiten.webp 679w\" sizes=\"(max-width: 1024px) 100vw, (max-width: 667px) 100vw, 200px\" \/><\/span><\/div><\/div><\/div><div class=\"fusion-layout-column fusion_builder_column_inner fusion-builder-nested-column-1 fusion_builder_column_inner_5_6 5_6 fusion-flex-column fusion-flex-align-self-center\" style=\"--awb-bg-size:cover;--awb-width-large:83.333333333333%;--awb-margin-top-large:0px;--awb-spacing-right-large:2.304%;--awb-margin-bottom-large:0px;--awb-spacing-left-large:2.304%;--awb-width-medium:100%;--awb-order-medium:0;--awb-spacing-right-medium:1.92%;--awb-spacing-left-medium:1.92%;--awb-width-small:100%;--awb-order-small:0;--awb-spacing-right-small:1.92%;--awb-spacing-left-small:1.92%;\" data-scroll-devices=\"small-visibility,medium-visibility,large-visibility\"><div class=\"fusion-column-wrapper fusion-column-has-shadow fusion-flex-justify-content-center fusion-content-layout-column\"><div class=\"fusion-text fusion-text-2 fusion-text-no-margin\"><p>Fachlich gepr\u00fcft von <a href=\"https:\/\/schultz.de\/ratgeber\/author\/k-weiten\/\">Katharina Weiten<\/a><\/p>\n<\/div><\/div><\/div><\/div><\/div><\/div><div class=\"fusion-layout-column fusion_builder_column fusion-builder-column-1 fusion_builder_column_1_2 1_2 fusion-flex-column\" style=\"--awb-padding-top:20px;--awb-padding-right:20px;--awb-padding-bottom:20px;--awb-padding-left:20px;--awb-bg-color:var(--awb-color3);--awb-bg-color-hover:var(--awb-color3);--awb-bg-size:cover;--awb-border-color:var(--awb-color5);--awb-border-top:0px;--awb-border-style:solid;--awb-width-large:50%;--awb-margin-top-large:0px;--awb-spacing-right-large:3.84%;--awb-margin-bottom-large:20px;--awb-spacing-left-large:3.84%;--awb-width-medium:100%;--awb-order-medium:0;--awb-spacing-right-medium:1.92%;--awb-spacing-left-medium:1.92%;--awb-width-small:100%;--awb-order-small:0;--awb-spacing-right-small:1.92%;--awb-spacing-left-small:1.92%;\" data-scroll-devices=\"small-visibility,medium-visibility,large-visibility\"><div class=\"fusion-column-wrapper fusion-column-has-shadow fusion-flex-justify-content-flex-start fusion-content-layout-column\"><div class=\"fusion-text fusion-text-3 fusion-text-no-margin\" style=\"--awb-font-size:20px;--awb-text-transform:uppercase;--awb-text-color:var(--awb-color7);--awb-margin-bottom:10px;\"><p><strong>Inhaltsverzeichnis<\/strong><\/p>\n<\/div><div class=\"awb-toc-el awb-toc-el--1\" data-awb-toc-id=\"1\" data-awb-toc-options=\"{&quot;allowed_heading_tags&quot;:{&quot;h2&quot;:0},&quot;ignore_headings&quot;:&quot;.related-posts h2,#reply-title, ul h4&quot;,&quot;ignore_headings_words&quot;:&quot;Produktdesign|10 Euro Gutschein sichern&quot;,&quot;enable_cache&quot;:&quot;yes&quot;,&quot;highlight_current_heading&quot;:&quot;no&quot;,&quot;hide_hidden_titles&quot;:&quot;yes&quot;,&quot;limit_container&quot;:&quot;all&quot;,&quot;select_custom_headings&quot;:&quot;&quot;,&quot;icon&quot;:&quot;fa-flag fas&quot;,&quot;counter_type&quot;:&quot;decimal&quot;}\" style=\"--awb-item-color:var(--awb-color6);--awb-list-indent:1em;--awb-counter-type:counters(awb-toc, &quot;.&quot;, decimal) &quot;. &quot;;--awb-item-overflow:hidden;--awb-item-white-space:nowrap;--awb-item-text-overflow:ellipsis;\"><div class=\"awb-toc-el__content\"><ul class=\"awb-toc-el__list awb-toc-el__list--0\"><li class=\"awb-toc-el__list-item\"><a class=\"awb-toc-el__item-anchor\" href=\"#toc_Was_ist_Larm\">Was ist L\u00e4rm?<\/a><\/li><li class=\"awb-toc-el__list-item\"><a class=\"awb-toc-el__item-anchor\" href=\"#toc_Wie_entsteht_Larm_im_Buro\">Wie entsteht L\u00e4rm im B\u00fcro?<\/a><\/li><li class=\"awb-toc-el__list-item\"><a class=\"awb-toc-el__item-anchor\" href=\"#toc_Faktoren_die_Larm_begunstigen\">Faktoren, die L\u00e4rm beg\u00fcnstigen<\/a><\/li><li class=\"awb-toc-el__list-item\"><a class=\"awb-toc-el__item-anchor\" href=\"#toc_Wie_konnen_Arbeitnehmer_zur_Larmreduktion_beitragen\">Wie k\u00f6nnen Arbeitnehmer zur L\u00e4rmreduktion beitragen?<\/a><\/li><li class=\"awb-toc-el__list-item\"><a class=\"awb-toc-el__item-anchor\" href=\"#toc_Folgen_von_Larm_fur_den_Menschen\">Folgen von L\u00e4rm f\u00fcr den Menschen<\/a><\/li><li class=\"awb-toc-el__list-item\"><a class=\"awb-toc-el__item-anchor\" href=\"#toc_Larm_ist_individuell\">L\u00e4rm ist individuell<\/a><\/li><li class=\"awb-toc-el__list-item\"><a class=\"awb-toc-el__item-anchor\" href=\"#toc_Besonderheiten_beim_Larmschutz_im_Homeoffice\">Besonderheiten beim L\u00e4rmschutz im Homeoffice<\/a><\/li><li class=\"awb-toc-el__list-item\"><a class=\"awb-toc-el__item-anchor\" href=\"#toc_So_messen_und_bewerten_Sie_Larm\">So messen und bewerten Sie L\u00e4rm<\/a><\/li><li class=\"awb-toc-el__list-item\"><a class=\"awb-toc-el__item-anchor\" href=\"#toc_Hilfreiche_Tipps_zur_Larmreduktion_im_Buro\">Hilfreiche Tipps zur L\u00e4rmreduktion im B\u00fcro<\/a><\/li><li class=\"awb-toc-el__list-item\"><a class=\"awb-toc-el__item-anchor\" href=\"#toc_Empfehlenswerte_Mobel\">Empfehlenswerte M\u00f6bel<\/a><\/li><li class=\"awb-toc-el__list-item\"><a class=\"awb-toc-el__item-anchor\" href=\"#toc_Haufige_Fragen_zu_Larm_am_Arbeitsplatz\">H\u00e4ufige Fragen zu L\u00e4rm am Arbeitsplatz<\/a><\/li><li class=\"awb-toc-el__list-item\"><a class=\"awb-toc-el__item-anchor\" href=\"#toc_Fazit\">Fazit<\/a><\/li><li class=\"awb-toc-el__list-item\"><a class=\"awb-toc-el__item-anchor\" href=\"#toc_Quellen\">Quellen<\/a><\/li><\/ul><\/div><\/div><\/div><\/div>\n<div class=\"fusion-layout-column fusion_builder_column fusion-builder-column-2 fusion_builder_column_1_4 1_4 fusion-flex-column fusion-flex-align-self-stretch meta-box fusion-animated\" style=\"--awb-bg-blend:overlay;--awb-bg-size:cover;--awb-box-shadow:5px 0px 8px 0px hsla(var(--awb-color8-h),var(--awb-color8-s),calc( var(--awb-color8-l) - 9% ),calc( var(--awb-color8-a) - 95% ));;--awb-border-color:var(--awb-color5);--awb-border-top:2px;--awb-border-style:solid;--awb-width-large:25%;--awb-margin-top-large:25px;--awb-spacing-right-large:5.76%;--awb-margin-bottom-large:20px;--awb-spacing-left-large:7.68%;--awb-width-medium:50%;--awb-order-medium:0;--awb-spacing-right-medium:2.88%;--awb-spacing-left-medium:3.84%;--awb-width-small:100%;--awb-order-small:0;--awb-spacing-right-small:1.92%;--awb-spacing-left-small:1.92%;\" data-animationType=\"fadeInUp\" data-animationDuration=\"1.0\" data-animationOffset=\"top-into-view\"><div class=\"fusion-column-wrapper fusion-column-has-shadow fusion-flex-justify-content-flex-start fusion-content-layout-column\"><div class=\"fusion-text fusion-text-4 fusion-text-no-margin\" style=\"--awb-content-alignment:center;--awb-font-size:20px;--awb-text-transform:uppercase;--awb-text-color:var(--awb-color7);--awb-margin-top:20px;\"><p><strong>Autor<\/strong><\/p>\n<\/div><div class=\"fusion-text fusion-text-5\" style=\"--awb-content-alignment:center;--awb-margin-top:5px;\"><p>Nicolas Schultz<\/p>\n<\/div><\/div><\/div>\n<div class=\"fusion-layout-column fusion_builder_column fusion-builder-column-3 fusion_builder_column_1_4 1_4 fusion-flex-column fusion-flex-align-self-stretch meta-box fusion-animated\" style=\"--awb-bg-blend:overlay;--awb-bg-size:cover;--awb-box-shadow:5px 0px 8px 0px hsla(var(--awb-color8-h),var(--awb-color8-s),calc( var(--awb-color8-l) - 9% ),calc( var(--awb-color8-a) - 95% ));;--awb-border-color:var(--awb-color5);--awb-border-top:2px;--awb-border-style:solid;--awb-width-large:25%;--awb-margin-top-large:25px;--awb-spacing-right-large:5.76%;--awb-margin-bottom-large:20px;--awb-spacing-left-large:5.76%;--awb-width-medium:50%;--awb-order-medium:0;--awb-spacing-right-medium:2.88%;--awb-spacing-left-medium:2.88%;--awb-width-small:100%;--awb-order-small:0;--awb-margin-top-small:0;--awb-spacing-right-small:1.92%;--awb-spacing-left-small:1.92%;\" data-animationType=\"fadeInUp\" data-animationDuration=\"1.5\" data-animationOffset=\"top-into-view\"><div class=\"fusion-column-wrapper fusion-column-has-shadow fusion-flex-justify-content-flex-start fusion-content-layout-column\"><div class=\"fusion-text fusion-text-6 fusion-text-no-margin\" style=\"--awb-content-alignment:center;--awb-font-size:20px;--awb-text-transform:uppercase;--awb-text-color:var(--awb-color7);--awb-margin-top:20px;\"><p><strong>Kategorie<\/strong><\/p>\n<\/div><div class=\"fusion-text fusion-text-7\" style=\"--awb-content-alignment:center;--awb-margin-top:5px;\"><\/div><\/div><\/div>\n<div class=\"fusion-layout-column fusion_builder_column fusion-builder-column-4 fusion_builder_column_1_4 1_4 fusion-flex-column fusion-flex-align-self-stretch meta-box fusion-animated\" style=\"--awb-bg-blend:overlay;--awb-bg-size:cover;--awb-box-shadow:5px 0px 8px 0px hsla(var(--awb-color8-h),var(--awb-color8-s),calc( var(--awb-color8-l) - 9% ),calc( var(--awb-color8-a) - 95% ));;--awb-border-color:var(--awb-color5);--awb-border-top:2px;--awb-border-style:solid;--awb-width-large:25%;--awb-margin-top-large:25px;--awb-spacing-right-large:5.76%;--awb-margin-bottom-large:20px;--awb-spacing-left-large:5.76%;--awb-width-medium:50%;--awb-order-medium:0;--awb-spacing-right-medium:2.88%;--awb-spacing-left-medium:2.88%;--awb-width-small:100%;--awb-order-small:0;--awb-margin-top-small:0;--awb-spacing-right-small:1.92%;--awb-spacing-left-small:1.92%;\" data-animationType=\"fadeInUp\" data-animationDuration=\"2.0\" data-animationOffset=\"top-into-view\"><div class=\"fusion-column-wrapper fusion-column-has-shadow fusion-flex-justify-content-flex-start fusion-content-layout-column\"><div class=\"fusion-text fusion-text-8 fusion-text-no-margin\" style=\"--awb-content-alignment:center;--awb-font-size:20px;--awb-text-transform:uppercase;--awb-text-color:var(--awb-color7);--awb-margin-top:20px;\"><p><strong>Aktualisiert<\/strong><\/p>\n<\/div><div class=\"fusion-text fusion-text-9\" style=\"--awb-content-alignment:center;--awb-margin-top:5px;\"><p>7. Februar 2025<\/p>\n<\/div><\/div><\/div>\n<div class=\"fusion-layout-column fusion_builder_column fusion-builder-column-5 fusion_builder_column_1_4 1_4 fusion-flex-column fusion-flex-align-self-stretch meta-box fusion-animated\" style=\"--awb-padding-bottom:15px;--awb-bg-blend:overlay;--awb-bg-size:cover;--awb-box-shadow:5px 0px 8px 0px hsla(var(--awb-color8-h),var(--awb-color8-s),calc( var(--awb-color8-l) - 9% ),calc( var(--awb-color8-a) - 95% ));;--awb-border-color:var(--awb-color5);--awb-border-top:2px;--awb-border-style:solid;--awb-width-large:25%;--awb-margin-top-large:25px;--awb-spacing-right-large:7.68%;--awb-margin-bottom-large:20px;--awb-spacing-left-large:5.76%;--awb-width-medium:50%;--awb-order-medium:0;--awb-spacing-right-medium:3.84%;--awb-spacing-left-medium:2.88%;--awb-width-small:100%;--awb-order-small:0;--awb-margin-top-small:0;--awb-spacing-right-small:1.92%;--awb-spacing-left-small:1.92%;\" data-animationType=\"fadeInUp\" data-animationDuration=\"2.5\" data-animationOffset=\"top-into-view\"><div class=\"fusion-column-wrapper fusion-column-has-shadow fusion-flex-justify-content-flex-start fusion-content-layout-column\"><div class=\"fusion-text fusion-text-10 fusion-text-no-margin\" style=\"--awb-content-alignment:center;--awb-font-size:20px;--awb-text-transform:uppercase;--awb-text-color:var(--awb-color7);--awb-margin-top:20px;\"><p><strong>Teilen<br \/>\n<\/strong><\/p>\n<\/div><div class=\"fusion-sharing-box fusion-sharing-box-1 hh-social-sharing\" style=\"background-color:var(--awb-color1);border-color:#cccccc;--awb-margin-top:0px;--awb-margin-right:0px;--awb-margin-bottom:0px;--awb-margin-left:0px;--awb-separator-border-color:#cccccc;--awb-separator-border-sizes:0px;--awb-alignment:center;--awb-layout:row;--awb-alignment-small:space-between;--awb-stacked-align-small:center;\" data-title=\"L\u00e4rm im B\u00fcro: So senken Sie die Lautst\u00e4rke und sch\u00fctzen Ihre Gesundheit\" data-description=\"L\u00e4rm kann krank machen. Die Folgen f\u00fcr die Gesundheit sind vielf\u00e4ltig und auch die Konzentrationsf\u00e4higkeit und das Wohlbefinden leiden darunter. Daher sollten Sie auch den Aspekt der L\u00e4rmbelastung ber\u00fccksichtigen, wenn Sie die Ergonomie am Arbeitsplatz optimieren m\u00f6chten.\r\n\r\nDieser Artikel geht auf die wichtigsten Ursachen von L\u00e4rm ein und erkl\u00e4rt Ihnen, mit welchen Ma\u00dfnahmen Sie Ihren\" data-link=\"https:\/\/schultz.de\/ratgeber\/laerm-im-buero\/\"><div class=\"fusion-social-networks sharingbox-shortcode-icon-wrapper sharingbox-shortcode-icon-wrapper-1\"><span><a href=\"https:\/\/www.facebook.com\/sharer.php?u=https%3A%2F%2Fschultz.de%2Fratgeber%2Flaerm-im-buero%2F&amp;t=L%C3%A4rm%20im%20B%C3%BCro%3A%20So%20senken%20Sie%20die%20Lautst%C3%A4rke%20und%20sch%C3%BCtzen%20Ihre%20Gesundheit\" target=\"_blank\" rel=\"noreferrer\" title=\"Facebook\" aria-label=\"Facebook\" data-placement=\"bottom\" data-toggle=\"tooltip\" data-title=\"Facebook\"><i class=\"fusion-social-network-icon fusion-tooltip fusion-facebook awb-icon-facebook\" style=\"color:var(--awb-color6);\" aria-hidden=\"true\"><\/i><\/a><\/span><span><a href=\"https:\/\/x.com\/intent\/post?text=L%C3%A4rm%20im%20B%C3%BCro%3A%20So%20senken%20Sie%20die%20Lautst%C3%A4rke%20und%20sch%C3%BCtzen%20Ihre%20Gesundheit&amp;url=https%3A%2F%2Fschultz.de%2Fratgeber%2Flaerm-im-buero%2F\" target=\"_blank\" rel=\"noopener noreferrer\" title=\"X\" aria-label=\"X\" data-placement=\"bottom\" data-toggle=\"tooltip\" data-title=\"X\"><i class=\"fusion-social-network-icon fusion-tooltip fusion-twitter awb-icon-twitter\" style=\"color:var(--awb-color6);\" aria-hidden=\"true\"><\/i><\/a><\/span><span><a href=\"https:\/\/www.linkedin.com\/shareArticle?mini=true&amp;url=https%3A%2F%2Fschultz.de%2Fratgeber%2Flaerm-im-buero%2F&amp;title=L%C3%A4rm%20im%20B%C3%BCro%3A%20So%20senken%20Sie%20die%20Lautst%C3%A4rke%20und%20sch%C3%BCtzen%20Ihre%20Gesundheit&amp;summary=L%C3%A4rm%20kann%20krank%20machen.%20Die%20Folgen%20f%C3%BCr%20die%20Gesundheit%20sind%20vielf%C3%A4ltig%20und%20auch%20die%20Konzentrationsf%C3%A4higkeit%20und%20das%20Wohlbefinden%20leiden%20darunter.%20Daher%20sollten%20Sie%20auch%20den%20Aspekt%20der%20L%C3%A4rmbelastung%20ber%C3%BCcksichtigen%2C%20wenn%20Sie%20die%20Ergonomie%20am%20Arbeitsplatz%20optimieren%20m%C3%B6chten.%0D%0A%0D%0ADieser%20Artikel%20geht%20auf%20die%20wichtigsten%20Ursachen%20von%20L%C3%A4rm%20ein%20und%20erkl%C3%A4rt%20Ihnen%2C%20mit%20welchen%20Ma%C3%9Fnahmen%20Sie%20Ihren\" target=\"_blank\" rel=\"noopener noreferrer\" title=\"LinkedIn\" aria-label=\"LinkedIn\" data-placement=\"bottom\" data-toggle=\"tooltip\" data-title=\"LinkedIn\"><i class=\"fusion-social-network-icon fusion-tooltip fusion-linkedin awb-icon-linkedin\" style=\"color:var(--awb-color6);\" aria-hidden=\"true\"><\/i><\/a><\/span><span><a href=\"https:\/\/www.xing.com\/social_plugins\/share\/new?sc_p=xing-share&amp;h=1&amp;url=https%3A%2F%2Fschultz.de%2Fratgeber%2Flaerm-im-buero%2F\" target=\"_blank\" rel=\"noopener noreferrer\" title=\"Xing\" aria-label=\"Xing\" data-placement=\"bottom\" data-toggle=\"tooltip\" data-title=\"Xing\"><i class=\"fusion-social-network-icon fusion-tooltip fusion-xing awb-icon-xing\" style=\"color:var(--awb-color6);\" aria-hidden=\"true\"><\/i><\/a><\/span><\/div><\/div><\/div><\/div>\n<\/div><\/div><div class=\"fusion-fullwidth fullwidth-box fusion-builder-row-2 fusion-flex-container has-pattern-background has-mask-background nonhundred-percent-fullwidth non-hundred-percent-height-scrolling\" style=\"--awb-border-radius-top-left:0px;--awb-border-radius-top-right:0px;--awb-border-radius-bottom-right:0px;--awb-border-radius-bottom-left:0px;--awb-padding-top:40px;--awb-padding-bottom:40px;--awb-background-color:var(--awb-color1);--awb-flex-wrap:wrap;\" ><div class=\"fusion-builder-row fusion-row fusion-flex-align-items-flex-start fusion-flex-justify-content-center fusion-flex-content-wrap\" style=\"max-width:1248px;margin-left: calc(-4% \/ 2 );margin-right: calc(-4% \/ 2 );\"><div class=\"fusion-layout-column fusion_builder_column fusion-builder-column-6 fusion_builder_column_2_3 2_3 fusion-flex-column\" style=\"--awb-bg-blend:overlay;--awb-bg-size:cover;--awb-width-large:66.666666666667%;--awb-margin-top-large:0px;--awb-spacing-right-large:2.88%;--awb-margin-bottom-large:25px;--awb-spacing-left-large:2.88%;--awb-width-medium:100%;--awb-spacing-right-medium:1.92%;--awb-spacing-left-medium:1.92%;--awb-width-small:100%;--awb-spacing-right-small:1.92%;--awb-spacing-left-small:1.92%;\"><div class=\"fusion-column-wrapper fusion-column-has-shadow fusion-flex-justify-content-flex-start fusion-content-layout-column\"><div class=\"fusion-title title fusion-title-1 fusion-sep-none fusion-title-text fusion-title-size-two\"><h2 class=\"fusion-title-heading title-heading-left fusion-responsive-typography-calculated\" style=\"margin:0;--fontSize:53;line-height:1.1;\">Was ist L\u00e4rm?<\/h2><\/div><div class=\"fusion-text fusion-text-11\"><p><span class=\"fusion-dropcap dropcap\">L<\/span>\u00e4rm ist zun\u00e4chst einmal subjektiv. Was die eine als L\u00e4rm empfindet, st\u00f6rt den anderen nicht. Er ist also nicht nur von der Lautst\u00e4rke von Ger\u00e4uschen abh\u00e4ngig, sondern auch von der individuellen L\u00e4rmempfindlichkeit. Dennoch ist die Lautst\u00e4rke ein guter Indikator f\u00fcr L\u00e4rm und l\u00e4sst sich subjektiv in Dezibel messen.<\/p>\n<\/div><div class=\"fusion-title title fusion-title-2 fusion-sep-none fusion-title-text fusion-title-size-two\"><h2 class=\"fusion-title-heading title-heading-left fusion-responsive-typography-calculated\" style=\"margin:0;--fontSize:53;line-height:1.1;\">Wie entsteht L\u00e4rm im B\u00fcro?<\/h2><\/div><div class=\"fusion-text fusion-text-12\"><p>Viele denken bei L\u00e4rm zun\u00e4chst an Verkehrsl\u00e4rm oder eine hohe Lautst\u00e4rke bei Musikveranstaltungen. Aber auch im B\u00fcro kann L\u00e4rm eine ernstzunehmende Gefahr darstellen, denn dort k\u00f6nnen bis zu 70 dB an Lautst\u00e4rke erreicht werden. B\u00fcrol\u00e4rm ist typischerweise die Summe aus:<\/p>\n<\/div><ul style=\"--awb-iconcolor:var(--awb-color1);--awb-line-height:27.2px;--awb-icon-width:27.2px;--awb-icon-height:27.2px;--awb-icon-margin:11.2px;--awb-content-margin:38.4px;--awb-circlecolor:var(--awb-color4);--awb-circle-yes-font-size:14.08px;\" class=\"fusion-checklist fusion-checklist-1 fusion-checklist-default fusion-checklist-divider type-icons\"><li class=\"fusion-li-item\" style=\"\"><span class=\"icon-wrapper circle-yes\"><i class=\"fusion-li-icon fa-angle-right fas\" aria-hidden=\"true\"><\/i><\/span><div class=\"fusion-li-item-content\">\n<p>sprechenden Menschen, zum Beispiel am Telefon<\/p>\n<\/div><\/li><li class=\"fusion-li-item\" style=\"\"><span class=\"icon-wrapper circle-yes\"><i class=\"fusion-li-icon fa-angle-right fas\" aria-hidden=\"true\"><\/i><\/span><div class=\"fusion-li-item-content\">\n<p>klingelnden Telefonen<\/p>\n<\/div><\/li><li class=\"fusion-li-item\" style=\"\"><span class=\"icon-wrapper circle-yes\"><i class=\"fusion-li-icon fa-angle-right fas\" aria-hidden=\"true\"><\/i><\/span><div class=\"fusion-li-item-content\">\n<p>Ger\u00e4uschen von Druckern und Kopierern<\/p>\n<\/div><\/li><li class=\"fusion-li-item\" style=\"\"><span class=\"icon-wrapper circle-yes\"><i class=\"fusion-li-icon fa-angle-right fas\" aria-hidden=\"true\"><\/i><\/span><div class=\"fusion-li-item-content\">\n<p>Schritten<\/p>\n<\/div><\/li><li class=\"fusion-li-item\" style=\"\"><span class=\"icon-wrapper circle-yes\"><i class=\"fusion-li-icon fa-angle-right fas\" aria-hidden=\"true\"><\/i><\/span><div class=\"fusion-li-item-content\">\n<p>Tippen auf der Computertastatur<\/p>\n<\/div><\/li><\/ul><div class=\"fusion-text fusion-text-13\" style=\"--awb-margin-top:20px;\"><p>All diese Ger\u00e4usche, die zum Arbeitsalltag im B\u00fcro einfach dazugeh\u00f6ren, k\u00f6nnen in ihrer Gesamtheit zu L\u00e4rm f\u00fchren.<\/p>\n<\/div><div class=\"fusion-title title fusion-title-3 fusion-sep-none fusion-title-text fusion-title-size-two\"><h2 class=\"fusion-title-heading title-heading-left fusion-responsive-typography-calculated\" style=\"margin:0;--fontSize:53;line-height:1.1;\">Faktoren, die L\u00e4rm beg\u00fcnstigen<\/h2><\/div><div class=\"fusion-text fusion-text-14\"><p>Damit Sie verstehen, wie sich L\u00e4rm im B\u00fcro reduzieren l\u00e4sst, sollten Sie die Faktoren kennen, die ihn beg\u00fcnstigen.<\/p>\n<\/div><div class=\"fusion-title title fusion-title-4 fusion-sep-none fusion-title-text fusion-title-size-three\"><h3 class=\"fusion-title-heading title-heading-left fusion-responsive-typography-calculated\" style=\"margin:0;--fontSize:30;line-height:1.1;\">Raumbeschaffenheit<\/h3><\/div><div class=\"fusion-text fusion-text-15\"><p>Zu diesen Faktoren z\u00e4hlt unter anderem Beschaffenheit der B\u00fcror\u00e4ume. Sowohl ihre als auch die Akustik und Beleuchtung wirken sich auf den L\u00e4rm aus.<\/p>\n<\/div><div class=\"fusion-title title fusion-title-5 fusion-sep-none fusion-title-text fusion-title-size-three\"><h3 class=\"fusion-title-heading title-heading-left fusion-responsive-typography-calculated\" style=\"margin:0;--fontSize:30;line-height:1.1;\">M\u00f6blierung<\/h3><\/div><div class=\"fusion-text fusion-text-16\"><p>Ein weiterer Faktor ist die M\u00f6blierung. Die Art der Schreibtische, St\u00fchle und Schr\u00e4nke kann sich erheblich darauf auswirken, wie sich Schall ausbreitet. Es gibt Materialien, die schallabsorbierend wirken, und solche, die das nicht leisten k\u00f6nnen und so L\u00e4rm beg\u00fcnstigen. Vor allem in Gro\u00dfraumb\u00fcros setzen Arbeitgeber gerne auf spezielle Trennw\u00e4nde. Mit Textilien ausgestattet, k\u00f6nnen sie Schall absorbieren und damit die Lautst\u00e4rke im Raum reduzieren.<\/p>\n<\/div><div class=\"fusion-title title fusion-title-6 fusion-sep-none fusion-title-text fusion-title-size-three\"><h3 class=\"fusion-title-heading title-heading-left fusion-responsive-typography-calculated\" style=\"margin:0;--fontSize:30;line-height:1.1;\">Technische Ausstattung<\/h3><\/div><div class=\"fusion-text fusion-text-17\"><p>Ebenso relevant ist die technische Ausstattung von Arbeitsst\u00e4tten. Computer, Telefone, Drucker und sogar die L\u00fcftung k\u00f6nnen L\u00e4rm erzeugen. Es gibt aber auch Ger\u00e4te, die extra leise sind. Unternehmen sollten im B\u00fcro daher f\u00fcr eine technische Ausstattung sorgen, die eine geringe L\u00e4rmbelastung darstellt. Alternativ k\u00f6nnen Sie laute Ger\u00e4te auch in extra daf\u00fcr vorgesehenen Nebenr\u00e4umen platzieren.<\/p>\n<\/div><\/div><\/div><div class=\"fusion-layout-column fusion_builder_column fusion-builder-column-7 fusion_builder_column_2_3 2_3 fusion-flex-column\" style=\"--awb-bg-blend:overlay;--awb-bg-size:cover;--awb-width-large:66.666666666667%;--awb-margin-top-large:0px;--awb-spacing-right-large:2.88%;--awb-margin-bottom-large:20px;--awb-spacing-left-large:2.88%;--awb-width-medium:100%;--awb-order-medium:0;--awb-spacing-right-medium:1.92%;--awb-spacing-left-medium:1.92%;--awb-width-small:100%;--awb-order-small:0;--awb-spacing-right-small:1.92%;--awb-spacing-left-small:1.92%;\"><div class=\"fusion-column-wrapper fusion-column-has-shadow fusion-flex-justify-content-flex-start fusion-content-layout-column\"><div class=\"fusion-title title fusion-title-7 fusion-sep-none fusion-title-text fusion-title-size-two\"><h2 class=\"fusion-title-heading title-heading-left fusion-responsive-typography-calculated\" style=\"margin:0;--fontSize:53;line-height:1.1;\">Wie k\u00f6nnen Arbeitnehmer zur L\u00e4rmreduktion beitragen?<\/h2><\/div><div class=\"fusion-text fusion-text-18\"><p>Auch die Mitarbeiter haben einen Einfluss auf die L\u00e4rmbelastung im B\u00fcro. Sie k\u00f6nnen diese mit einem r\u00fccksichtsvollen Verhalten erheblich reduzieren, z. B. indem sie sich bem\u00fchen, nicht \u00fcberm\u00e4\u00dfig laut zu sprechen, und l\u00e4ngere Gespr\u00e4che m\u00f6glichst in einiger Entfernung zu den Kollegen f\u00fchren. Arbeitnehmer k\u00f6nnen dies unterst\u00fctzen, indem sie daf\u00fcr separate R\u00e4ume zur Verf\u00fcgung stellen aus.<\/p>\n<p>Des Weiteren wirkt sich auch die Arbeitsorganisation auf die L\u00e4rmbildung aus. Pausen, Arbeitszeiten und Besprechungen sollten vom Arbeitgeber gut geregelt werden. Arbeitnehmer sollten ihre Pausen nicht im B\u00fcro verbringen m\u00fcssen. Wie f\u00fcr Besprechungen sollte auch f\u00fcr Pausen ein separater Raum zur Verf\u00fcgung stehen.<\/p>\n<p>Eine gute M\u00f6glichkeit, den durch Mitarbeiter erzeugten L\u00e4rm zu reduzieren, ist die Option, im Home-Office zu arbeiten. K\u00f6nnen Arbeitnehmer ihrer T\u00e4tigkeit auch von zu Hause aus nachgehen, halten sich im B\u00fcro weniger Personen auf. Dadurch senken Sie die Lautst\u00e4rke ebenfalls.<\/p>\n<p>Doch warum ist L\u00e4rm im B\u00fcro \u00fcberhaupt ein Problem?<\/p>\n<\/div><div class=\"fusion-title title fusion-title-8 fusion-sep-none fusion-title-text fusion-title-size-two\"><h2 class=\"fusion-title-heading title-heading-left fusion-responsive-typography-calculated\" style=\"margin:0;--fontSize:53;line-height:1.1;\">Folgen von L\u00e4rm f\u00fcr den Menschen<\/h2><\/div><div class=\"fusion-text fusion-text-19\"><p>Viele denken bei den Folgen von L\u00e4rm wohl zun\u00e4chst an m\u00f6gliche Geh\u00f6rsch\u00e4den. Diese stellen tats\u00e4chlich eine reale Gefahr dar. Allerdings gibt es noch viele weitere <a href=\"https:\/\/www.planet-wissen.de\/gesellschaft\/wohnen\/wohnen_und_gesundheit\/pwielaermmachtkrank100.html\" target=\"_blank\" rel=\"noopener noreferrer\">Beschwerden, die aus einer L\u00e4rmbelastung resultieren k\u00f6nnen.<\/a><\/p>\n<\/div><div class=\"fusion-title title fusion-title-9 fusion-sep-none fusion-title-text fusion-title-size-three\"><h3 class=\"fusion-title-heading title-heading-left fusion-responsive-typography-calculated\" style=\"margin:0;--fontSize:30;line-height:1.1;\">Physiologische Folgen<\/h3><\/div><div class=\"fusion-text fusion-text-20\"><p>Hohe Schallspitzen \u2013 auch wenn sie nur kurz sind \u2013 k\u00f6nnen das Geh\u00f6r genauso stark sch\u00e4digen wie Dauerschall. Das H\u00f6rverm\u00f6gen kann bis hin zur Schwerh\u00f6rigkeit beeintr\u00e4chtigt werden. Und auch Tinnitus \u2013 also dauerhafte Ohrger\u00e4usche \u2013 ist eine m\u00f6gliche Folge.<\/p>\n<p>H\u00e4ufig l\u00f6st L\u00e4rm Stress aus, der wiederum den K\u00f6rper beeintr\u00e4chtigt. Das autonome und hormonelle Nervensystem wird aktiviert, die Herzfrequenz und der Blutdruck steigen. Zudem sch\u00fctte der K\u00f6rper vermehrt Stresshormone aus, was die Stoffwechselvorg\u00e4nge des K\u00f6rpers negativ beeinflusst. Auch Kopfschmerzen und Schlafst\u00f6rungen stehen h\u00e4ufig auf dem Programm.<\/p>\n<\/div><div class=\"fusion-title title fusion-title-10 fusion-sep-none fusion-title-text fusion-title-size-three\"><h3 class=\"fusion-title-heading title-heading-left fusion-responsive-typography-calculated\" style=\"margin:0;--fontSize:30;line-height:1.1;\">Psychische Folgen<\/h3><\/div><div class=\"fusion-text fusion-text-21\"><p>Nicht nur der K\u00f6rper, auch die Seele leidet unter L\u00e4rm. Das kann sich u. a. \u00e4u\u00dfern durch:<\/p>\n<\/div><ul style=\"--awb-iconcolor:var(--awb-color1);--awb-line-height:27.2px;--awb-icon-width:27.2px;--awb-icon-height:27.2px;--awb-icon-margin:11.2px;--awb-content-margin:38.4px;--awb-circlecolor:var(--awb-color4);--awb-circle-yes-font-size:14.08px;\" class=\"fusion-checklist fusion-checklist-2 fusion-checklist-default fusion-checklist-divider type-icons\"><li class=\"fusion-li-item\" style=\"\"><span class=\"icon-wrapper circle-yes\"><i class=\"fusion-li-icon fa-angle-right fas\" aria-hidden=\"true\"><\/i><\/span><div class=\"fusion-li-item-content\">\n<p>verminderte Konzentration<\/p>\n<\/div><\/li><li class=\"fusion-li-item\" style=\"\"><span class=\"icon-wrapper circle-yes\"><i class=\"fusion-li-icon fa-angle-right fas\" aria-hidden=\"true\"><\/i><\/span><div class=\"fusion-li-item-content\">\n<p>Leistungsabfall<\/p>\n<\/div><\/li><li class=\"fusion-li-item\" style=\"\"><span class=\"icon-wrapper circle-yes\"><i class=\"fusion-li-icon fa-angle-right fas\" aria-hidden=\"true\"><\/i><\/span><div class=\"fusion-li-item-content\">\n<p>Reizbarkeit<\/p>\n<\/div><\/li><li class=\"fusion-li-item\" style=\"\"><span class=\"icon-wrapper circle-yes\"><i class=\"fusion-li-icon fa-angle-right fas\" aria-hidden=\"true\"><\/i><\/span><div class=\"fusion-li-item-content\">\n<p>Depressionen und andere psychische Beschwerden.<\/p>\n<\/div><\/li><\/ul><div class=\"fusion-title title fusion-title-11 fusion-sep-none fusion-title-text fusion-title-size-three\"><h3 class=\"fusion-title-heading title-heading-left fusion-responsive-typography-calculated\" style=\"margin:0;--fontSize:30;line-height:1.1;\">Soziale Folgen<\/h3><\/div><div class=\"fusion-text fusion-text-22\"><p>Indem L\u00e4rm sowohl das Wohlbefinden und die Lebensqualit\u00e4t der Arbeitnehmer als auch deren Leistungsf\u00e4higkeit beim Verrichten vor allem geistiger T\u00e4tigkeiten beeintr\u00e4chtigt, kann er sich auch massiv auf die sozialen Strukturen innerhalb eines Unternehmens auswirken. Er kann vermehrt zu Konflikten und Spannungen zwischen den Mitarbeitern oder sogar zu Mobbing und Isolation f\u00fchren. Eine weitere <a href=\"https:\/\/www.umweltbundesamt.de\/themen\/laerm\/laermwirkungen#:~:text=L%C3%A4rm%20beeintr%C3%A4chtigt%20auch%20die%20Gesundheit,in%20Stoffwechselvorg%C3%A4nge%20des%20K%C3%B6rpers%20eingreifen.\" target=\"_blank\" rel=\"noopener noreferrer\">Konsequenz von andauerndem L\u00e4rm im B\u00fcro<\/a> ist eine hohe Mitarbeiter-Fluktuation.<\/p>\n<\/div><div class=\"fusion-title title fusion-title-12 fusion-sep-none fusion-title-text fusion-title-size-two\"><h2 class=\"fusion-title-heading title-heading-left fusion-responsive-typography-calculated\" style=\"margin:0;--fontSize:53;line-height:1.1;\">L\u00e4rm ist individuell<\/h2><\/div><div class=\"fusion-text fusion-text-23\"><p>Lautst\u00e4rken lassen sich messen. Der L\u00e4rm hingegen wird sehr individuell empfunden. So k\u00f6nnen einige Menschen selbst bei einer hohen L\u00e4rmbelastung noch effektiv und konzentriert arbeiten. Andere hingegen f\u00fchlen sich bereits von einer geringeren Ger\u00e4uschkulisse gest\u00f6rt.<\/p>\n<p>Das <a href=\"https:\/\/www.zeitblueten.com\/news\/laerm-reduzieren-im-buero\/#:~:text=L%C3%A4rmverursacher%20im%20B%C3%BCro,allem%20typisch%20f%C3%BCr%20ein%20Gro%C3%9Fraumb%C3%BCro.\" target=\"_blank\" rel=\"noopener noreferrer\">L\u00e4rmempfinden<\/a> ist also individuell und h\u00e4ngt von der Sensibilit\u00e4t der Person ab. Aber auch die gerade ausge\u00fcbte T\u00e4tigkeit spielt eine Rolle. Viele Menschen k\u00f6nnen Routinet\u00e4tigkeiten noch aus\u00fcben, w\u00e4hrend L\u00e4rm herrscht. Bei anspruchsvollen Aufgaben hingegen f\u00fchlen sie sich m\u00f6glicherweise schon von geringeren Ger\u00e4uschen gest\u00f6rt.<\/p>\n<p>Doch wie k\u00f6nnen Sie mit den individuellen Unterschieden der L\u00e4rmempfindlichkeit umgehen? Wenn dasselbe Ger\u00e4usch von zwei unterschiedlichen Personen ganz unterschiedlich wahrgenommen wird, sind Sensibilit\u00e4t und R\u00fccksicht gefragt.<\/p>\n<p>Aus diesem Grund ist es besser, umfassende Vorkehrungen zur Pr\u00e4vention von L\u00e4rm zu treffen, als zu wenig zu tun. Die Ma\u00dfnahmen sollten sich idealerweise an dem Arbeitnehmer orientieren, der am l\u00e4rmempfindlichsten ist.<\/p>\n<\/div><div class=\"fusion-title title fusion-title-13 fusion-sep-none fusion-title-text fusion-title-size-two\"><h2 class=\"fusion-title-heading title-heading-left fusion-responsive-typography-calculated\" style=\"margin:0;--fontSize:53;line-height:1.1;\">Besonderheiten beim L\u00e4rmschutz im Homeoffice<\/h2><\/div><div class=\"fusion-text fusion-text-24\"><p>In der heutigen Zeit arbeiten mehr und mehr Menschen hin und wieder oder auch dauerhaft von zu Hause aus im sogenannten Homeoffice. Allerdings ist es hier besonders schwierig, f\u00fcr L\u00e4rmschutz zu sorgen.<\/p>\n<p>Das liegt daran, dass der Arbeitsplatz h\u00e4ufig mitten in der privaten Wohnung liegt. Nicht selten wird vom K\u00fcchentisch aus gearbeitet. St\u00f6rende Ger\u00e4usche sind hier vorprogrammiert. So kann die Kaffeemaschine f\u00fcr L\u00e4rm sorgen und vielleicht wohnen noch weitere Personen in dem Haushalt, die f\u00fcr eine h\u00f6here Lautst\u00e4rke w\u00e4hrend der Arbeitszeit sorgen.<\/p>\n<p>Des Weiteren lassen sich im Homeoffice nicht so einfach laute Ger\u00e4te in einem separaten Raum aufstellen. Und selbst wenn ein Arbeitszimmer zur Verf\u00fcgung steht, ist es oft nicht so leicht, L\u00e4rmquellen zu eliminieren.<\/p>\n<p>Dennoch ist es auch im Homeoffice wichtig, einen ruhigen Arbeitsplatz zu schaffen, an dem Sie m\u00f6glichst wenig gest\u00f6rt werden. Das muss nicht immer ein separater Raum sein. Auch eine ruhige Ecke in einem Wohnraum kann die L\u00f6sung sein.<\/p>\n<\/div><div class=\"fusion-title title fusion-title-14 fusion-sep-none fusion-title-text fusion-title-size-two\"><h2 class=\"fusion-title-heading title-heading-left fusion-responsive-typography-calculated\" style=\"margin:0;--fontSize:53;line-height:1.1;\">So messen und bewerten Sie L\u00e4rm<\/h2><\/div><div class=\"fusion-text fusion-text-25\"><p>Auch wenn L\u00e4rm individuell ist, macht es Sinn, ihn zu messen. So k\u00f6nnen Sie zuverl\u00e4ssig und fr\u00fchzeitig herausfinden, ob eine starke L\u00e4rmbelastung vorliegt. Au\u00dferdem k\u00f6nnen Sie anschlie\u00dfend handeln, falls eine Gef\u00e4hrdung im Sinne des Arbeitsschutzes vorliegt.<\/p>\n<\/div><div class=\"fusion-title title fusion-title-15 fusion-sep-none fusion-title-text fusion-title-size-three\"><h3 class=\"fusion-title-heading title-heading-left fusion-responsive-typography-calculated\" style=\"margin:0;--fontSize:30;line-height:1.1;\">Schallpegelmesser oder Smartphone-App<\/h3><\/div><div class=\"fusion-text fusion-text-26\"><p>Messungen des L\u00e4rms in B\u00fcror\u00e4umen sollten Sie nicht nur stichprobenartig durchf\u00fchren. Auch eine Messung \u00fcber einen l\u00e4ngeren Zeitraum ist angeraten. Dabei nehmen Sie Messungen an verschiedenen festen Orten vor.<\/p>\n<p>Ein Schallpegelmesser misst und erfasst laute Ger\u00e4usche und macht es so m\u00f6glich, L\u00e4rmbel\u00e4stigungs-Situationen am Arbeitsplatz oder in anderen Bereichen zu erkennen. Die Messungen k\u00f6nnen Sie direkt auswerten und vergleichen. Alternativ eignet sich auch eine Smartphone-App. Hier sollten Sie jedoch auf eine besonders hochwertige App setzen.<\/p>\n<\/div><div class=\"fusion-title title fusion-title-16 fusion-sep-none fusion-title-text fusion-title-size-three\"><h3 class=\"fusion-title-heading title-heading-left fusion-responsive-typography-calculated\" style=\"margin:0;--fontSize:30;line-height:1.1;\">L\u00e4rmdosimeter f\u00fcr l\u00e4ngere Zeitr\u00e4ume<\/h3><\/div><div class=\"fusion-text fusion-text-27\"><p>Auch eine Messung direkt am Mitarbeiter kann hilfreich sein. Manche Ger\u00e4te k\u00f6nnen Sie direkt am K\u00f6rper tragen. Das Mikrofon befindet sich dabei in der N\u00e4he der Ohren, um ein m\u00f6glichst aussagekr\u00e4ftiges Ergebnis zu erhalten.<\/p>\n<p>Am besten eignet sich daf\u00fcr ein L\u00e4rmdosimeter. Diese Ger\u00e4te wurden speziell zu dem Zweck entwickelt, die <a href=\"https:\/\/www.arbeitsplatz-laerm.de\/fachinfos\/ermittlung-der-l%C3%A4rmexposition\/\" target=\"_blank\" rel=\"noopener noreferrer\">L\u00e4rmbelastung von Mitarbeitern<\/a> zu \u00fcberwachen.<\/p>\n<\/div><div class=\"fusion-title title fusion-title-17 fusion-sep-none fusion-title-text fusion-title-size-three\"><h3 class=\"fusion-title-heading title-heading-left fusion-responsive-typography-calculated\" style=\"margin:0;--fontSize:30;line-height:1.1;\">Gesetzlichen Grenzwerte und Richtlinien<\/h3><\/div><div class=\"fusion-text fusion-text-28\"><p>In Arbeitsst\u00e4tten sollte der Schalldruckpegel m\u00f6glichst gering sein. F\u00fcr B\u00fcror\u00e4ume ist diesbez\u00fcglich die <a href=\"https:\/\/www.baua.de\/DE\/Angebote\/Regelwerk\/ASR\/ASR-A3-7.html\" target=\"_blank\" rel=\"noopener noreferrer\">Regel f\u00fcr Arbeitsst\u00e4tten ASR 3.7<\/a> der Bundesanstalt f\u00fcr Arbeitsschutz und Arbeitsmedizin ausschlaggebend. Sie gilt f\u00fcr alle Arbeitspl\u00e4tze mit einer L\u00e4rmeinwirkung von weniger als 80 dB. Die Maximalpegel werden in <a href=\"https:\/\/www.umweltmesstechnik-bayreuth.de\/schall\/laerm-am-arbeitsplatz.php\" target=\"_blank\" rel=\"noopener noreferrer\">drei Kategorien<\/a> unterteilt:<\/p>\n<\/div><ul style=\"--awb-iconcolor:var(--awb-color1);--awb-line-height:27.2px;--awb-icon-width:27.2px;--awb-icon-height:27.2px;--awb-icon-margin:11.2px;--awb-content-margin:38.4px;--awb-circlecolor:var(--awb-color4);--awb-circle-yes-font-size:14.08px;\" class=\"fusion-checklist fusion-checklist-3 fusion-checklist-default fusion-checklist-divider type-icons\"><li class=\"fusion-li-item\" style=\"\"><span class=\"icon-wrapper circle-yes\"><i class=\"fusion-li-icon fa-angle-right fas\" aria-hidden=\"true\"><\/i><\/span><div class=\"fusion-li-item-content\">\n<p>T\u00e4tigkeitskategorie I: 55 dB<\/p>\n<\/div><\/li><li class=\"fusion-li-item\" style=\"\"><span class=\"icon-wrapper circle-yes\"><i class=\"fusion-li-icon fa-angle-right fas\" aria-hidden=\"true\"><\/i><\/span><div class=\"fusion-li-item-content\">\n<p>T\u00e4tigkeitskategorie II: 70 dB<\/p>\n<\/div><\/li><li class=\"fusion-li-item\" style=\"\"><span class=\"icon-wrapper circle-yes\"><i class=\"fusion-li-icon fa-angle-right fas\" aria-hidden=\"true\"><\/i><\/span><div class=\"fusion-li-item-content\">\n<p>T\u00e4tigkeitskategorie III: keine Vorgabe, aber Empfehlung zur Reduktion<\/p>\n<\/div><\/li><\/ul><div class=\"fusion-text fusion-text-29\" style=\"--awb-margin-top:20px;\"><p>In die T\u00e4tigkeitskategorie I fallen T\u00e4tigkeiten, f\u00fcr die eine hohe Konzentration oder eine hohe Sprachverst\u00e4ndlichkeit erforderlich sind. Dazu z\u00e4hlen sch\u00f6pferisches Denken, exaktes sprachliches Formulieren, Verst\u00e4ndnis von komplexen Texten oder kreative Entfaltung. Die meisten B\u00fcrot\u00e4tigkeiten fallen in diese Kategorie.<\/p>\n<p>Die zweite Kategorie stellen Arbeiten mit einer mittleren oder nicht andauernd hohen Konzentration dar. Dazu z\u00e4hlen Routinearbeiten oder das Treffen von Entscheidungen geringerer Tragweite.<\/p>\n<p>F\u00fcr T\u00e4tigkeiten der Kategorie III ist nur eine geringe Konzentration n\u00f6tig. Die auszuf\u00fchrenden Arbeiten weisen hohe Routineanteile auf. Zudem sind die Anforderungen an die Sprachverst\u00e4ndlichkeit weitgehend gering.<\/p>\n<\/div><div class=\"fusion-title title fusion-title-18 fusion-sep-none fusion-title-text fusion-title-size-three\"><h3 class=\"fusion-title-heading title-heading-left fusion-responsive-typography-calculated\" style=\"margin:0;--fontSize:30;line-height:1.1;\">Gef\u00e4hrdungsbeurteilung und Betriebsvereinbarung als L\u00e4rmschutzma\u00dfnahmen<\/h3><\/div><div class=\"fusion-text fusion-text-30\"><p>Gem\u00e4\u00df <a href=\"https:\/\/www.bghm.de\/arbeitsschuetzer\/fach-themen\/laerm-und-vibrationen\/laerm\" target=\"_blank\" rel=\"noopener noreferrer\">Arbeitsschutzgesetz <\/a>(ArbSchG) und <a href=\"https:\/\/www.gesetze-im-internet.de\/l_rmvibrationsarbschv\/\" target=\"_blank\" rel=\"noopener noreferrer\">L\u00e4rm- und Vibrations-Arbeitsschutzverordnung<\/a> (L\u00e4rmVibrationsArbSchV) sind Arbeitgeber verpflichtet, eine Gef\u00e4hrdungsbeurteilung durchzuf\u00fchren. Sie m\u00fcssen die am Arbeitsplatz auftretenden L\u00e4rmexpositionen fachkundig ermitteln und bewerten.<\/p>\n<p>Auch eine Betriebsvereinbarung zum Thema <a href=\"https:\/\/www.weka.de\/betriebsrat-personalrat\/laerm-das-kann-der-betriebsrat-tun\/\" target=\"_blank\" rel=\"noopener noreferrer\">L\u00e4rmschutz<\/a> ist sinnvoll. Es ist inzwischen gang und g\u00e4be, mit dem Betriebsrat L\u00e4rmpausen f\u00fcr die Arbeitnehmer zu vereinbaren. Auf diese Weise k\u00f6nnen sich diese eigenverantwortlich von L\u00e4rm distanzieren.<\/p>\n<\/div><\/div><\/div><\/div><\/div><div class=\"fusion-fullwidth fullwidth-box fusion-builder-row-3 fusion-flex-container has-pattern-background has-mask-background fusion-parallax-none promotion-cta-section nonhundred-percent-fullwidth non-hundred-percent-height-scrolling\" style=\"--awb-background-position:left center;--awb-border-radius-top-left:0px;--awb-border-radius-top-right:0px;--awb-border-radius-bottom-right:0px;--awb-border-radius-bottom-left:0px;--awb-padding-top:70px;--awb-padding-bottom:70px;--awb-padding-top-small:40px;--awb-padding-bottom-small:40px;--awb-margin-top-small:-20px;--awb-background-image:linear-gradient(90deg, var(--awb-color1) 0%,rgba(255,255,255,0) 50%),url(https:\/\/schultz.de\/ratgeber\/wp-content\/uploads\/2023\/12\/CTA-Banner5.jpg);;--awb-background-size:cover;--awb-flex-wrap:wrap;\" data-preload-img=\"https:\/\/schultz.de\/ratgeber\/wp-content\/uploads\/2023\/12\/CTA-Banner5.jpg\" ><div class=\"fusion-builder-row fusion-row fusion-flex-align-items-flex-start fusion-flex-content-wrap\" style=\"max-width:1248px;margin-left: calc(-4% \/ 2 );margin-right: calc(-4% \/ 2 );\"><div class=\"fusion-layout-column fusion_builder_column fusion-builder-column-8 fusion_builder_column_1_2 1_2 fusion-flex-column fusion-flex-align-self-stretch fusion-no-small-visibility fusion-animated\" style=\"--awb-padding-left:35px;--awb-bg-size:cover;--awb-width-large:50%;--awb-margin-top-large:0px;--awb-spacing-right-large:3.84%;--awb-margin-bottom-large:20px;--awb-spacing-left-large:3.84%;--awb-width-medium:75%;--awb-order-medium:0;--awb-spacing-right-medium:2.56%;--awb-spacing-left-medium:2.56%;--awb-width-small:100%;--awb-order-small:0;--awb-spacing-right-small:1.92%;--awb-spacing-left-small:1.92%;\" data-animationType=\"fadeInLeft\" data-animationDuration=\"1.5\" data-animationOffset=\"top-into-view\"><div class=\"fusion-column-wrapper fusion-column-has-shadow fusion-flex-justify-content-center fusion-content-layout-column fusion-content-nowrap\"><div class=\"fusion-title title fusion-title-19 fusion-sep-none fusion-title-highlight fusion-animate-once fusion-highlight-underline fusion-title-size-div\" style=\"--awb-text-color:var(--awb-color7);--awb-highlight-top-margin:-5px;--awb-highlight-width:2;--awb-font-size:var(--awb-typography1-font-size);\" data-highlight=\"underline\"><div class=\"fusion-title-heading title-heading-left title-heading-tag fusion-responsive-typography-calculated\" style=\"font-family:var(--awb-typography1-font-family);font-weight:var(--awb-typography1-font-weight);font-style:var(--awb-typography1-font-style);margin:0;letter-spacing:var(--awb-typography1-letter-spacing);text-transform:var(--awb-typography1-text-transform);font-size:1em;--fontSize:53;line-height:1.1;\"><span class=\"fusion-highlighted-text-prefix\"><\/span> <span class=\"fusion-highlighted-text-wrapper\"><span class=\"fusion-highlighted-text\" style=\"color:var(--awb-color5);\">B\u00fcrom\u00f6bel <\/span><svg xmlns=\"http:\/\/www.w3.org\/2000\/svg\" viewBox=\"0 0 500 150\" preserveAspectRatio=\"none\"><path d=\"M8.1,146.2c0,0,240.6-55.6,479-13.8\"><\/path><\/svg><\/span> <span class=\"fusion-highlighted-text-postfix\">versandkostenfrei ab 999 \u20ac! <\/span><\/div><\/div><div class=\"fusion-text fusion-text-31\"><p>Kostenlose Lieferung ab 999 \u20ac mit Sendungsverfolgung und Avisierung.<\/p>\n<\/div><div ><a class=\"fusion-button button-flat fusion-button-default-size button-default fusion-button-default button-1 fusion-button-default-span fusion-button-default-type\" target=\"_blank\" rel=\"noopener noreferrer\" href=\"https:\/\/schultz.de\/made-by-schultz\"><i class=\"fa-external-link-alt fas awb-button__icon awb-button__icon--default button-icon-left\" aria-hidden=\"true\"><\/i><span class=\"fusion-button-text awb-button__text awb-button__text--default\">Zum Online Shop<\/span><\/a><\/div><\/div><\/div><div class=\"fusion-layout-column fusion_builder_column fusion-builder-column-9 fusion_builder_column_1_2 1_2 fusion-flex-column fusion-flex-align-self-stretch fusion-no-medium-visibility fusion-no-large-visibility fusion-animated\" style=\"--awb-bg-size:cover;--awb-width-large:50%;--awb-margin-top-large:0px;--awb-spacing-right-large:3.84%;--awb-margin-bottom-large:20px;--awb-spacing-left-large:3.84%;--awb-width-medium:75%;--awb-order-medium:0;--awb-spacing-right-medium:2.56%;--awb-spacing-left-medium:2.56%;--awb-width-small:100%;--awb-order-small:0;--awb-spacing-right-small:1.92%;--awb-spacing-left-small:1.92%;\" data-animationType=\"fadeInLeft\" data-animationDuration=\"1.5\" data-animationOffset=\"top-into-view\"><div class=\"fusion-column-wrapper fusion-column-has-shadow fusion-flex-justify-content-center fusion-content-layout-column fusion-content-nowrap\"><div class=\"fusion-title title fusion-title-20 fusion-sep-none fusion-title-highlight fusion-animate-once fusion-highlight-underline fusion-title-size-div\" style=\"--awb-text-color:var(--awb-color7);--awb-highlight-top-margin:-5px;--awb-highlight-width:2;--awb-font-size:28px;\" data-highlight=\"underline\"><div class=\"fusion-title-heading title-heading-left title-heading-tag fusion-responsive-typography-calculated\" style=\"font-family:var(--awb-typography1-font-family);font-weight:var(--awb-typography1-font-weight);font-style:var(--awb-typography1-font-style);margin:0;letter-spacing:var(--awb-typography1-letter-spacing);text-transform:var(--awb-typography1-text-transform);font-size:1em;--fontSize:28;line-height:1.1;\"><span class=\"fusion-highlighted-text-prefix\"><\/span> <span class=\"fusion-highlighted-text-wrapper\"><span class=\"fusion-highlighted-text\" style=\"color:var(--awb-color5);\">B\u00fcrom\u00f6bel<\/span><svg xmlns=\"http:\/\/www.w3.org\/2000\/svg\" viewBox=\"0 0 500 150\" preserveAspectRatio=\"none\"><path d=\"M8.1,146.2c0,0,240.6-55.6,479-13.8\"><\/path><\/svg><\/span> <span class=\"fusion-highlighted-text-postfix\">versandkostenfrei ab 999 \u20ac! <\/span><\/div><\/div><div class=\"fusion-text fusion-text-32\"><p>Kostenlose Lieferung ab 999 \u20ac mit Sendungsverfolgung und Avisierung.<\/p>\n<\/div><div ><a class=\"fusion-button button-flat fusion-button-default-size button-default fusion-button-default button-2 fusion-button-default-span fusion-button-default-type\" target=\"_blank\" rel=\"noopener noreferrer\" href=\"https:\/\/schultz.de\/made-by-schultz\"><i class=\"fa-external-link-alt fas awb-button__icon awb-button__icon--default button-icon-left\" aria-hidden=\"true\"><\/i><span class=\"fusion-button-text awb-button__text awb-button__text--default\">Zum Online Shop<\/span><\/a><\/div><\/div><\/div><\/div><\/div>\n<div class=\"fusion-fullwidth fullwidth-box fusion-builder-row-4 fusion-flex-container has-pattern-background has-mask-background nonhundred-percent-fullwidth non-hundred-percent-height-scrolling\" style=\"--awb-border-radius-top-left:0px;--awb-border-radius-top-right:0px;--awb-border-radius-bottom-right:0px;--awb-border-radius-bottom-left:0px;--awb-padding-top:50px;--awb-background-color:var(--awb-color1);--awb-flex-wrap:wrap;\" ><div class=\"fusion-builder-row fusion-row fusion-flex-align-items-flex-start fusion-flex-justify-content-center fusion-flex-content-wrap\" style=\"max-width:1248px;margin-left: calc(-4% \/ 2 );margin-right: calc(-4% \/ 2 );\"><div class=\"fusion-layout-column fusion_builder_column fusion-builder-column-10 fusion_builder_column_1_6 1_6 fusion-flex-column\" style=\"--awb-bg-size:cover;--awb-width-large:16.666666666667%;--awb-margin-top-large:0px;--awb-spacing-right-large:11.52%;--awb-margin-bottom-large:20px;--awb-spacing-left-large:11.52%;--awb-width-medium:100%;--awb-order-medium:0;--awb-spacing-right-medium:1.92%;--awb-spacing-left-medium:1.92%;--awb-width-small:100%;--awb-order-small:0;--awb-spacing-right-small:1.92%;--awb-spacing-left-small:1.92%;\"><div class=\"fusion-column-wrapper fusion-column-has-shadow fusion-flex-justify-content-flex-start fusion-content-layout-column\"><\/div><\/div><div class=\"fusion-layout-column fusion_builder_column fusion-builder-column-11 fusion_builder_column_2_3 2_3 fusion-flex-column\" style=\"--awb-bg-blend:overlay;--awb-bg-size:cover;--awb-width-large:66.666666666667%;--awb-margin-top-large:0px;--awb-spacing-right-large:2.88%;--awb-margin-bottom-large:20px;--awb-spacing-left-large:2.88%;--awb-width-medium:100%;--awb-spacing-right-medium:1.92%;--awb-spacing-left-medium:1.92%;--awb-width-small:100%;--awb-spacing-right-small:1.92%;--awb-spacing-left-small:1.92%;\"><div class=\"fusion-column-wrapper fusion-column-has-shadow fusion-flex-justify-content-flex-start fusion-content-layout-column\"><div class=\"fusion-title title fusion-title-21 fusion-sep-none fusion-title-text fusion-title-size-two\"><h2 class=\"fusion-title-heading title-heading-left fusion-responsive-typography-calculated\" style=\"margin:0;--fontSize:53;line-height:1.1;\">Hilfreiche Tipps zur L\u00e4rmreduktion im B\u00fcro<\/h2><\/div><div class=\"fusion-text fusion-text-33\"><p>Da sich L\u00e4rm in vielerlei Hinsicht negativ auf Arbeitnehmer auswirken kann, sollten Ma\u00dfnahmen ergriffen werden, um die L\u00e4rmbelastung zu senken und die <a href=\"https:\/\/schultz.de\/ratgeber\/akustik-im-buero-verbessern\/\">Akustik zu verbessern<\/a>. Diese k\u00f6nnen technischer, baulicher oder organisatorischer Natur sein. Am besten ist eine Kombination der genannten Bereiche. Dadurch l\u00e4sst sich der L\u00e4rm im B\u00fcro so weit reduzieren, dass Mitarbeiter nicht unn\u00f6tig belastet werden.<\/p>\n<\/div><div class=\"fusion-title title fusion-title-22 fusion-sep-none fusion-title-text fusion-title-size-three\"><h3 class=\"fusion-title-heading title-heading-left fusion-responsive-typography-calculated\" style=\"margin:0;--fontSize:30;line-height:1.1;\">Allgemeine Tipps<\/h3><\/div><div class=\"fusion-title title fusion-title-23 fusion-sep-none fusion-title-text fusion-title-size-four\"><h4 class=\"fusion-title-heading title-heading-left fusion-responsive-typography-calculated\" style=\"margin:0;--fontSize:20;--minFontSize:20;line-height:1.1;\">Kommunikationsregeln<\/h4><\/div><div class=\"fusion-text fusion-text-34\"><p>L\u00e4rm l\u00e4sst sich in den meisten F\u00e4llen bereits mit Kommunikationsregeln stark reduzieren. Die Arbeitnehmer sollten diese gemeinsam aufstellen. M\u00f6gliche Regeln k\u00f6nnen sein, dass Sie untereinander nur leise sprechen und das Telefon auf Vibrationsalarm stellen. Steht eine Besprechung oder ein anderes l\u00e4ngeres Gespr\u00e4ch an, sollte dieses nach M\u00f6glichkeit in einem separaten Raum gef\u00fchrt werden.<\/p>\n<\/div><div class=\"fusion-title title fusion-title-24 fusion-sep-none fusion-title-text fusion-title-size-four\"><h4 class=\"fusion-title-heading title-heading-left fusion-responsive-typography-calculated\" style=\"margin:0;--fontSize:20;--minFontSize:20;line-height:1.1;\">Ruhebereiche<\/h4><\/div><div class=\"fusion-text fusion-text-35\"><p>Essenziell im B\u00fcroalltag sind auch speziell eingerichtete Ruhezonen. Mitarbeiter ben\u00f6tigen einfach einen R\u00fcckzugsort, in dem sie nur f\u00fcr sich sein und konzentriert ihrer Arbeit nachgehen k\u00f6nnen. R\u00fcckzugsm\u00f6glichkeiten stellen unter anderem folgende Orte dar:<\/p>\n<\/div><ul style=\"--awb-iconcolor:var(--awb-color1);--awb-line-height:27.2px;--awb-icon-width:27.2px;--awb-icon-height:27.2px;--awb-icon-margin:11.2px;--awb-content-margin:38.4px;--awb-circlecolor:var(--awb-color4);--awb-circle-yes-font-size:14.08px;\" class=\"fusion-checklist fusion-checklist-4 fusion-checklist-default fusion-checklist-divider type-icons\"><li class=\"fusion-li-item\" style=\"\"><span class=\"icon-wrapper circle-yes\"><i class=\"fusion-li-icon fa-angle-right fas\" aria-hidden=\"true\"><\/i><\/span><div class=\"fusion-li-item-content\">\n<p>Einzelb\u00fcros<\/p>\n<\/div><\/li><li class=\"fusion-li-item\" style=\"\"><span class=\"icon-wrapper circle-yes\"><i class=\"fusion-li-icon fa-angle-right fas\" aria-hidden=\"true\"><\/i><\/span><div class=\"fusion-li-item-content\">\n<p>Schallschutzkabinen<\/p>\n<\/div><\/li><li class=\"fusion-li-item\" style=\"\"><span class=\"icon-wrapper circle-yes\"><i class=\"fusion-li-icon fa-angle-right fas\" aria-hidden=\"true\"><\/i><\/span><div class=\"fusion-li-item-content\">\n<p><a href=\"https:\/\/schultz.de\/ratgeber\/pausenraum-gestalten\/\">Pausenr\u00e4ume<\/a><\/p>\n<\/div><\/li><\/ul><div class=\"fusion-title title fusion-title-25 fusion-sep-none fusion-title-text fusion-title-size-four\"><h4 class=\"fusion-title-heading title-heading-left fusion-responsive-typography-calculated\" style=\"margin:0;--fontSize:20;--minFontSize:20;line-height:1.1;\">Flexible Arbeitszeitgestaltung<\/h4><\/div><div class=\"fusion-text fusion-text-36\"><p>Ein weiterer Top-Tipp zur L\u00e4rmreduktion im B\u00fcro ist die flexible Arbeitszeitgestaltung. Wenn Unternehmen daf\u00fcr sorgen, dass ihre Mitarbeiter Gleitzeit in Anspruch nehmen oder im Home-Office arbeiten k\u00f6nnen, sorgen sie f\u00fcr einen geringeren L\u00e4rmpegel am Arbeitsplatz. Auch Schichtarbeit hat sich als sinnvoll erwiesen. Der Vorteil flexibler Arbeitszeiten ist, dass nie alle Mitarbeiter auf einmal anwesend sind. So kann sich gar keine so gro\u00dfe L\u00e4rmbelastung bilden.<\/p>\n<\/div><div class=\"fusion-title title fusion-title-26 fusion-sep-none fusion-title-text fusion-title-size-four\"><h4 class=\"fusion-title-heading title-heading-left fusion-responsive-typography-calculated\" style=\"margin:0;--fontSize:20;--minFontSize:20;line-height:1.1;\">Pers\u00f6nlicher Geh\u00f6rschutz<\/h4><\/div><div class=\"fusion-text fusion-text-37\"><p>Wem es am B\u00fcroarbeitsplatz dennoch noch zu laut ist, sollten Mitarbeiter einen pers\u00f6nlichen Geh\u00f6rschutz verwenden. Es gibt inzwischen alltagstaugliche Ohrst\u00f6psel, spezielle Kopfh\u00f6rer oder Noise-Cancelling-Ger\u00e4te. Dadurch l\u00e4sst sich die individuelle L\u00e4rmbelastung reduzieren.<\/p>\n<\/div><div class=\"fusion-title title fusion-title-27 fusion-sep-none fusion-title-text fusion-title-size-three\"><h3 class=\"fusion-title-heading title-heading-left fusion-responsive-typography-calculated\" style=\"margin:0;--fontSize:30;line-height:1.1;\">Spezifische Tipps zur Verbesserung der Raumakustik<\/h3><\/div><div class=\"fusion-title title fusion-title-28 fusion-sep-none fusion-title-text fusion-title-size-four\"><h4 class=\"fusion-title-heading title-heading-left fusion-responsive-typography-calculated\" style=\"margin:0;--fontSize:20;--minFontSize:20;line-height:1.1;\">Schallabsorbierende Materialien<\/h4><\/div><div class=\"fusion-text fusion-text-38\"><p>Um den B\u00fcroraum l\u00e4rmfrei zu gestalten, empfehlen sich schallabsorbierende Materialien. Vor allem Textilien k\u00f6nnen Schall gut absorbieren. Dadurch kann L\u00e4rm h\u00e4ufig gar nicht erst entstehen.<\/p>\n<p>Sie k\u00f6nnen Textilien jeglicher Form in den B\u00fcroraum integrieren. Besonders gut eignen sich Teppiche oder Teppichb\u00f6den. Sie verhindern Schrittschall, wenn jemand \u00fcber den Boden geht. Schritte sind so kaum h\u00f6rbar oder nur dumpf \u2013 selbst bei Schuhwerk mit Absatz, welches dazu neigt, eine gewisse Lautst\u00e4rke zu erzeugen.<\/p>\n<p>Ebenfalls praktisch sind Vorh\u00e4nge. Sie lockern nicht nur die Optik eines Raumes auf, sondern k\u00f6nnen ebenfalls Schall schlucken.<\/p>\n<p>Nachdem Sie sowohl am Boden als auch an den W\u00e4nden f\u00fcr Schallabsorption gesorgt haben, k\u00f6nnen Sie schlie\u00dflich noch Polsterm\u00f6bel aufstellen, die im Raum Schall schlucken.<\/p>\n<\/div><div class=\"fusion-title title fusion-title-29 fusion-sep-none fusion-title-text fusion-title-size-four\"><h4 class=\"fusion-title-heading title-heading-left fusion-responsive-typography-calculated\" style=\"margin:0;--fontSize:20;--minFontSize:20;line-height:1.1;\">Schalld\u00e4mmende Elemente<\/h4><\/div><div class=\"fusion-text fusion-text-39\"><p>Da mehr und mehr Unternehmen zunehmend auf L\u00e4rm im B\u00fcro achten, gibt es inzwischen viele L\u00f6sungen, ihn durch die richtige Einrichtung zu vermeiden. Die L\u00f6sung: schalld\u00e4mmende Elemente!<\/p>\n<p>Einerseits ist da die Trennwand: Meist mit einem Textil bespannt, kann sie zwischen einzelnen Arbeitspl\u00e4tzen aufgestellt werden und dort Schall absorbieren. Vor allem in einem Gro\u00dfraumb\u00fcro, in dem ein Mitarbeiter neben dem anderen sitzt, ist sie zu empfehlen.<\/p>\n<p>Um von oben zu sch\u00fctzen, empfehlen sich Deckensegel. Und an den W\u00e4nden k\u00f6nnen sogenannte Akustikbilder angebracht werden. Sie schlucken Schall und sorgen f\u00fcr eine angenehm ruhige Arbeitsatmosph\u00e4re.<\/p>\n<\/div><div class=\"fusion-title title fusion-title-30 fusion-sep-none fusion-title-text fusion-title-size-four\"><h4 class=\"fusion-title-heading title-heading-left fusion-responsive-typography-calculated\" style=\"margin:0;--fontSize:20;--minFontSize:20;line-height:1.1;\">Schallreflektierende Fl\u00e4chen vermeiden<\/h4><\/div><div class=\"fusion-text fusion-text-40\"><p>L\u00e4rm bildet sich dort, wo Schall nicht absorbiert werden kann. Man spricht in dem Zusammenhang auch von schallreflektierenden Fl\u00e4chen. Dazu z\u00e4hlen M\u00f6bel aus Metall, Glasw\u00e4nde und glatte B\u00f6den. Vermeiden Sie diese, um eine L\u00e4rmbelastung nicht nur zu beg\u00fcnstigen.<\/p>\n<\/div><div class=\"fusion-title title fusion-title-31 fusion-sep-none fusion-title-text fusion-title-size-four\"><h4 class=\"fusion-title-heading title-heading-left fusion-responsive-typography-calculated\" style=\"margin:0;--fontSize:20;--minFontSize:20;line-height:1.1;\">Schallquellen isolieren oder entfernen<\/h4><\/div><div class=\"fusion-text fusion-text-41\"><p>Damit erst gar kein L\u00e4rm entstehen kann, empfiehlt es sich, Schallquellen ausfindig zu machen und zu eliminieren. Das ist beispielsweise mit einem Messger\u00e4t m\u00f6glich. Solche Schallquellen k\u00f6nnen beispielsweise Drucker und andere Ger\u00e4te sein.<\/p>\n<p>In den meisten F\u00e4llen ist es m\u00f6glich, den Drucker aus dem B\u00fcro zu entfernen und isoliert in einem Nebenraum aufzustellen. Ganz ohne Ger\u00e4te wird es in den meisten B\u00fcros nicht gehen, weshalb das die beste M\u00f6glichkeit ist.<\/p>\n<p>Und wie steht es um L\u00e4rmquellen wie die Klimaanlage? Wenn diese zur L\u00e4rmbel\u00e4stigung am Arbeitsplatz beitr\u00e4gt, sollten Sie versuchen, sie leiser zu stellen. Funktioniert das nicht, kann es n\u00f6tig sein, sie durch ein modernes, sehr leises Modell zu ersetzen.<\/p>\n<\/div><div class=\"fusion-title title fusion-title-32 fusion-sep-none fusion-title-text fusion-title-size-two\"><h2 class=\"fusion-title-heading title-heading-left fusion-responsive-typography-calculated\" style=\"margin:0;--fontSize:53;line-height:1.1;\">Empfehlenswerte M\u00f6bel<\/h2><\/div><div class=\"fusion-text fusion-text-42\"><p>Es gibt viele verschiedene B\u00fcrom\u00f6bel im Angebot von Schultz, die neben ihrer eigentlichen Funktion auch L\u00e4rm reduzieren und dadurch die Akustik eines Raumes verbessern k\u00f6nnen.<\/p>\n<\/div><div class=\"fusion-title title fusion-title-33 fusion-sep-none fusion-title-text fusion-title-size-four\"><h4 class=\"fusion-title-heading title-heading-left fusion-responsive-typography-calculated\" style=\"margin:0;--fontSize:20;--minFontSize:20;line-height:1.1;\">Empfehlungen Schultz<\/h4><\/div><\/div><\/div><div class=\"fusion-layout-column fusion_builder_column fusion-builder-column-12 fusion_builder_column_1_6 1_6 fusion-flex-column\" style=\"--awb-bg-size:cover;--awb-width-large:16.666666666667%;--awb-margin-top-large:0px;--awb-spacing-right-large:11.52%;--awb-margin-bottom-large:20px;--awb-spacing-left-large:11.52%;--awb-width-medium:100%;--awb-order-medium:0;--awb-spacing-right-medium:1.92%;--awb-spacing-left-medium:1.92%;--awb-width-small:100%;--awb-order-small:0;--awb-spacing-right-small:1.92%;--awb-spacing-left-small:1.92%;\"><div class=\"fusion-column-wrapper fusion-column-has-shadow fusion-flex-justify-content-flex-start fusion-content-layout-column\"><\/div><\/div><div class=\"fusion-layout-column fusion_builder_column fusion-builder-column-13 fusion-flex-column fusion-no-small-visibility fusion-no-medium-visibility\" style=\"--awb-bg-size:cover;--awb-width-large:17%;--awb-margin-top-large:0px;--awb-spacing-right-large:11.294117647059%;--awb-margin-bottom-large:20px;--awb-spacing-left-large:11.294117647059%;--awb-width-medium:100%;--awb-order-medium:0;--awb-spacing-right-medium:1.92%;--awb-spacing-left-medium:1.92%;--awb-width-small:100%;--awb-order-small:0;--awb-spacing-right-small:1.92%;--awb-spacing-left-small:1.92%;\"><div class=\"fusion-column-wrapper fusion-column-has-shadow fusion-flex-justify-content-flex-start fusion-content-layout-column\"><\/div><\/div><div class=\"fusion-layout-column fusion_builder_column fusion-builder-column-14 fusion-flex-column fusion-flex-align-self-stretch fusion-column-inner-bg-wrapper fusion-column-liftup-border\" style=\"--awb-inner-bg-color:var(--awb-color1);--awb-inner-bg-color-hover:var(--awb-color1);--awb-inner-bg-position:center center;--awb-inner-bg-size:cover;--awb-inner-bg-box-shadow:6px 0px 24px 0px hsla(var(--awb-color8-h),var(--awb-color8-s),calc( var(--awb-color8-l) - 9% ),calc( var(--awb-color8-a) - 93% ));;--awb-border-color:var(--awb-color1);--awb-inner-border-color:var(--awb-color1);--awb-border-top:7px;--awb-inner-border-top:7px;--awb-border-right:7px;--awb-inner-border-right:7px;--awb-border-bottom:7px;--awb-inner-border-bottom:7px;--awb-border-left:7px;--awb-inner-border-left:7px;--awb-border-style:solid;--awb-inner-border-style:solid;--awb-width-large:22%;--awb-margin-top-large:0px;--awb-spacing-right-large:8.7272727272727%;--awb-margin-bottom-large:20px;--awb-spacing-left-large:8.7272727272727%;--awb-width-medium:50%;--awb-order-medium:0;--awb-spacing-right-medium:3.84%;--awb-spacing-left-medium:3.84%;--awb-width-small:50%;--awb-order-small:0;--awb-spacing-right-small:3.84%;--awb-spacing-left-small:3.84%;\"><span class=\"fusion-column-inner-bg hover-type-liftup\"><a class=\"fusion-column-anchor\" href=\"https:\/\/schultz.de\/produkt\/akustik-stellwand-bert\" rel=\"noopener noreferrer\" target=\"_blank\"><span class=\"fusion-column-inner-bg-image\"><\/span><\/a><\/span><div class=\"fusion-column-wrapper fusion-flex-justify-content-flex-start fusion-content-layout-column\"><div class=\"fusion-image-element \" style=\"text-align:center;--awb-aspect-ratio:1 \/ 1;--awb-object-position:26% 47%;--awb-caption-title-font-family:var(--h2_typography-font-family);--awb-caption-title-font-weight:var(--h2_typography-font-weight);--awb-caption-title-font-style:var(--h2_typography-font-style);--awb-caption-title-size:var(--h2_typography-font-size);--awb-caption-title-transform:var(--h2_typography-text-transform);--awb-caption-title-line-height:var(--h2_typography-line-height);--awb-caption-title-letter-spacing:var(--h2_typography-letter-spacing);\"><span class=\" fusion-imageframe imageframe-none imageframe-2 hover-type-zoomin has-aspect-ratio\"><img decoding=\"async\" width=\"800\" height=\"800\" alt=\"Das graue Wandpanel Bert 200 der Marke Hammerbacher, das zur L\u00e4rmreduktion im B\u00fcro beitr\u00e4gt\" title=\"Akustik-Stellwand-Bert\" src=\"https:\/\/schultz.de\/ratgeber\/wp-content\/uploads\/2023\/10\/Akustik-Stellwand-Bert.webp\" class=\"img-responsive wp-image-5937 img-with-aspect-ratio\" data-parent-fit=\"cover\" data-parent-container=\".fusion-image-element\" srcset=\"https:\/\/schultz.de\/ratgeber\/wp-content\/uploads\/2023\/10\/Akustik-Stellwand-Bert-200x200.webp 200w, https:\/\/schultz.de\/ratgeber\/wp-content\/uploads\/2023\/10\/Akustik-Stellwand-Bert-400x400.webp 400w, https:\/\/schultz.de\/ratgeber\/wp-content\/uploads\/2023\/10\/Akustik-Stellwand-Bert-600x600.webp 600w, https:\/\/schultz.de\/ratgeber\/wp-content\/uploads\/2023\/10\/Akustik-Stellwand-Bert.webp 800w\" sizes=\"(max-width: 1024px) 100vw, (max-width: 667px) 100vw, 800px\" \/><\/span><\/div><div class=\"fusion-title title fusion-title-34 fusion-sep-none fusion-title-center fusion-title-text fusion-title-size-div\" style=\"--awb-margin-top:5px;--awb-margin-bottom:5px;\"><div class=\"fusion-title-heading title-heading-center title-heading-tag fusion-responsive-typography-calculated\" style=\"margin:0;--fontSize:16;--minFontSize:16;line-height:var(--awb-typography4-line-height);\"><strong>Akustik-Stellwand Bert<\/strong><\/div><\/div><div class=\"fusion-text fusion-text-43\" style=\"--awb-content-alignment:center;--awb-text-color:var(--awb-color5);\"><p>ab 489,00 \u20ac<\/p>\n<\/div><\/div><\/div><div class=\"fusion-layout-column fusion_builder_column fusion-builder-column-15 fusion-flex-column fusion-flex-align-self-stretch fusion-column-inner-bg-wrapper fusion-column-liftup-border\" style=\"--awb-inner-bg-color:var(--awb-color1);--awb-inner-bg-color-hover:var(--awb-color1);--awb-inner-bg-position:center center;--awb-inner-bg-size:cover;--awb-inner-bg-box-shadow:6px 0px 24px 0px hsla(var(--awb-color8-h),var(--awb-color8-s),calc( var(--awb-color8-l) - 9% ),calc( var(--awb-color8-a) - 93% ));;--awb-border-color:var(--awb-color1);--awb-inner-border-color:var(--awb-color1);--awb-border-top:7px;--awb-inner-border-top:7px;--awb-border-right:7px;--awb-inner-border-right:7px;--awb-border-bottom:7px;--awb-inner-border-bottom:7px;--awb-border-left:7px;--awb-inner-border-left:7px;--awb-border-style:solid;--awb-inner-border-style:solid;--awb-width-large:22%;--awb-margin-top-large:0px;--awb-spacing-right-large:8.7272727272727%;--awb-margin-bottom-large:20px;--awb-spacing-left-large:8.7272727272727%;--awb-width-medium:50%;--awb-order-medium:0;--awb-spacing-right-medium:3.84%;--awb-spacing-left-medium:3.84%;--awb-width-small:50%;--awb-order-small:0;--awb-spacing-right-small:3.84%;--awb-spacing-left-small:3.84%;\"><span class=\"fusion-column-inner-bg hover-type-liftup\"><a class=\"fusion-column-anchor\" href=\"https:\/\/schultz.de\/produkt\/freistehende-akustikwand-cell-ces\" rel=\"noopener noreferrer\" target=\"_blank\"><span class=\"fusion-column-inner-bg-image\"><\/span><\/a><\/span><div class=\"fusion-column-wrapper fusion-flex-justify-content-flex-start fusion-content-layout-column\"><div class=\"fusion-image-element \" style=\"text-align:center;--awb-aspect-ratio:1 \/ 1;--awb-object-position:26% 47%;--awb-caption-title-font-family:var(--h2_typography-font-family);--awb-caption-title-font-weight:var(--h2_typography-font-weight);--awb-caption-title-font-style:var(--h2_typography-font-style);--awb-caption-title-size:var(--h2_typography-font-size);--awb-caption-title-transform:var(--h2_typography-text-transform);--awb-caption-title-line-height:var(--h2_typography-line-height);--awb-caption-title-letter-spacing:var(--h2_typography-letter-spacing);\"><span class=\" fusion-imageframe imageframe-none imageframe-3 hover-type-zoomin has-aspect-ratio\"><img decoding=\"async\" width=\"800\" height=\"800\" alt=\"Freistehende-Akustikwand-CELL-CES unterst\u00fctzt die L\u00e4rmreduktion im B\u00fcro\" title=\"Freistehende-Akustikwand-CELL-CES\" src=\"https:\/\/schultz.de\/ratgeber\/wp-content\/uploads\/2023\/10\/Freistehende-Akustikwand-CELL-CES.webp\" class=\"img-responsive wp-image-6091 img-with-aspect-ratio\" data-parent-fit=\"cover\" data-parent-container=\".fusion-image-element\" srcset=\"https:\/\/schultz.de\/ratgeber\/wp-content\/uploads\/2023\/10\/Freistehende-Akustikwand-CELL-CES-200x200.webp 200w, https:\/\/schultz.de\/ratgeber\/wp-content\/uploads\/2023\/10\/Freistehende-Akustikwand-CELL-CES-400x400.webp 400w, https:\/\/schultz.de\/ratgeber\/wp-content\/uploads\/2023\/10\/Freistehende-Akustikwand-CELL-CES-600x600.webp 600w, https:\/\/schultz.de\/ratgeber\/wp-content\/uploads\/2023\/10\/Freistehende-Akustikwand-CELL-CES.webp 800w\" sizes=\"(max-width: 1024px) 100vw, (max-width: 667px) 100vw, 800px\" \/><\/span><\/div><div class=\"fusion-title title fusion-title-35 fusion-sep-none fusion-title-center fusion-title-text fusion-title-size-div\" style=\"--awb-margin-top:5px;--awb-margin-bottom:5px;\"><div class=\"fusion-title-heading title-heading-center title-heading-tag fusion-responsive-typography-calculated\" style=\"margin:0;--fontSize:16;--minFontSize:16;line-height:var(--awb-typography4-line-height);\"><strong>Freistehende Akustikwand CELL CES<\/strong><\/div><\/div><div class=\"fusion-text fusion-text-44\" style=\"--awb-content-alignment:center;--awb-text-color:var(--awb-color5);\"><p>ab 304,00 \u20ac<\/p>\n<\/div><\/div><\/div><div class=\"fusion-layout-column fusion_builder_column fusion-builder-column-16 fusion-flex-column fusion-column-inner-bg-wrapper fusion-column-liftup-border\" style=\"--awb-inner-bg-color:var(--awb-color1);--awb-inner-bg-color-hover:var(--awb-color1);--awb-inner-bg-position:center center;--awb-inner-bg-size:cover;--awb-inner-bg-box-shadow:6px 0px 24px 0px hsla(var(--awb-color8-h),var(--awb-color8-s),calc( var(--awb-color8-l) - 9% ),calc( var(--awb-color8-a) - 93% ));;--awb-border-color:var(--awb-color1);--awb-inner-border-color:var(--awb-color1);--awb-border-top:7px;--awb-inner-border-top:7px;--awb-border-right:7px;--awb-inner-border-right:7px;--awb-border-bottom:7px;--awb-inner-border-bottom:7px;--awb-border-left:7px;--awb-inner-border-left:7px;--awb-border-style:solid;--awb-inner-border-style:solid;--awb-width-large:22%;--awb-margin-top-large:0px;--awb-spacing-right-large:8.7272727272727%;--awb-margin-bottom-large:20px;--awb-spacing-left-large:8.7272727272727%;--awb-width-medium:50%;--awb-order-medium:0;--awb-spacing-right-medium:3.84%;--awb-spacing-left-medium:3.84%;--awb-width-small:50%;--awb-order-small:0;--awb-spacing-right-small:3.84%;--awb-spacing-left-small:3.84%;\"><span class=\"fusion-column-inner-bg hover-type-liftup\"><a class=\"fusion-column-anchor\" href=\"https:\/\/schultz.de\/produkt\/freistehende-tischtrennwand-cell-cen\" rel=\"noopener noreferrer\" target=\"_blank\"><span class=\"fusion-column-inner-bg-image\"><\/span><\/a><\/span><div class=\"fusion-column-wrapper fusion-flex-justify-content-flex-start fusion-content-layout-column\"><div class=\"fusion-image-element \" style=\"text-align:center;--awb-aspect-ratio:1 \/ 1;--awb-object-position:26% 47%;--awb-caption-title-font-family:var(--h2_typography-font-family);--awb-caption-title-font-weight:var(--h2_typography-font-weight);--awb-caption-title-font-style:var(--h2_typography-font-style);--awb-caption-title-size:var(--h2_typography-font-size);--awb-caption-title-transform:var(--h2_typography-text-transform);--awb-caption-title-line-height:var(--h2_typography-line-height);--awb-caption-title-letter-spacing:var(--h2_typography-letter-spacing);\"><span class=\" fusion-imageframe imageframe-none imageframe-4 hover-type-zoomin has-aspect-ratio\"><img decoding=\"async\" width=\"800\" height=\"800\" alt=\"Freistehende Tischtrennwand CELL CEN der Marke Marbet Style, die L\u00e4rm reduziert und ein konzentriertes Arbeiten im Gro\u00dfraumb\u00fcro erm\u00f6glicht\" title=\"Freistehende-Tischtrennwand-CELL-CEN\" src=\"https:\/\/schultz.de\/ratgeber\/wp-content\/uploads\/2023\/10\/Freistehende-Tischtrennwand-CELL-CEN.webp\" class=\"img-responsive wp-image-5936 img-with-aspect-ratio\" data-parent-fit=\"cover\" data-parent-container=\".fusion-image-element\" srcset=\"https:\/\/schultz.de\/ratgeber\/wp-content\/uploads\/2023\/10\/Freistehende-Tischtrennwand-CELL-CEN-200x200.webp 200w, https:\/\/schultz.de\/ratgeber\/wp-content\/uploads\/2023\/10\/Freistehende-Tischtrennwand-CELL-CEN-400x400.webp 400w, https:\/\/schultz.de\/ratgeber\/wp-content\/uploads\/2023\/10\/Freistehende-Tischtrennwand-CELL-CEN-600x600.webp 600w, https:\/\/schultz.de\/ratgeber\/wp-content\/uploads\/2023\/10\/Freistehende-Tischtrennwand-CELL-CEN.webp 800w\" sizes=\"(max-width: 1024px) 100vw, (max-width: 667px) 100vw, 800px\" \/><\/span><\/div><div class=\"fusion-title title fusion-title-36 fusion-sep-none fusion-title-center fusion-title-text fusion-title-size-div\" style=\"--awb-margin-top:5px;--awb-margin-bottom:5px;\"><div class=\"fusion-title-heading title-heading-center title-heading-tag fusion-responsive-typography-calculated\" style=\"margin:0;--fontSize:16;--minFontSize:16;line-height:var(--awb-typography4-line-height);\"><strong>Freistehende Tischtrennwand CELL CEN<\/strong><\/div><\/div><div class=\"fusion-text fusion-text-45\" style=\"--awb-content-alignment:center;--awb-text-color:var(--awb-color5);\"><p>ab 160,00 \u20ac<\/p>\n<\/div><\/div><\/div><div class=\"fusion-layout-column fusion_builder_column fusion-builder-column-17 fusion-flex-column fusion-no-small-visibility fusion-no-medium-visibility\" style=\"--awb-bg-size:cover;--awb-width-large:17%;--awb-margin-top-large:0px;--awb-spacing-right-large:11.294117647059%;--awb-margin-bottom-large:20px;--awb-spacing-left-large:11.294117647059%;--awb-width-medium:100%;--awb-order-medium:0;--awb-spacing-right-medium:1.92%;--awb-spacing-left-medium:1.92%;--awb-width-small:100%;--awb-order-small:0;--awb-spacing-right-small:1.92%;--awb-spacing-left-small:1.92%;\"><div class=\"fusion-column-wrapper fusion-column-has-shadow fusion-flex-justify-content-flex-start fusion-content-layout-column\"><\/div><\/div><div class=\"fusion-layout-column fusion_builder_column fusion-builder-column-18 fusion-flex-column fusion-no-small-visibility fusion-no-medium-visibility\" style=\"--awb-bg-size:cover;--awb-width-large:17%;--awb-margin-top-large:0px;--awb-spacing-right-large:11.294117647059%;--awb-margin-bottom-large:20px;--awb-spacing-left-large:11.294117647059%;--awb-width-medium:100%;--awb-order-medium:0;--awb-spacing-right-medium:1.92%;--awb-spacing-left-medium:1.92%;--awb-width-small:100%;--awb-order-small:0;--awb-spacing-right-small:1.92%;--awb-spacing-left-small:1.92%;\"><div class=\"fusion-column-wrapper fusion-column-has-shadow fusion-flex-justify-content-flex-start fusion-content-layout-column\"><\/div><\/div><div class=\"fusion-layout-column fusion_builder_column fusion-builder-column-19 fusion-flex-column fusion-flex-align-self-stretch fusion-column-inner-bg-wrapper fusion-column-liftup-border\" style=\"--awb-inner-bg-color:var(--awb-color1);--awb-inner-bg-color-hover:var(--awb-color1);--awb-inner-bg-position:center center;--awb-inner-bg-size:cover;--awb-inner-bg-box-shadow:6px 0px 24px 0px hsla(var(--awb-color8-h),var(--awb-color8-s),calc( var(--awb-color8-l) - 9% ),calc( var(--awb-color8-a) - 93% ));;--awb-border-color:var(--awb-color1);--awb-inner-border-color:var(--awb-color1);--awb-border-top:7px;--awb-inner-border-top:7px;--awb-border-right:7px;--awb-inner-border-right:7px;--awb-border-bottom:7px;--awb-inner-border-bottom:7px;--awb-border-left:7px;--awb-inner-border-left:7px;--awb-border-style:solid;--awb-inner-border-style:solid;--awb-width-large:22%;--awb-margin-top-large:0px;--awb-spacing-right-large:8.7272727272727%;--awb-margin-bottom-large:20px;--awb-spacing-left-large:8.7272727272727%;--awb-width-medium:50%;--awb-order-medium:0;--awb-spacing-right-medium:3.84%;--awb-spacing-left-medium:3.84%;--awb-width-small:50%;--awb-order-small:0;--awb-spacing-right-small:3.84%;--awb-spacing-left-small:3.84%;\"><span class=\"fusion-column-inner-bg hover-type-liftup\"><a class=\"fusion-column-anchor\" href=\"https:\/\/schultz.de\/produkt\/akustikwaben-bert-6-eckig\" rel=\"noopener noreferrer\" target=\"_blank\"><span class=\"fusion-column-inner-bg-image\"><\/span><\/a><\/span><div class=\"fusion-column-wrapper fusion-flex-justify-content-flex-start fusion-content-layout-column\"><div class=\"fusion-image-element \" style=\"text-align:center;--awb-aspect-ratio:1 \/ 1;--awb-object-position:26% 47%;--awb-caption-title-font-family:var(--h2_typography-font-family);--awb-caption-title-font-weight:var(--h2_typography-font-weight);--awb-caption-title-font-style:var(--h2_typography-font-style);--awb-caption-title-size:var(--h2_typography-font-size);--awb-caption-title-transform:var(--h2_typography-text-transform);--awb-caption-title-line-height:var(--h2_typography-line-height);--awb-caption-title-letter-spacing:var(--h2_typography-letter-spacing);\"><span class=\" fusion-imageframe imageframe-none imageframe-5 hover-type-zoomin has-aspect-ratio\"><img decoding=\"async\" width=\"800\" height=\"800\" alt=\"Die sechseckigen Akustikwaben Bert von Hammerbacher aus thermoplastischer Synthetik (PES) reduziert den L\u00e4rmpegel\" title=\"Akustikwaben Bert 6-eckig\" src=\"https:\/\/schultz.de\/ratgeber\/wp-content\/uploads\/2023\/10\/Akustikwaben-Bert-6-eckig.webp\" class=\"img-responsive wp-image-6092 img-with-aspect-ratio\" data-parent-fit=\"cover\" data-parent-container=\".fusion-image-element\" srcset=\"https:\/\/schultz.de\/ratgeber\/wp-content\/uploads\/2023\/10\/Akustikwaben-Bert-6-eckig-200x200.webp 200w, https:\/\/schultz.de\/ratgeber\/wp-content\/uploads\/2023\/10\/Akustikwaben-Bert-6-eckig-400x400.webp 400w, https:\/\/schultz.de\/ratgeber\/wp-content\/uploads\/2023\/10\/Akustikwaben-Bert-6-eckig-600x600.webp 600w, https:\/\/schultz.de\/ratgeber\/wp-content\/uploads\/2023\/10\/Akustikwaben-Bert-6-eckig.webp 800w\" sizes=\"(max-width: 1024px) 100vw, (max-width: 667px) 100vw, 800px\" \/><\/span><\/div><div class=\"fusion-title title fusion-title-37 fusion-sep-none fusion-title-center fusion-title-text fusion-title-size-div\" style=\"--awb-margin-top:5px;--awb-margin-bottom:5px;\"><div class=\"fusion-title-heading title-heading-center title-heading-tag fusion-responsive-typography-calculated\" style=\"margin:0;--fontSize:16;--minFontSize:16;line-height:var(--awb-typography4-line-height);\"><strong>Akustikwaben Bert 6-eckig<\/strong><\/div><\/div><div class=\"fusion-text fusion-text-46\" style=\"--awb-content-alignment:center;--awb-text-color:var(--awb-color5);\"><p>ab 96,75 \u20ac<\/p>\n<\/div><\/div><\/div><div class=\"fusion-layout-column fusion_builder_column fusion-builder-column-20 fusion-flex-column fusion-flex-align-self-stretch fusion-column-inner-bg-wrapper fusion-column-liftup-border\" style=\"--awb-inner-bg-color:var(--awb-color1);--awb-inner-bg-color-hover:var(--awb-color1);--awb-inner-bg-position:center center;--awb-inner-bg-size:cover;--awb-inner-bg-box-shadow:6px 0px 24px 0px hsla(var(--awb-color8-h),var(--awb-color8-s),calc( var(--awb-color8-l) - 9% ),calc( var(--awb-color8-a) - 93% ));;--awb-border-color:var(--awb-color1);--awb-inner-border-color:var(--awb-color1);--awb-border-top:7px;--awb-inner-border-top:7px;--awb-border-right:7px;--awb-inner-border-right:7px;--awb-border-bottom:7px;--awb-inner-border-bottom:7px;--awb-border-left:7px;--awb-inner-border-left:7px;--awb-border-style:solid;--awb-inner-border-style:solid;--awb-width-large:22%;--awb-margin-top-large:0px;--awb-spacing-right-large:8.7272727272727%;--awb-margin-bottom-large:20px;--awb-spacing-left-large:8.7272727272727%;--awb-width-medium:50%;--awb-order-medium:0;--awb-spacing-right-medium:3.84%;--awb-spacing-left-medium:3.84%;--awb-width-small:50%;--awb-order-small:0;--awb-spacing-right-small:3.84%;--awb-spacing-left-small:3.84%;\"><span class=\"fusion-column-inner-bg hover-type-liftup\"><a class=\"fusion-column-anchor\" href=\"https:\/\/schultz.de\/produkt\/wandpanel-bert-100\" rel=\"noopener noreferrer\" target=\"_blank\"><span class=\"fusion-column-inner-bg-image\"><\/span><\/a><\/span><div class=\"fusion-column-wrapper fusion-flex-justify-content-flex-start fusion-content-layout-column\"><div class=\"fusion-image-element \" style=\"text-align:center;--awb-aspect-ratio:1 \/ 1;--awb-object-position:26% 47%;--awb-caption-title-font-family:var(--h2_typography-font-family);--awb-caption-title-font-weight:var(--h2_typography-font-weight);--awb-caption-title-font-style:var(--h2_typography-font-style);--awb-caption-title-size:var(--h2_typography-font-size);--awb-caption-title-transform:var(--h2_typography-text-transform);--awb-caption-title-line-height:var(--h2_typography-line-height);--awb-caption-title-letter-spacing:var(--h2_typography-letter-spacing);\"><span class=\" fusion-imageframe imageframe-none imageframe-6 hover-type-zoomin has-aspect-ratio\"><img decoding=\"async\" width=\"800\" height=\"800\" alt=\"Das Akustik Wandpanel Bert 100 von Hammerbacher reduziert den L\u00e4rmpegel\" title=\"Wandpanel-Bert-100\" src=\"https:\/\/schultz.de\/ratgeber\/wp-content\/uploads\/2023\/10\/Wandpanel-Bert-100.webp\" class=\"img-responsive wp-image-6093 img-with-aspect-ratio\" data-parent-fit=\"cover\" data-parent-container=\".fusion-image-element\" srcset=\"https:\/\/schultz.de\/ratgeber\/wp-content\/uploads\/2023\/10\/Wandpanel-Bert-100-200x200.webp 200w, https:\/\/schultz.de\/ratgeber\/wp-content\/uploads\/2023\/10\/Wandpanel-Bert-100-400x400.webp 400w, https:\/\/schultz.de\/ratgeber\/wp-content\/uploads\/2023\/10\/Wandpanel-Bert-100-600x600.webp 600w, https:\/\/schultz.de\/ratgeber\/wp-content\/uploads\/2023\/10\/Wandpanel-Bert-100.webp 800w\" sizes=\"(max-width: 1024px) 100vw, (max-width: 667px) 100vw, 800px\" \/><\/span><\/div><div class=\"fusion-title title fusion-title-38 fusion-sep-none fusion-title-center fusion-title-text fusion-title-size-div\" style=\"--awb-margin-top:5px;--awb-margin-bottom:5px;\"><div class=\"fusion-title-heading title-heading-center title-heading-tag fusion-responsive-typography-calculated\" style=\"margin:0;--fontSize:16;--minFontSize:16;line-height:var(--awb-typography4-line-height);\"><strong>Wandpanel Bert 100<\/strong><\/div><\/div><div class=\"fusion-text fusion-text-47\" style=\"--awb-content-alignment:center;--awb-text-color:var(--awb-color5);\"><p>ab 351,75 \u20ac<\/p>\n<\/div><\/div><\/div><div class=\"fusion-layout-column fusion_builder_column fusion-builder-column-21 fusion-flex-column fusion-flex-align-self-stretch fusion-column-inner-bg-wrapper fusion-column-liftup-border\" style=\"--awb-inner-bg-color:var(--awb-color1);--awb-inner-bg-color-hover:var(--awb-color1);--awb-inner-bg-position:center center;--awb-inner-bg-size:cover;--awb-inner-bg-box-shadow:6px 0px 24px 0px hsla(var(--awb-color8-h),var(--awb-color8-s),calc( var(--awb-color8-l) - 9% ),calc( var(--awb-color8-a) - 93% ));;--awb-border-color:var(--awb-color1);--awb-inner-border-color:var(--awb-color1);--awb-border-top:7px;--awb-inner-border-top:7px;--awb-border-right:7px;--awb-inner-border-right:7px;--awb-border-bottom:7px;--awb-inner-border-bottom:7px;--awb-border-left:7px;--awb-inner-border-left:7px;--awb-border-style:solid;--awb-inner-border-style:solid;--awb-width-large:22%;--awb-margin-top-large:0px;--awb-spacing-right-large:8.7272727272727%;--awb-margin-bottom-large:20px;--awb-spacing-left-large:8.7272727272727%;--awb-width-medium:50%;--awb-order-medium:0;--awb-spacing-right-medium:3.84%;--awb-spacing-left-medium:3.84%;--awb-width-small:50%;--awb-order-small:0;--awb-spacing-right-small:3.84%;--awb-spacing-left-small:3.84%;\"><span class=\"fusion-column-inner-bg hover-type-liftup\"><a class=\"fusion-column-anchor\" href=\"https:\/\/schultz.de\/produkt\/berlin-acoustics-telefonkabine\" rel=\"noopener noreferrer\" target=\"_blank\"><span class=\"fusion-column-inner-bg-image\"><\/span><\/a><\/span><div class=\"fusion-column-wrapper fusion-flex-justify-content-flex-start fusion-content-layout-column\"><div class=\"fusion-image-element \" style=\"text-align:center;--awb-aspect-ratio:1 \/ 1;--awb-object-position:26% 47%;--awb-caption-title-font-family:var(--h2_typography-font-family);--awb-caption-title-font-weight:var(--h2_typography-font-weight);--awb-caption-title-font-style:var(--h2_typography-font-style);--awb-caption-title-size:var(--h2_typography-font-size);--awb-caption-title-transform:var(--h2_typography-text-transform);--awb-caption-title-line-height:var(--h2_typography-line-height);--awb-caption-title-letter-spacing:var(--h2_typography-letter-spacing);\"><span class=\" fusion-imageframe imageframe-none imageframe-7 hover-type-zoomin has-aspect-ratio\"><img decoding=\"async\" width=\"800\" height=\"800\" alt=\"Die Raum-in-Raum-Telefonkabine der Marke Berlin Acoustics mit schallabsorbierenden Doppelw\u00e4nden unterst\u00fctzt eine optimale Raumakustik\" title=\"Berlin-Acoustics-Telefonkabine\" src=\"https:\/\/schultz.de\/ratgeber\/wp-content\/uploads\/2023\/10\/Berlin-Acoustics-Telefonkabine.webp\" class=\"img-responsive wp-image-6094 img-with-aspect-ratio\" data-parent-fit=\"cover\" data-parent-container=\".fusion-image-element\" srcset=\"https:\/\/schultz.de\/ratgeber\/wp-content\/uploads\/2023\/10\/Berlin-Acoustics-Telefonkabine-200x200.webp 200w, https:\/\/schultz.de\/ratgeber\/wp-content\/uploads\/2023\/10\/Berlin-Acoustics-Telefonkabine-400x400.webp 400w, https:\/\/schultz.de\/ratgeber\/wp-content\/uploads\/2023\/10\/Berlin-Acoustics-Telefonkabine-600x600.webp 600w, https:\/\/schultz.de\/ratgeber\/wp-content\/uploads\/2023\/10\/Berlin-Acoustics-Telefonkabine.webp 800w\" sizes=\"(max-width: 1024px) 100vw, (max-width: 667px) 100vw, 800px\" \/><\/span><\/div><div class=\"fusion-title title fusion-title-39 fusion-sep-none fusion-title-center fusion-title-text fusion-title-size-div\" style=\"--awb-margin-top:5px;--awb-margin-bottom:5px;\"><div class=\"fusion-title-heading title-heading-center title-heading-tag fusion-responsive-typography-calculated\" style=\"margin:0;--fontSize:16;--minFontSize:16;line-height:var(--awb-typography4-line-height);\"><strong>Berlin Acoustics Telefonkabine<\/strong><\/div><\/div><div class=\"fusion-text fusion-text-48\" style=\"--awb-content-alignment:center;--awb-text-color:var(--awb-color5);\"><p>ab 4.800,00 \u20ac<\/p>\n<\/div><\/div><\/div><div class=\"fusion-layout-column fusion_builder_column fusion-builder-column-22 fusion_builder_column_1_6 1_6 fusion-flex-column fusion-no-small-visibility fusion-no-medium-visibility\" style=\"--awb-bg-size:cover;--awb-width-large:16.666666666667%;--awb-margin-top-large:0px;--awb-spacing-right-large:11.52%;--awb-margin-bottom-large:20px;--awb-spacing-left-large:11.52%;--awb-width-medium:100%;--awb-order-medium:0;--awb-spacing-right-medium:1.92%;--awb-spacing-left-medium:1.92%;--awb-width-small:100%;--awb-order-small:0;--awb-spacing-right-small:1.92%;--awb-spacing-left-small:1.92%;\"><div class=\"fusion-column-wrapper fusion-column-has-shadow fusion-flex-justify-content-flex-start fusion-content-layout-column\"><\/div><\/div><div class=\"fusion-layout-column fusion_builder_column fusion-builder-column-23 fusion_builder_column_1_6 1_6 fusion-flex-column\" style=\"--awb-bg-size:cover;--awb-width-large:16.666666666667%;--awb-margin-top-large:0px;--awb-spacing-right-large:11.52%;--awb-margin-bottom-large:20px;--awb-spacing-left-large:11.52%;--awb-width-medium:100%;--awb-order-medium:0;--awb-spacing-right-medium:1.92%;--awb-spacing-left-medium:1.92%;--awb-width-small:100%;--awb-order-small:0;--awb-spacing-right-small:1.92%;--awb-spacing-left-small:1.92%;\"><div class=\"fusion-column-wrapper fusion-column-has-shadow fusion-flex-justify-content-flex-start fusion-content-layout-column\"><\/div><\/div><div class=\"fusion-layout-column fusion_builder_column fusion-builder-column-24 fusion_builder_column_2_3 2_3 fusion-flex-column\" style=\"--awb-padding-top:20px;--awb-bg-blend:overlay;--awb-bg-size:cover;--awb-width-large:66.666666666667%;--awb-margin-top-large:0px;--awb-spacing-right-large:2.88%;--awb-margin-bottom-large:20px;--awb-spacing-left-large:2.88%;--awb-width-medium:100%;--awb-spacing-right-medium:1.92%;--awb-spacing-left-medium:1.92%;--awb-width-small:100%;--awb-spacing-right-small:1.92%;--awb-spacing-left-small:1.92%;\"><div class=\"fusion-column-wrapper fusion-column-has-shadow fusion-flex-justify-content-flex-start fusion-content-layout-column\"><div class=\"fusion-text fusion-text-49\"><p>Bei Sitzm\u00f6beln gilt: Eine Polsterung ist nicht nur bequem und daher gut f\u00fcr die Ergonomie. Bei Sitzm\u00f6beln gilt: Eine Polsterung ist nicht nur bequem und daher gut f\u00fcr die Ergonomie. Sie ist auch essenziell, wenn Sie Ma\u00dfnahmen gegen L\u00e4rm im B\u00fcro ergreifen m\u00f6chten. Es gibt verschiedene Modelle, die alle n\u00f6tigen Anforderungen erf\u00fcllen.<\/p>\n<p>F\u00fcr den Schallschutz an der Wand halten B\u00fcrom\u00f6bel-Hersteller einige innovative L\u00f6sungen bereit. Wandpaneele lassen sich beispielsweise flexibel an den W\u00e4nden anbringen. Eine weitere M\u00f6glichkeit stellen Akustik-Stellw\u00e4nde dar. Besonders gut eignet sich daf\u00fcr Filz als schalld\u00e4mmendes Material.<\/p>\n<p>Sie k\u00f6nnen auch an der Decke spezielle M\u00f6bel anbringen, um sich vor L\u00e4rm zu sch\u00fctzen. Paneele sind auch hier die ideale Wahl. Hersteller bem\u00fchen sich jedoch auch um innovative Deckenlampen-Designs. Aus Textilien gefertigte Deckenlampen sehen nicht nur schick aus, sondern schlucken auch Schall.<\/p>\n<p>Und welcher Schreibtisch eignet sich hinsichtlich L\u00e4rmschutzes am besten? Tats\u00e4chlich k\u00f6nnen Sie hier auf einen herk\u00f6mmlichen Schreibtisch setzen. Wichtig ist nur, dass sie Schreibtischtrennw\u00e4nde anbringen. Das sch\u00fctzt Sie nicht nur vor Schall, sondern auch vor ungewollten Blicken auf den Arbeitsplatz.<\/p>\n<\/div><div class=\"fusion-title title fusion-title-40 fusion-sep-none fusion-title-text fusion-title-size-two\"><h2 class=\"fusion-title-heading title-heading-left fusion-responsive-typography-calculated\" style=\"margin:0;--fontSize:53;line-height:1.1;\">H\u00e4ufige Fragen zu L\u00e4rm am Arbeitsplatz<\/h2><\/div><style type=\"text\/css\">#accordian-1 .fusion-panel:hover,#accordian-1 .fusion-panel.hover{ background-color: var(--awb-color2) } #accordian-1 .fusion-panel { border-color:var(--awb-color2); border-width:0px; background-color:var(--awb-color2); }.fusion-accordian #accordian-1 .panel-title a .fa-fusion-box:before{ font-size: 16px;width: 16px;}.fusion-accordian #accordian-1 .panel-title a .fa-fusion-box{ color: var(--awb-color1);}.fusion-accordian  #accordian-1 .panel-title a{font-family:var(--awb-typography1-font-family);font-weight:var(--awb-typography1-font-weight);font-style:var(--awb-typography1-font-style);}.fusion-accordian  #accordian-1 .panel-title a:not(:hover){}.fusion-accordian  #accordian-1 .toggle-content{font-family:var(--awb-typography4-font-family);font-weight:var(--awb-typography4-font-weight);font-style:var(--awb-typography4-font-style);}.fusion-accordian #accordian-1 .fa-fusion-box { background-color: var(--awb-color4) !important;border-color: var(--awb-color4) !important;}.fusion-accordian #accordian-1 .panel-title a:hover,.fusion-accordian #accordian-1 .panel-title a.hover { color: var(--awb-color4);}.fusion-faq-shortcode .fusion-accordian #accordian-1 .fusion-toggle-boxed-mode:hover .panel-title a { color: var(--awb-color4);}.fusion-accordian #accordian-1 .panel-title .active .fa-fusion-box,.fusion-accordian #accordian-1 .panel-title a:hover .fa-fusion-box,.fusion-accordian #accordian-1 .panel-title a.hover .fa-fusion-box { background-color: var(--awb-color4)!important;border-color: var(--awb-color4)!important;}<\/style><div class=\"fusion-faq-shortcode\" style=\"\"><div class=\"fusion-faqs-wrapper\"><div class=\"accordian fusion-accordian\"><div class=\"panel-group \" id=\"accordian-1\"><div class=\"fusion-panel fusion-toggle-no-divider fusion-toggle-boxed-mode panel-default fusion-faq-post fusion-faq-post-5672 laerm-im-buero \"><span class=\"entry-title rich-snippet-hidden\">L\u00e4rm durch Kollegen: Was kann ich tun?<\/span><span class=\"vcard rich-snippet-hidden\"><span class=\"fn\"><a href=\"https:\/\/schultz.de\/ratgeber\/author\/schultz-blog_admin\/\" title=\"Beitr\u00e4ge von Nicolas Schultz\" rel=\"author\">Nicolas Schultz<\/a><\/span><\/span><span class=\"updated rich-snippet-hidden\">2023-10-05T07:45:51+02:00<\/span><div class=\"panel-heading\"><h4 id=\"faq_1-5672\" class=\"panel-title toggle\"><a data-toggle=\"collapse\" class=\"collapsed\" data-parent=\"#accordian-1\" data-target=\"#collapse-1-5672\" href=\"#collapse-1-5672\" aria-expanded=\"false\"><div class=\"fusion-toggle-icon-wrapper\"><div class=\"fusion-toggle-icon-wrapper-main\"><div class=\"fusion-toggle-icon-wrapper-sub\"><i class=\"fa-fusion-box active-icon awb-icon-minus\" aria-hidden=\"true\"><\/i><i class=\"fa-fusion-box inactive-icon awb-icon-plus\" aria-hidden=\"true\"><\/i><\/div><\/div><\/div><div class=\"fusion-toggle-heading\">L\u00e4rm durch Kollegen: Was kann ich tun?<\/div><\/a><\/h4><\/div><div id=\"collapse-1-5672\" aria-labelledby=\"faq_1-5672\" class=\"panel-collapse collapse\"><div class=\"panel-body toggle-content post-content\"><p>R\u00fccksicht im B\u00fcro ist das A und O, was vor allem f\u00fcr das Thema L\u00e4rmschutz gilt. Wenn Kollegen am Arbeitsplatz zu laut sind, sollten Sie daher das Gespr\u00e4ch suchen und ihnen h\u00f6flich mitteilen, dass Sie ihr Verhalten als zu laut empfinden \u2013 immerhin ist L\u00e4rmempfinden individuell.<\/p>\n<\/div><\/div><\/div><div class=\"fusion-panel fusion-toggle-no-divider fusion-toggle-boxed-mode panel-default fusion-faq-post fusion-faq-post-5670 laerm-im-buero \"><span class=\"entry-title rich-snippet-hidden\">Wie viel Dezibel sind am Arbeitsplatz erlaubt?<\/span><span class=\"vcard rich-snippet-hidden\"><span class=\"fn\"><a href=\"https:\/\/schultz.de\/ratgeber\/author\/schultz-blog_admin\/\" title=\"Beitr\u00e4ge von Nicolas Schultz\" rel=\"author\">Nicolas Schultz<\/a><\/span><\/span><span class=\"updated rich-snippet-hidden\">2023-10-05T07:46:09+02:00<\/span><div class=\"panel-heading\"><h4 id=\"faq_1-5670\" class=\"panel-title toggle\"><a data-toggle=\"collapse\" class=\"collapsed\" data-parent=\"#accordian-1\" data-target=\"#collapse-1-5670\" href=\"#collapse-1-5670\" aria-expanded=\"false\"><div class=\"fusion-toggle-icon-wrapper\"><div class=\"fusion-toggle-icon-wrapper-main\"><div class=\"fusion-toggle-icon-wrapper-sub\"><i class=\"fa-fusion-box active-icon awb-icon-minus\" aria-hidden=\"true\"><\/i><i class=\"fa-fusion-box inactive-icon awb-icon-plus\" aria-hidden=\"true\"><\/i><\/div><\/div><\/div><div class=\"fusion-toggle-heading\">Wie viel Dezibel sind am Arbeitsplatz erlaubt?<\/div><\/a><\/h4><\/div><div id=\"collapse-1-5670\" aria-labelledby=\"faq_1-5670\" class=\"panel-collapse collapse\"><div class=\"panel-body toggle-content post-content\"><p>Laut Arbeitsplatzverordnung d\u00fcrfen 55 dB im B\u00fcro nicht \u00fcberschritten werden.<\/p>\n<\/div><\/div><\/div><div class=\"fusion-panel fusion-toggle-no-divider fusion-toggle-boxed-mode panel-default fusion-faq-post fusion-faq-post-5668 laerm-im-buero \"><span class=\"entry-title rich-snippet-hidden\">Wie k\u00f6nnen Arbeitnehmer zur L\u00e4rmreduktion beitragen?<\/span><span class=\"vcard rich-snippet-hidden\"><span class=\"fn\"><a href=\"https:\/\/schultz.de\/ratgeber\/author\/schultz-blog_admin\/\" title=\"Beitr\u00e4ge von Nicolas Schultz\" rel=\"author\">Nicolas Schultz<\/a><\/span><\/span><span class=\"updated rich-snippet-hidden\">2023-10-05T07:46:24+02:00<\/span><div class=\"panel-heading\"><h4 id=\"faq_1-5668\" class=\"panel-title toggle\"><a data-toggle=\"collapse\" class=\"collapsed\" data-parent=\"#accordian-1\" data-target=\"#collapse-1-5668\" href=\"#collapse-1-5668\" aria-expanded=\"false\"><div class=\"fusion-toggle-icon-wrapper\"><div class=\"fusion-toggle-icon-wrapper-main\"><div class=\"fusion-toggle-icon-wrapper-sub\"><i class=\"fa-fusion-box active-icon awb-icon-minus\" aria-hidden=\"true\"><\/i><i class=\"fa-fusion-box inactive-icon awb-icon-plus\" aria-hidden=\"true\"><\/i><\/div><\/div><\/div><div class=\"fusion-toggle-heading\">Wie k\u00f6nnen Arbeitnehmer zur L\u00e4rmreduktion beitragen?<\/div><\/a><\/h4><\/div><div id=\"collapse-1-5668\" aria-labelledby=\"faq_1-5668\" class=\"panel-collapse collapse\"><div class=\"panel-body toggle-content post-content\"><p>Auch die Mitarbeiter haben einen Einfluss auf die L\u00e4rmbelastung im B\u00fcro. Sie k\u00f6nnen diese mit einem r\u00fccksichtsvollen Verhalten erheblich reduzieren, z. B. indem sie sich bem\u00fchen, nicht \u00fcberm\u00e4\u00dfig laut zu sprechen, und l\u00e4ngere Gespr\u00e4che m\u00f6glichst in einiger Entfernung zu den Kollegen f\u00fchren. Arbeitnehmer k\u00f6nnen dies unterst\u00fctzen, indem sie daf\u00fcr separate R\u00e4ume zur Verf\u00fcgung stellen aus.<\/p>\n<p>Des Weiteren wirkt sich auch die Arbeitsorganisation auf die L\u00e4rmbildung aus. Pausen, Arbeitszeiten und Besprechungen sollten vom Arbeitgeber gut geregelt werden. Arbeitnehmer sollten ihre Pausen nicht im B\u00fcro verbringen m\u00fcssen. Wie f\u00fcr Besprechungen sollte auch f\u00fcr Pausen ein separater Raum zur Verf\u00fcgung stehen.<\/p>\n<p>Eine gute M\u00f6glichkeit, den durch Mitarbeiter erzeugten L\u00e4rm zu reduzieren, ist die Option, im Home-Office zu arbeiten. K\u00f6nnen Arbeitnehmer ihrer T\u00e4tigkeit auch von zu Hause aus nachgehen, halten sich im B\u00fcro weniger Personen auf. Dadurch senken Sie die Lautst\u00e4rke ebenfalls.<\/p>\n<p>&nbsp;<\/p>\n<\/div><\/div><\/div><div class=\"fusion-panel fusion-toggle-no-divider fusion-toggle-boxed-mode panel-default fusion-faq-post fusion-faq-post-5666 laerm-im-buero \"><span class=\"entry-title rich-snippet-hidden\">Wie entsteht L\u00e4rm im B\u00fcro?<\/span><span class=\"vcard rich-snippet-hidden\"><span class=\"fn\"><a href=\"https:\/\/schultz.de\/ratgeber\/author\/schultz-blog_admin\/\" title=\"Beitr\u00e4ge von Nicolas Schultz\" rel=\"author\">Nicolas Schultz<\/a><\/span><\/span><span class=\"updated rich-snippet-hidden\">2023-10-05T07:46:41+02:00<\/span><div class=\"panel-heading\"><h4 id=\"faq_1-5666\" class=\"panel-title toggle\"><a data-toggle=\"collapse\" class=\"collapsed\" data-parent=\"#accordian-1\" data-target=\"#collapse-1-5666\" href=\"#collapse-1-5666\" aria-expanded=\"false\"><div class=\"fusion-toggle-icon-wrapper\"><div class=\"fusion-toggle-icon-wrapper-main\"><div class=\"fusion-toggle-icon-wrapper-sub\"><i class=\"fa-fusion-box active-icon awb-icon-minus\" aria-hidden=\"true\"><\/i><i class=\"fa-fusion-box inactive-icon awb-icon-plus\" aria-hidden=\"true\"><\/i><\/div><\/div><\/div><div class=\"fusion-toggle-heading\">Wie entsteht L\u00e4rm im B\u00fcro?<\/div><\/a><\/h4><\/div><div id=\"collapse-1-5666\" aria-labelledby=\"faq_1-5666\" class=\"panel-collapse collapse\"><div class=\"panel-body toggle-content post-content\"><p>Viele denken bei L\u00e4rm zun\u00e4chst an Verkehrsl\u00e4rm oder eine hohe Lautst\u00e4rke bei Musikveranstaltungen. Aber auch im B\u00fcro kann L\u00e4rm eine ernstzunehmende Gefahr darstellen, denn dort k\u00f6nnen bis zu 70 dB an Lautst\u00e4rke erreicht werden. B\u00fcrol\u00e4rm ist typischerweise die Summe aus:<\/p>\n<p>sprechenden Menschen, zum Beispiel am Telefon<\/p>\n<p>klingelnden Telefonen<\/p>\n<p>Ger\u00e4uschen von Druckern und Kopierern<\/p>\n<p>Schritten<\/p>\n<p>Tippen auf der Computertastatur<\/p>\n<p>All diese Ger\u00e4usche, die zum Arbeitsalltag im B\u00fcro einfach dazugeh\u00f6ren, k\u00f6nnen in ihrer Gesamtheit zu L\u00e4rm f\u00fchren.<\/p>\n<\/div><\/div><\/div><div class=\"fusion-panel fusion-toggle-no-divider fusion-toggle-boxed-mode panel-default fusion-faq-post fusion-faq-post-5664 laerm-im-buero \"><span class=\"entry-title rich-snippet-hidden\">Was ist L\u00e4rm?<\/span><span class=\"vcard rich-snippet-hidden\"><span class=\"fn\"><a href=\"https:\/\/schultz.de\/ratgeber\/author\/schultz-blog_admin\/\" title=\"Beitr\u00e4ge von Nicolas Schultz\" rel=\"author\">Nicolas Schultz<\/a><\/span><\/span><span class=\"updated rich-snippet-hidden\">2023-10-05T07:46:58+02:00<\/span><div class=\"panel-heading\"><h4 id=\"faq_1-5664\" class=\"panel-title toggle\"><a data-toggle=\"collapse\" class=\"collapsed\" data-parent=\"#accordian-1\" data-target=\"#collapse-1-5664\" href=\"#collapse-1-5664\" aria-expanded=\"false\"><div class=\"fusion-toggle-icon-wrapper\"><div class=\"fusion-toggle-icon-wrapper-main\"><div class=\"fusion-toggle-icon-wrapper-sub\"><i class=\"fa-fusion-box active-icon awb-icon-minus\" aria-hidden=\"true\"><\/i><i class=\"fa-fusion-box inactive-icon awb-icon-plus\" aria-hidden=\"true\"><\/i><\/div><\/div><\/div><div class=\"fusion-toggle-heading\">Was ist L\u00e4rm?<\/div><\/a><\/h4><\/div><div id=\"collapse-1-5664\" aria-labelledby=\"faq_1-5664\" class=\"panel-collapse collapse\"><div class=\"panel-body toggle-content post-content\"><p>L\u00e4rm ist zun\u00e4chst einmal subjektiv. Was die eine als L\u00e4rm empfindet, st\u00f6rt den anderen nicht. Er ist also nicht nur von der Lautst\u00e4rke von Ger\u00e4uschen abh\u00e4ngig, sondern auch von der individuellen L\u00e4rmempfindlichkeit. Dennoch ist die Lautst\u00e4rke ein guter Indikator f\u00fcr L\u00e4rm und l\u00e4sst sich subjektiv in Dezibel messen.<\/p>\n<\/div><\/div><\/div><\/div><\/div><\/div><\/div><div class=\"fusion-title title fusion-title-41 fusion-sep-none fusion-title-text fusion-title-size-two\"><h2 class=\"fusion-title-heading title-heading-left fusion-responsive-typography-calculated\" style=\"margin:0;--fontSize:53;line-height:1.1;\">Fazit<\/h2><\/div><div class=\"fusion-text fusion-text-50\"><p>L\u00e4rm kann die Gesundheit massiv beeintr\u00e4chtigen. Am Arbeitsplatz l\u00e4sst sich eine bestimmte Ger\u00e4uschkulisse jedoch nur schwer vermeiden. Umso wichtiger ist es, f\u00fcr L\u00e4rmschutz zu sorgen. Durch Messungen l\u00e4sst sich die tats\u00e4chliche Belastung feststellen, damit die Unternehmensleitung entsprechende Ma\u00dfnahmen ergreifen kann.<\/p>\n<p>Eine l\u00e4rmarme Arbeitsumgebung f\u00f6rdert die Gesundheit und das Wohlbefinden der Mitarbeiter. Zudem werden die Leistungsf\u00e4higkeit und Produktivit\u00e4t gesteigert, was auch dem Unternehmen zugutekommt.<\/p>\n<p>Da mehr und mehr Menschen ein Bewusstsein daf\u00fcr bekommen, wie sch\u00e4dlich L\u00e4rm am B\u00fcroarbeitsplatz ist, d\u00fcrfen wir in Zukunft mit neuen Innovationen im Bereich L\u00e4rmschutz rechnen. Vor allem Hersteller von B\u00fcrom\u00f6beln achten bei ihren Designs vermehrt auf diesen Aspekt.<\/p>\n<\/div><div class=\"fusion-builder-row fusion-builder-row-inner fusion-row fusion-flex-align-items-flex-start fusion-flex-justify-content-center fusion-flex-content-wrap\" style=\"width:104% !important;max-width:104% !important;margin-left: calc(-4% \/ 2 );margin-right: calc(-4% \/ 2 );\"><div class=\"fusion-layout-column fusion_builder_column_inner fusion-builder-nested-column-2 fusion_builder_column_inner_1_1 1_1 fusion-flex-column quellenangaben\" style=\"--awb-bg-size:cover;--awb-width-large:100%;--awb-margin-top-large:0px;--awb-spacing-right-large:1.92%;--awb-margin-bottom-large:0px;--awb-spacing-left-large:1.92%;--awb-width-medium:100%;--awb-order-medium:0;--awb-spacing-right-medium:1.92%;--awb-spacing-left-medium:1.92%;--awb-width-small:100%;--awb-order-small:0;--awb-spacing-right-small:1.92%;--awb-spacing-left-small:1.92%;\"><div class=\"fusion-column-wrapper fusion-column-has-shadow fusion-flex-justify-content-flex-start fusion-content-layout-column\"><div class=\"fusion-title title fusion-title-42 fusion-sep-none fusion-title-text fusion-title-size-two\" style=\"--awb-margin-bottom:0px;\"><h2 class=\"fusion-title-heading title-heading-left fusion-responsive-typography-calculated\" style=\"margin:0;--fontSize:53;line-height:1.1;\">Quellen<\/h2><\/div><div class=\"fusion-text fusion-text-51\"><ol>\n<li>https:\/\/www.planet-wissen.de\/gesellschaft\/wohnen\/wohnen_und_gesundheit\/pwielaermmachtkrank100.html<\/li>\n<li>https:\/\/www.umweltbundesamt.de\/themen\/laerm\/laermwirkungen#:~<br \/>\n:text=L%C3%A4rm%20beeintr%C3%A4chtigt%20auch%20die%20Gesundheit,in<br \/>\n%20Stoffwechselvorg%C3%A4nge%20des%20K%C3%B6rpers%20eingreifen.<\/li>\n<li>https:\/\/www.zeitblueten.com\/news\/laerm-reduzieren-im-buero\/#:~:text=L%C3%A4rmverursacher%20im%20B%C3%BCro,allem%20<br \/>\ntypisch%20f%C3%BCr%20ein%20Gro%C3%9Fraumb%C3%BCro.<\/li>\n<li>https:\/\/www.arbeitsplatz-laerm.de\/fachinfos\/ermittlung-der-l%C3%A4rmexposition\/<\/li>\n<li>https:\/\/www.baua.de\/DE\/Angebote\/Regelwerk\/ASR\/ASR-A3-7.html<\/li>\n<li>https:\/\/www.umweltmesstechnik-bayreuth.de\/schall\/laerm-am-arbeitsplatz.php<\/li>\n<li>https:\/\/www.bghm.de\/arbeitsschuetzer\/fach-themen\/laerm-und-vibrationen\/laerm<\/li>\n<li>https:\/\/www.gesetze-im-internet.de\/l_rmvibrationsarbschv\/<\/li>\n<li>https:\/\/www.weka.de\/betriebsrat-personalrat\/laerm-das-kann-der-betriebsrat-tun\/<\/li>\n<li>https:\/\/www.barmer.de\/firmenkunden\/gesund-arbeiten\/gesundheit-im-beruf\/laermschutz-<br \/>\nim-buero-1056856#:~:text=Um%20Stress%20durch%20L%C3%A4rm%20zu,f%C3%BCr%20%22<br \/>\nvorwiegend%20geistige%20T%C3%A4tigkeiten%22.<\/li>\n<\/ol>\n<\/div><\/div><\/div><\/div><\/div><\/div><div class=\"fusion-layout-column fusion_builder_column fusion-builder-column-25 fusion_builder_column_1_6 1_6 fusion-flex-column\" style=\"--awb-bg-size:cover;--awb-width-large:16.666666666667%;--awb-margin-top-large:0px;--awb-spacing-right-large:11.52%;--awb-margin-bottom-large:20px;--awb-spacing-left-large:11.52%;--awb-width-medium:100%;--awb-order-medium:0;--awb-spacing-right-medium:1.92%;--awb-spacing-left-medium:1.92%;--awb-width-small:100%;--awb-order-small:0;--awb-spacing-right-small:1.92%;--awb-spacing-left-small:1.92%;\"><div class=\"fusion-column-wrapper fusion-column-has-shadow fusion-flex-justify-content-flex-start fusion-content-layout-column\"><\/div><\/div><\/div><\/div><div class=\"fusion-fullwidth fullwidth-box fusion-builder-row-5 fusion-flex-container has-pattern-background has-mask-background nonhundred-percent-fullwidth non-hundred-percent-height-scrolling\" style=\"--link_hover_color: var(--awb-color5);--link_color: var(--awb-color6);--awb-border-sizes-top:0px;--awb-border-sizes-bottom:0px;--awb-border-sizes-left:0px;--awb-border-sizes-right:0px;--awb-border-radius-top-left:0px;--awb-border-radius-top-right:0px;--awb-border-radius-bottom-right:0px;--awb-border-radius-bottom-left:0px;--awb-padding-top:40px;--awb-padding-right:40px;--awb-padding-bottom:40px;--awb-padding-left:40px;--awb-padding-top-small:20px;--awb-padding-right-small:20px;--awb-padding-bottom-small:20px;--awb-padding-left-small:20px;--awb-background-color:var(--awb-color1);--awb-flex-wrap:wrap;\" ><div class=\"fusion-builder-row fusion-row fusion-flex-align-items-stretch fusion-flex-content-wrap\" style=\"max-width:1248px;margin-left: calc(-4% \/ 2 );margin-right: calc(-4% \/ 2 );\"><div class=\"fusion-layout-column fusion_builder_column fusion-builder-column-26 fusion_builder_column_1_1 1_1 fusion-flex-column autor fusion-animated\" style=\"--awb-padding-right:20px;--awb-padding-left:20px;--awb-padding-left-small:0px;--awb-bg-blend:overlay;--awb-bg-size:cover;--awb-box-shadow:5px 0px 8px 0px hsla(var(--awb-color8-h),var(--awb-color8-s),calc( var(--awb-color8-l) - 9% ),calc( var(--awb-color8-a) - 95% ));;--awb-border-color:var(--awb-color5);--awb-border-top:2px;--awb-border-style:solid;--awb-width-large:100%;--awb-margin-top-large:25px;--awb-spacing-right-large:1.44%;--awb-margin-bottom-large:20px;--awb-spacing-left-large:1.44%;--awb-width-medium:100%;--awb-order-medium:0;--awb-spacing-right-medium:1.44%;--awb-spacing-left-medium:1.44%;--awb-width-small:100%;--awb-order-small:0;--awb-margin-top-small:0;--awb-spacing-right-small:0px;--awb-margin-bottom-small:0;--awb-spacing-left-small:1.92%;\" data-animationType=\"fadeInUp\" data-animationDuration=\"1.5\" data-animationOffset=\"top-into-view\"><div class=\"fusion-column-wrapper fusion-column-has-shadow fusion-flex-justify-content-flex-start fusion-content-layout-column\"><div class=\"fusion-text fusion-text-52\" style=\"--awb-font-size:20px;--awb-text-transform:uppercase;--awb-text-color:var(--awb-color7);--awb-margin-top:20px;\"><p><strong>\u00dcber den Autor<\/strong><\/p>\n<\/div><div class=\"fusion-builder-row fusion-builder-row-inner fusion-row fusion-flex-align-items-stretch fusion-flex-content-wrap\" style=\"width:104% !important;max-width:104% !important;margin-left: calc(-4% \/ 2 );margin-right: calc(-4% \/ 2 );\"><div class=\"fusion-layout-column fusion_builder_column_inner fusion-builder-nested-column-3 fusion-flex-column fusion-flex-align-self-stretch\" style=\"--awb-bg-position:center center;--awb-bg-size:cover;--awb-width-large:11%;--awb-margin-top-large:0px;--awb-spacing-right-large:17.454545454545%;--awb-margin-bottom-large:0px;--awb-spacing-left-large:17.454545454545%;--awb-width-medium:20%;--awb-order-medium:0;--awb-spacing-right-medium:9.6%;--awb-spacing-left-medium:9.6%;--awb-width-small:100%;--awb-order-small:0;--awb-spacing-right-small:1.92%;--awb-spacing-left-small:1.92%;\"><div class=\"fusion-column-wrapper fusion-column-has-shadow fusion-flex-justify-content-flex-start fusion-content-layout-column\"><div class=\"fusion-image-element \" style=\"--awb-caption-title-font-family:var(--h2_typography-font-family);--awb-caption-title-font-weight:var(--h2_typography-font-weight);--awb-caption-title-font-style:var(--h2_typography-font-style);--awb-caption-title-size:var(--h2_typography-font-size);--awb-caption-title-transform:var(--h2_typography-text-transform);--awb-caption-title-line-height:var(--h2_typography-line-height);--awb-caption-title-letter-spacing:var(--h2_typography-letter-spacing);\"><span class=\" fusion-imageframe imageframe-none imageframe-8 hover-type-none\"><img decoding=\"async\" src=\"https:\/\/schultz.de\/ratgeber\/wp-content\/uploads\/2023\/03\/cropped-team5-white-square-96x96.png\" alt class=\"img-responsive\"\/><\/span><\/div><\/div><\/div><div class=\"fusion-layout-column fusion_builder_column_inner fusion-builder-nested-column-4 fusion-flex-column fusion-flex-align-self-stretch\" style=\"--awb-bg-size:cover;--awb-width-large:89%;--awb-margin-top-large:0px;--awb-spacing-right-large:2.1573033707865%;--awb-margin-bottom-large:0px;--awb-spacing-left-large:2.1573033707865%;--awb-width-medium:80%;--awb-order-medium:0;--awb-spacing-right-medium:2.4%;--awb-spacing-left-medium:2.4%;--awb-width-small:100%;--awb-order-small:0;--awb-spacing-right-small:1.92%;--awb-spacing-left-small:1.92%;\"><div class=\"fusion-column-wrapper fusion-column-has-shadow fusion-flex-justify-content-flex-start fusion-content-layout-column\"><div class=\"fusion-title title fusion-title-43 fusion-sep-none fusion-title-text fusion-title-size-paragraph\" style=\"--awb-margin-bottom:0px;--awb-margin-bottom-small:0px;--awb-font-size:var(--awb-typography4-font-size);\"><p class=\"fusion-title-heading title-heading-left title-heading-tag fusion-responsive-typography-calculated\" style=\"font-family:&quot;Sofia Pro Regular&quot;;font-style:normal;font-weight:400;margin:0;letter-spacing:var(--awb-typography4-letter-spacing);text-transform:var(--awb-typography4-text-transform);font-size:1em;--fontSize:16;--minFontSize:16;line-height:var(--awb-typography4-line-height);\">Nicolas Schultz<\/p><\/div><div class=\"fusion-text fusion-text-53 autor-description\"><p>Gesch\u00e4ftsf\u00fchrer<\/p>\n<p>Durch seine Erfahrung und sein Fachwissen in der M\u00f6belbranche wei\u00df Nicolas, wie wichtig die richtige Ergonomie f\u00fcr die Gesundheit und Fitness der Menschen ist. Sein Ziel ist es, dass jeder Kunde gesund und fit bleibt und seine Arbeit oder sein Leben ohne Schmerzen und Beschwerden genie\u00dfen kann.\nNeben seiner Leidenschaft f\u00fcr die Arbeit als Gesch\u00e4ftsf\u00fchrer f\u00e4hrt er gerne mit dem Fahrrad durch den Wald und liebt es, neue Orte zu entdecken. Sein Interesse f\u00fcr das Reisen hat ihm wertvolle Einblicke in verschiedene Kulturen und Lebensweisen gegeben.<\/p>\n<\/div><\/div><\/div><\/div><\/div><\/div>\n<\/div><\/div><div class=\"fusion-fullwidth fullwidth-box fusion-builder-row-6 fusion-flex-container has-pattern-background has-mask-background post-newsletter nonhundred-percent-fullwidth non-hundred-percent-height-scrolling fusion-animated\" style=\"--awb-border-radius-top-left:0px;--awb-border-radius-top-right:0px;--awb-border-radius-bottom-right:0px;--awb-border-radius-bottom-left:0px;--awb-padding-top:30px;--awb-padding-bottom-small:20px;--awb-flex-wrap:wrap;\" data-animationType=\"fadeInUp\" data-animationDuration=\"1.5\" data-animationOffset=\"top-into-view\" ><div class=\"fusion-builder-row fusion-row fusion-flex-align-items-stretch fusion-flex-justify-content-center fusion-flex-content-wrap\" style=\"max-width:1248px;margin-left: calc(-4% \/ 2 );margin-right: calc(-4% \/ 2 );\"><div class=\"fusion-layout-column fusion_builder_column fusion-builder-column-27 fusion_builder_column_1_1 1_1 fusion-flex-column\" style=\"--awb-bg-color:var(--awb-color2);--awb-bg-color-hover:var(--awb-color2);--awb-bg-size:cover;--awb-width-large:100%;--awb-margin-top-large:40px;--awb-spacing-right-large:1.92%;--awb-margin-bottom-large:20px;--awb-spacing-left-large:1.92%;--awb-width-medium:100%;--awb-order-medium:0;--awb-spacing-right-medium:1.92%;--awb-spacing-left-medium:1.92%;--awb-width-small:100%;--awb-order-small:0;--awb-spacing-right-small:1.92%;--awb-spacing-left-small:1.92%;\"><div class=\"fusion-column-wrapper fusion-column-has-shadow fusion-flex-justify-content-flex-start fusion-content-layout-column\"><div class=\"fusion-builder-row fusion-builder-row-inner fusion-row fusion-flex-align-items-stretch fusion-flex-justify-content-center fusion-flex-content-wrap\" style=\"width:104% !important;max-width:104% !important;margin-left: calc(-4% \/ 2 );margin-right: calc(-4% \/ 2 );\"><div class=\"fusion-layout-column fusion_builder_column_inner fusion-builder-nested-column-5 fusion_builder_column_inner_1_4 1_4 fusion-flex-column\" style=\"--awb-bg-image:url(&#039;https:\/\/schultz.de\/ratgeber\/wp-content\/uploads\/2023\/03\/popup-bg.jpg&#039;);--awb-bg-position:center center;--awb-bg-size:cover;--awb-width-large:25%;--awb-margin-top-large:0px;--awb-spacing-right-large:7.68%;--awb-margin-bottom-large:0px;--awb-spacing-left-large:7.68%;--awb-width-medium:25%;--awb-order-medium:0;--awb-spacing-right-medium:7.68%;--awb-spacing-left-medium:7.68%;--awb-width-small:100%;--awb-order-small:0;--awb-spacing-right-small:1.92%;--awb-spacing-left-small:1.92%;\"><div class=\"fusion-column-wrapper fusion-column-has-shadow fusion-flex-justify-content-flex-start fusion-content-layout-column fusion-empty-column-bg-image fusion-column-has-bg-image\" data-bg-url=\"https:\/\/schultz.de\/ratgeber\/wp-content\/uploads\/2023\/03\/popup-bg.jpg\"><img decoding=\"async\" class=\"fusion-empty-dims-img-placeholder fusion-no-large-visibility fusion-no-medium-visibility\" src=\"data:image\/gif;base64,R0lGODlhAQABAAAAACH5BAEKAAEALAAAAAABAAEAAAICTAEAOw==\"><\/div><\/div><div class=\"fusion-layout-column fusion_builder_column_inner fusion-builder-nested-column-6 fusion_builder_column_inner_3_4 3_4 fusion-flex-column\" style=\"--awb-padding-top:40px;--awb-padding-top-small:40px;--awb-padding-right-small:20px;--awb-padding-left-small:20px;--awb-bg-size:cover;--awb-width-large:75%;--awb-margin-top-large:0px;--awb-spacing-right-large:2.56%;--awb-margin-bottom-large:20px;--awb-spacing-left-large:2.56%;--awb-width-medium:75%;--awb-order-medium:0;--awb-spacing-right-medium:2.56%;--awb-spacing-left-medium:2.56%;--awb-width-small:100%;--awb-order-small:0;--awb-spacing-right-small:1.92%;--awb-spacing-left-small:1.92%;\" data-scroll-devices=\"small-visibility,medium-visibility,large-visibility\"><div class=\"fusion-column-wrapper fusion-column-has-shadow fusion-flex-justify-content-flex-start fusion-content-layout-column\"><div class=\"fusion-title title fusion-title-44 fusion-sep-none fusion-title-text fusion-title-size-div\" style=\"--awb-text-color:var(--awb-color7);--awb-margin-top:0px;--awb-margin-bottom:0px;--awb-margin-bottom-small:0px;--awb-font-size:30px;\"><div class=\"fusion-title-heading title-heading-left title-heading-tag fusion-responsive-typography-calculated\" style=\"font-family:var(--awb-typography1-font-family);font-weight:var(--awb-typography1-font-weight);font-style:var(--awb-typography1-font-style);margin:0;letter-spacing:var(--awb-typography1-letter-spacing);text-transform:var(--awb-typography1-text-transform);font-size:1em;--fontSize:30;line-height:1.1;\">Erhalten Sie 5 % Rabatt auf Ihre erste Bestellung<\/div><\/div><div class=\"fusion-separator\" style=\"align-self: flex-start;margin-right:auto;margin-top:15px;margin-bottom:15px;width:100%;max-width:100px;\"><div class=\"fusion-separator-border sep-single sep-solid\" style=\"--awb-height:20px;--awb-amount:20px;--awb-sep-color:var(--awb-color4);border-color:var(--awb-color4);border-top-width:1px;\"><\/div><\/div><ul style=\"--awb-item-padding-top:0px;--awb-line-height:27.2px;--awb-icon-width:27.2px;--awb-icon-height:27.2px;--awb-icon-margin:11.2px;--awb-content-margin:38.4px;\" class=\"fusion-checklist fusion-checklist-5 type-icons newsletter-checklist\"><li class=\"fusion-li-item\" style=\"\"><span class=\"icon-wrapper circle-no\"><i class=\"fusion-li-icon fa-check fas\" aria-hidden=\"true\"><\/i><\/span><div class=\"fusion-li-item-content\">\n<p>Newsletter abonnieren \u2013 Rabatt erhalten<\/p>\n<\/div><\/li><li class=\"fusion-li-item\" style=\"\"><span class=\"icon-wrapper circle-no\"><i class=\"fusion-li-icon fa-check fas\" aria-hidden=\"true\"><\/i><\/span><div class=\"fusion-li-item-content\">\n<p>Sonderangebote und Neuheiten per E-Mail<\/p>\n<\/div><\/li><li class=\"fusion-li-item\" style=\"\"><span class=\"icon-wrapper circle-no\"><i class=\"fusion-li-icon fa-check fas\" aria-hidden=\"true\"><\/i><\/span><div class=\"fusion-li-item-content\">\n<p>Kostenlos &amp; jederzeit abbestellbar<\/p>\n<\/div><\/li><\/ul><div ><a class=\"fusion-button button-flat fusion-button-default-size button-default fusion-button-default button-3 fusion-button-default-span fusion-button-default-type\" style=\"--button_margin-top:20px;\" target=\"_blank\" rel=\"noopener noreferrer\" href=\"https:\/\/schultz.de\/newsletter\"><span class=\"fusion-button-text awb-button__text awb-button__text--default\">Newsletter abonnieren<\/span><\/a><\/div><\/div><\/div><\/div><\/div><\/div><div class=\"fusion-layout-column fusion_builder_column fusion-builder-column-28 fusion_builder_column_1_1 1_1 fusion-flex-column\" style=\"--awb-bg-size:cover;--awb-width-large:100%;--awb-margin-top-large:40px;--awb-spacing-right-large:1.92%;--awb-margin-bottom-large:20px;--awb-spacing-left-large:1.92%;--awb-width-medium:100%;--awb-order-medium:0;--awb-spacing-right-medium:1.92%;--awb-spacing-left-medium:1.92%;--awb-width-small:100%;--awb-order-small:0;--awb-spacing-right-small:1.92%;--awb-margin-bottom-small:0;--awb-spacing-left-small:1.92%;\"><div class=\"fusion-column-wrapper fusion-column-has-shadow fusion-flex-justify-content-flex-start fusion-content-layout-column\"> <div class=\"brlbs-cmpnt-container brlbs-cmpnt-content-blocker brlbs-cmpnt-with-individual-styles\" data-borlabs-cookie-content-blocker-id=\"elfsight\" data-borlabs-cookie-content=\"CjxzY3JpcHQgc3JjPSJodHRwczovL2FwcHMuZWxmc2lnaHQuY29tL3AvcGxhdGZvcm0uanMiIGRlZmVyPjwvc2NyaXB0Pgo8ZGl2IGNsYXNzPSJlbGZzaWdodC1hcHAtZTY4YmJlMzYtYjk0My00YzNhLTg0NjEtNmI2NmI1NDQxOWNlIj48L2Rpdj4K\"><div class=\"brlbs-cmpnt-cb-preset-a\"> <p class=\"brlbs-cmpnt-cb-description\">Sie sehen gerade einen Platzhalterinhalt von <strong>Elfsight<\/strong>. Um auf den eigentlichen Inhalt zuzugreifen, klicken Sie auf die Schaltfl\u00e4che unten. Bitte beachten Sie, dass dabei Daten an Drittanbieter weitergegeben werden.<\/p> <div class=\"brlbs-cmpnt-cb-buttons\"> <a class=\"brlbs-cmpnt-cb-btn\" href=\"#\" data-borlabs-cookie-unblock role=\"button\">Inhalt entsperren<\/a> <a class=\"brlbs-cmpnt-cb-btn\" href=\"#\" data-borlabs-cookie-accept-service role=\"button\" style=\"display: inherit\">Erforderlichen Service akzeptieren und Inhalte entsperren<\/a> <\/div> <a class=\"brlbs-cmpnt-cb-provider-toggle\" href=\"#\" data-borlabs-cookie-show-provider-information role=\"button\">Mehr Informationen<\/a> <\/div><\/div><\/div><\/div><\/div><\/div>\n<\/p>\n","protected":false},"excerpt":{"rendered":"","protected":false},"author":2,"featured_media":5627,"comment_status":"open","ping_status":"open","sticky":false,"template":"","format":"standard","meta":{"_acf_changed":false,"footnotes":""},"categories":[60],"tags":[],"class_list":["post-5249","post","type-post","status-publish","format-standard","has-post-thumbnail","hentry","category-ergonomie-im-buero"],"acf":[],"yoast_head":"<!-- This site is optimized with the Yoast SEO plugin v26.5 - https:\/\/yoast.com\/wordpress\/plugins\/seo\/ -->\n<title>L\u00e4rm im B\u00fcro mindern: Praktische Tipps und Ratschl\u00e4ge \u2b50<\/title>\n<meta name=\"description\" content=\"L\u00e4rm im B\u00fcro kann Produktivit\u00e4t &amp; Wohlbefinden beeintr\u00e4chtigen. \u27a4 Erfahren Sie, wie Sie die Ger\u00e4uschbelastung minimieren &amp; Ihr Arbeitsumfeld verbessern.\" \/>\n<meta name=\"robots\" content=\"index, follow, max-snippet:-1, max-image-preview:large, max-video-preview:-1\" \/>\n<link rel=\"canonical\" href=\"https:\/\/schultz.de\/ratgeber\/laerm-im-buero\/\" \/>\n<meta property=\"og:locale\" content=\"de_DE\" \/>\n<meta property=\"og:type\" content=\"article\" \/>\n<meta property=\"og:title\" content=\"L\u00e4rm im B\u00fcro mindern: Praktische Tipps und Ratschl\u00e4ge \u2b50\" \/>\n<meta property=\"og:description\" content=\"L\u00e4rm im B\u00fcro kann Produktivit\u00e4t &amp; Wohlbefinden beeintr\u00e4chtigen. \u27a4 Erfahren Sie, wie Sie die Ger\u00e4uschbelastung minimieren &amp; Ihr Arbeitsumfeld verbessern.\" \/>\n<meta property=\"og:url\" content=\"https:\/\/schultz.de\/ratgeber\/laerm-im-buero\/\" \/>\n<meta property=\"og:site_name\" content=\"Schultz Ratgeber\" \/>\n<meta property=\"article:publisher\" content=\"https:\/\/www.facebook.com\/schultz.de\/\" \/>\n<meta property=\"article:published_time\" content=\"2023-09-26T12:49:24+00:00\" \/>\n<meta property=\"article:modified_time\" content=\"2025-02-07T16:25:32+00:00\" \/>\n<meta property=\"og:image\" content=\"https:\/\/schultz.de\/ratgeber\/wp-content\/uploads\/2023\/09\/2023-06-27_Coworking_Cam_3_Fullsize-.jpg\" \/>\n\t<meta property=\"og:image:width\" content=\"1920\" \/>\n\t<meta property=\"og:image:height\" content=\"960\" \/>\n\t<meta property=\"og:image:type\" content=\"image\/jpeg\" \/>\n<meta name=\"author\" content=\"Nicolas Schultz\" \/>\n<script type=\"application\/ld+json\" class=\"yoast-schema-graph\">{\"@context\":\"https:\/\/schema.org\",\"@graph\":[{\"@type\":\"Article\",\"@id\":\"https:\/\/schultz.de\/ratgeber\/laerm-im-buero\/#article\",\"isPartOf\":{\"@id\":\"https:\/\/schultz.de\/ratgeber\/laerm-im-buero\/\"},\"author\":{\"name\":\"Nicolas Schultz\",\"@id\":\"https:\/\/schultz.de\/ratgeber\/#\/schema\/person\/fd10318afcbad7472f446bdd3d2a0af4\"},\"headline\":\"L\u00e4rm im B\u00fcro: So senken Sie die Lautst\u00e4rke und sch\u00fctzen Ihre Gesundheit\",\"datePublished\":\"2023-09-26T12:49:24+00:00\",\"dateModified\":\"2025-02-07T16:25:32+00:00\",\"mainEntityOfPage\":{\"@id\":\"https:\/\/schultz.de\/ratgeber\/laerm-im-buero\/\"},\"wordCount\":14409,\"commentCount\":0,\"publisher\":{\"@id\":\"https:\/\/schultz.de\/ratgeber\/#organization\"},\"image\":{\"@id\":\"https:\/\/schultz.de\/ratgeber\/laerm-im-buero\/#primaryimage\"},\"thumbnailUrl\":\"https:\/\/schultz.de\/ratgeber\/wp-content\/uploads\/2023\/09\/2023-06-27_Coworking_Cam_3_Fullsize-.webp\",\"articleSection\":[\"Ergonomie im B\u00fcro\"],\"inLanguage\":\"de\",\"potentialAction\":[{\"@type\":\"CommentAction\",\"name\":\"Comment\",\"target\":[\"https:\/\/schultz.de\/ratgeber\/laerm-im-buero\/#respond\"]}]},{\"@type\":\"WebPage\",\"@id\":\"https:\/\/schultz.de\/ratgeber\/laerm-im-buero\/\",\"url\":\"https:\/\/schultz.de\/ratgeber\/laerm-im-buero\/\",\"name\":\"L\u00e4rm im B\u00fcro mindern: Praktische Tipps und Ratschl\u00e4ge \u2b50\",\"isPartOf\":{\"@id\":\"https:\/\/schultz.de\/ratgeber\/#website\"},\"primaryImageOfPage\":{\"@id\":\"https:\/\/schultz.de\/ratgeber\/laerm-im-buero\/#primaryimage\"},\"image\":{\"@id\":\"https:\/\/schultz.de\/ratgeber\/laerm-im-buero\/#primaryimage\"},\"thumbnailUrl\":\"https:\/\/schultz.de\/ratgeber\/wp-content\/uploads\/2023\/09\/2023-06-27_Coworking_Cam_3_Fullsize-.webp\",\"datePublished\":\"2023-09-26T12:49:24+00:00\",\"dateModified\":\"2025-02-07T16:25:32+00:00\",\"description\":\"L\u00e4rm im B\u00fcro kann Produktivit\u00e4t & Wohlbefinden beeintr\u00e4chtigen. \u27a4 Erfahren Sie, wie Sie die Ger\u00e4uschbelastung minimieren & Ihr Arbeitsumfeld verbessern.\",\"breadcrumb\":{\"@id\":\"https:\/\/schultz.de\/ratgeber\/laerm-im-buero\/#breadcrumb\"},\"inLanguage\":\"de\",\"potentialAction\":[{\"@type\":\"ReadAction\",\"target\":[\"https:\/\/schultz.de\/ratgeber\/laerm-im-buero\/\"]}]},{\"@type\":\"ImageObject\",\"inLanguage\":\"de\",\"@id\":\"https:\/\/schultz.de\/ratgeber\/laerm-im-buero\/#primaryimage\",\"url\":\"https:\/\/schultz.de\/ratgeber\/wp-content\/uploads\/2023\/09\/2023-06-27_Coworking_Cam_3_Fullsize-.webp\",\"contentUrl\":\"https:\/\/schultz.de\/ratgeber\/wp-content\/uploads\/2023\/09\/2023-06-27_Coworking_Cam_3_Fullsize-.webp\",\"width\":1920,\"height\":960,\"caption\":\"Eine moderne Coworking-Space mit speziell eingerichteten Arbeitsbereichen und Ruhezonen, die zur L\u00e4rmreduktion beitragen.\"},{\"@type\":\"BreadcrumbList\",\"@id\":\"https:\/\/schultz.de\/ratgeber\/laerm-im-buero\/#breadcrumb\",\"itemListElement\":[{\"@type\":\"ListItem\",\"position\":1,\"name\":\"Home\",\"item\":\"https:\/\/schultz.de\/ratgeber\/\"},{\"@type\":\"ListItem\",\"position\":2,\"name\":\"L\u00e4rm im B\u00fcro: So senken Sie die Lautst\u00e4rke und sch\u00fctzen Ihre Gesundheit\"}]},{\"@type\":\"WebSite\",\"@id\":\"https:\/\/schultz.de\/ratgeber\/#website\",\"url\":\"https:\/\/schultz.de\/ratgeber\/\",\"name\":\"SCHULTZ Ratgeber\",\"description\":\"\",\"publisher\":{\"@id\":\"https:\/\/schultz.de\/ratgeber\/#organization\"},\"potentialAction\":[{\"@type\":\"SearchAction\",\"target\":{\"@type\":\"EntryPoint\",\"urlTemplate\":\"https:\/\/schultz.de\/ratgeber\/?s={search_term_string}\"},\"query-input\":{\"@type\":\"PropertyValueSpecification\",\"valueRequired\":true,\"valueName\":\"search_term_string\"}}],\"inLanguage\":\"de\"},{\"@type\":\"Organization\",\"@id\":\"https:\/\/schultz.de\/ratgeber\/#organization\",\"name\":\"SCHULTZ\",\"url\":\"https:\/\/schultz.de\/ratgeber\/\",\"logo\":{\"@type\":\"ImageObject\",\"inLanguage\":\"de\",\"@id\":\"https:\/\/schultz.de\/ratgeber\/#\/schema\/logo\/image\/\",\"url\":\"\",\"contentUrl\":\"\",\"caption\":\"SCHULTZ\"},\"image\":{\"@id\":\"https:\/\/schultz.de\/ratgeber\/#\/schema\/logo\/image\/\"},\"sameAs\":[\"https:\/\/www.facebook.com\/schultz.de\/\",\"https:\/\/www.linkedin.com\/company\/schultz-moebel\/\",\"https:\/\/www.instagram.com\/schultz_bueromoebel\/\",\"https:\/\/www.youtube.com\/user\/SchultzEinrichtungen\"]},{\"@type\":\"Person\",\"@id\":\"https:\/\/schultz.de\/ratgeber\/#\/schema\/person\/fd10318afcbad7472f446bdd3d2a0af4\",\"name\":\"Nicolas Schultz\",\"image\":{\"@type\":\"ImageObject\",\"inLanguage\":\"de\",\"@id\":\"https:\/\/schultz.de\/ratgeber\/#\/schema\/person\/image\/\",\"url\":\"https:\/\/schultz.de\/ratgeber\/wp-content\/uploads\/2023\/03\/cropped-team5-white-square-96x96.png\",\"contentUrl\":\"https:\/\/schultz.de\/ratgeber\/wp-content\/uploads\/2023\/03\/cropped-team5-white-square-96x96.png\",\"caption\":\"Nicolas Schultz\"},\"description\":\"Gesch\u00e4ftsf\u00fchrer Durch seine Erfahrung und sein Fachwissen in der M\u00f6belbranche wei\u00df Nicolas, wie wichtig die richtige Ergonomie f\u00fcr die Gesundheit und Fitness der Menschen ist. Sein Ziel ist es, dass jeder Kunde gesund und fit bleibt und seine Arbeit oder sein Leben ohne Schmerzen und Beschwerden genie\u00dfen kann. Neben seiner Leidenschaft f\u00fcr die Arbeit als Gesch\u00e4ftsf\u00fchrer f\u00e4hrt er gerne mit dem Fahrrad durch den Wald und liebt es, neue Orte zu entdecken. Sein Interesse f\u00fcr das Reisen hat ihm wertvolle Einblicke in verschiedene Kulturen und Lebensweisen gegeben.\",\"url\":\"https:\/\/schultz.de\/ratgeber\/author\/schultz-blog_admin\/\"}]}<\/script>\n<!-- \/ Yoast SEO plugin. -->","yoast_head_json":{"title":"L\u00e4rm im B\u00fcro mindern: Praktische Tipps und Ratschl\u00e4ge \u2b50","description":"L\u00e4rm im B\u00fcro kann Produktivit\u00e4t & Wohlbefinden beeintr\u00e4chtigen. \u27a4 Erfahren Sie, wie Sie die Ger\u00e4uschbelastung minimieren & Ihr Arbeitsumfeld verbessern.","robots":{"index":"index","follow":"follow","max-snippet":"max-snippet:-1","max-image-preview":"max-image-preview:large","max-video-preview":"max-video-preview:-1"},"canonical":"https:\/\/schultz.de\/ratgeber\/laerm-im-buero\/","og_locale":"de_DE","og_type":"article","og_title":"L\u00e4rm im B\u00fcro mindern: Praktische Tipps und Ratschl\u00e4ge \u2b50","og_description":"L\u00e4rm im B\u00fcro kann Produktivit\u00e4t & Wohlbefinden beeintr\u00e4chtigen. \u27a4 Erfahren Sie, wie Sie die Ger\u00e4uschbelastung minimieren & Ihr Arbeitsumfeld verbessern.","og_url":"https:\/\/schultz.de\/ratgeber\/laerm-im-buero\/","og_site_name":"Schultz Ratgeber","article_publisher":"https:\/\/www.facebook.com\/schultz.de\/","article_published_time":"2023-09-26T12:49:24+00:00","article_modified_time":"2025-02-07T16:25:32+00:00","og_image":[{"width":1920,"height":960,"url":"https:\/\/schultz.de\/ratgeber\/wp-content\/uploads\/2023\/09\/2023-06-27_Coworking_Cam_3_Fullsize-.jpg","type":"image\/jpeg"}],"author":"Nicolas Schultz","schema":{"@context":"https:\/\/schema.org","@graph":[{"@type":"Article","@id":"https:\/\/schultz.de\/ratgeber\/laerm-im-buero\/#article","isPartOf":{"@id":"https:\/\/schultz.de\/ratgeber\/laerm-im-buero\/"},"author":{"name":"Nicolas Schultz","@id":"https:\/\/schultz.de\/ratgeber\/#\/schema\/person\/fd10318afcbad7472f446bdd3d2a0af4"},"headline":"L\u00e4rm im B\u00fcro: So senken Sie die Lautst\u00e4rke und sch\u00fctzen Ihre Gesundheit","datePublished":"2023-09-26T12:49:24+00:00","dateModified":"2025-02-07T16:25:32+00:00","mainEntityOfPage":{"@id":"https:\/\/schultz.de\/ratgeber\/laerm-im-buero\/"},"wordCount":14409,"commentCount":0,"publisher":{"@id":"https:\/\/schultz.de\/ratgeber\/#organization"},"image":{"@id":"https:\/\/schultz.de\/ratgeber\/laerm-im-buero\/#primaryimage"},"thumbnailUrl":"https:\/\/schultz.de\/ratgeber\/wp-content\/uploads\/2023\/09\/2023-06-27_Coworking_Cam_3_Fullsize-.webp","articleSection":["Ergonomie im B\u00fcro"],"inLanguage":"de","potentialAction":[{"@type":"CommentAction","name":"Comment","target":["https:\/\/schultz.de\/ratgeber\/laerm-im-buero\/#respond"]}]},{"@type":"WebPage","@id":"https:\/\/schultz.de\/ratgeber\/laerm-im-buero\/","url":"https:\/\/schultz.de\/ratgeber\/laerm-im-buero\/","name":"L\u00e4rm im B\u00fcro mindern: Praktische Tipps und Ratschl\u00e4ge \u2b50","isPartOf":{"@id":"https:\/\/schultz.de\/ratgeber\/#website"},"primaryImageOfPage":{"@id":"https:\/\/schultz.de\/ratgeber\/laerm-im-buero\/#primaryimage"},"image":{"@id":"https:\/\/schultz.de\/ratgeber\/laerm-im-buero\/#primaryimage"},"thumbnailUrl":"https:\/\/schultz.de\/ratgeber\/wp-content\/uploads\/2023\/09\/2023-06-27_Coworking_Cam_3_Fullsize-.webp","datePublished":"2023-09-26T12:49:24+00:00","dateModified":"2025-02-07T16:25:32+00:00","description":"L\u00e4rm im B\u00fcro kann Produktivit\u00e4t & Wohlbefinden beeintr\u00e4chtigen. \u27a4 Erfahren Sie, wie Sie die Ger\u00e4uschbelastung minimieren & Ihr Arbeitsumfeld verbessern.","breadcrumb":{"@id":"https:\/\/schultz.de\/ratgeber\/laerm-im-buero\/#breadcrumb"},"inLanguage":"de","potentialAction":[{"@type":"ReadAction","target":["https:\/\/schultz.de\/ratgeber\/laerm-im-buero\/"]}]},{"@type":"ImageObject","inLanguage":"de","@id":"https:\/\/schultz.de\/ratgeber\/laerm-im-buero\/#primaryimage","url":"https:\/\/schultz.de\/ratgeber\/wp-content\/uploads\/2023\/09\/2023-06-27_Coworking_Cam_3_Fullsize-.webp","contentUrl":"https:\/\/schultz.de\/ratgeber\/wp-content\/uploads\/2023\/09\/2023-06-27_Coworking_Cam_3_Fullsize-.webp","width":1920,"height":960,"caption":"Eine moderne Coworking-Space mit speziell eingerichteten Arbeitsbereichen und Ruhezonen, die zur L\u00e4rmreduktion beitragen."},{"@type":"BreadcrumbList","@id":"https:\/\/schultz.de\/ratgeber\/laerm-im-buero\/#breadcrumb","itemListElement":[{"@type":"ListItem","position":1,"name":"Home","item":"https:\/\/schultz.de\/ratgeber\/"},{"@type":"ListItem","position":2,"name":"L\u00e4rm im B\u00fcro: So senken Sie die Lautst\u00e4rke und sch\u00fctzen Ihre Gesundheit"}]},{"@type":"WebSite","@id":"https:\/\/schultz.de\/ratgeber\/#website","url":"https:\/\/schultz.de\/ratgeber\/","name":"SCHULTZ Ratgeber","description":"","publisher":{"@id":"https:\/\/schultz.de\/ratgeber\/#organization"},"potentialAction":[{"@type":"SearchAction","target":{"@type":"EntryPoint","urlTemplate":"https:\/\/schultz.de\/ratgeber\/?s={search_term_string}"},"query-input":{"@type":"PropertyValueSpecification","valueRequired":true,"valueName":"search_term_string"}}],"inLanguage":"de"},{"@type":"Organization","@id":"https:\/\/schultz.de\/ratgeber\/#organization","name":"SCHULTZ","url":"https:\/\/schultz.de\/ratgeber\/","logo":{"@type":"ImageObject","inLanguage":"de","@id":"https:\/\/schultz.de\/ratgeber\/#\/schema\/logo\/image\/","url":"","contentUrl":"","caption":"SCHULTZ"},"image":{"@id":"https:\/\/schultz.de\/ratgeber\/#\/schema\/logo\/image\/"},"sameAs":["https:\/\/www.facebook.com\/schultz.de\/","https:\/\/www.linkedin.com\/company\/schultz-moebel\/","https:\/\/www.instagram.com\/schultz_bueromoebel\/","https:\/\/www.youtube.com\/user\/SchultzEinrichtungen"]},{"@type":"Person","@id":"https:\/\/schultz.de\/ratgeber\/#\/schema\/person\/fd10318afcbad7472f446bdd3d2a0af4","name":"Nicolas Schultz","image":{"@type":"ImageObject","inLanguage":"de","@id":"https:\/\/schultz.de\/ratgeber\/#\/schema\/person\/image\/","url":"https:\/\/schultz.de\/ratgeber\/wp-content\/uploads\/2023\/03\/cropped-team5-white-square-96x96.png","contentUrl":"https:\/\/schultz.de\/ratgeber\/wp-content\/uploads\/2023\/03\/cropped-team5-white-square-96x96.png","caption":"Nicolas Schultz"},"description":"Gesch\u00e4ftsf\u00fchrer Durch seine Erfahrung und sein Fachwissen in der M\u00f6belbranche wei\u00df Nicolas, wie wichtig die richtige Ergonomie f\u00fcr die Gesundheit und Fitness der Menschen ist. Sein Ziel ist es, dass jeder Kunde gesund und fit bleibt und seine Arbeit oder sein Leben ohne Schmerzen und Beschwerden genie\u00dfen kann. Neben seiner Leidenschaft f\u00fcr die Arbeit als Gesch\u00e4ftsf\u00fchrer f\u00e4hrt er gerne mit dem Fahrrad durch den Wald und liebt es, neue Orte zu entdecken. Sein Interesse f\u00fcr das Reisen hat ihm wertvolle Einblicke in verschiedene Kulturen und Lebensweisen gegeben.","url":"https:\/\/schultz.de\/ratgeber\/author\/schultz-blog_admin\/"}]}},"_links":{"self":[{"href":"https:\/\/schultz.de\/ratgeber\/wp-json\/wp\/v2\/posts\/5249","targetHints":{"allow":["GET"]}}],"collection":[{"href":"https:\/\/schultz.de\/ratgeber\/wp-json\/wp\/v2\/posts"}],"about":[{"href":"https:\/\/schultz.de\/ratgeber\/wp-json\/wp\/v2\/types\/post"}],"author":[{"embeddable":true,"href":"https:\/\/schultz.de\/ratgeber\/wp-json\/wp\/v2\/users\/2"}],"replies":[{"embeddable":true,"href":"https:\/\/schultz.de\/ratgeber\/wp-json\/wp\/v2\/comments?post=5249"}],"version-history":[{"count":5,"href":"https:\/\/schultz.de\/ratgeber\/wp-json\/wp\/v2\/posts\/5249\/revisions"}],"predecessor-version":[{"id":9582,"href":"https:\/\/schultz.de\/ratgeber\/wp-json\/wp\/v2\/posts\/5249\/revisions\/9582"}],"wp:featuredmedia":[{"embeddable":true,"href":"https:\/\/schultz.de\/ratgeber\/wp-json\/wp\/v2\/media\/5627"}],"wp:attachment":[{"href":"https:\/\/schultz.de\/ratgeber\/wp-json\/wp\/v2\/media?parent=5249"}],"wp:term":[{"taxonomy":"category","embeddable":true,"href":"https:\/\/schultz.de\/ratgeber\/wp-json\/wp\/v2\/categories?post=5249"},{"taxonomy":"post_tag","embeddable":true,"href":"https:\/\/schultz.de\/ratgeber\/wp-json\/wp\/v2\/tags?post=5249"}],"curies":[{"name":"wp","href":"https:\/\/api.w.org\/{rel}","templated":true}]}}